{"id":17001,"date":"2024-06-07T15:14:38","date_gmt":"2024-06-07T19:14:38","guid":{"rendered":"https:\/\/mcq.org\/?post_type=presse&#038;p=17001"},"modified":"2024-06-12T10:22:30","modified_gmt":"2024-06-12T14:22:30","slug":"un-avant-gout-spectaculaire-de-gladiateurs-heros-du-colisee","status":"publish","type":"presse","link":"https:\/\/mcq.org\/en\/a-propos\/medias\/communiques\/un-avant-gout-spectaculaire-de-gladiateurs-heros-du-colisee\/","title":{"rendered":"Un avant-go\u00fbt spectaculaire de Gladiateurs\u00a0: H\u00e9ros du Colis\u00e9e"},"content":{"rendered":"<div  class=\"container contenu-centre\">\n  <div class=\"row justify-content-center\">\n    <div class=\"col-lg-10 col-xl-8\">\n      \n        \n\n<p>Le Mus\u00e9e de la civilisation offrira, d\u00e8s le 21 juin, une nouvelle grande exposition internationale qui propose un voyage dans le temps et une incursion in\u00e9dite dans le quotidien de ces combattants l\u00e9gendaires aux airs de demi-dieux : <a href=\"https:\/\/mcq.org\/decouvrir\/expositions\/gladiateurs-heros-du-colisee\/\"><em>Gladiateurs : H\u00e9ros du Colis\u00e9e<\/em><\/a>. Cette exposition est con\u00e7ue et r\u00e9alis\u00e9e par <a href=\"https:\/\/www.contemporaneaprogetti.it\/\" target=\"_blank\" rel=\"noopener\">Contemporanea Progetti<\/a> et <a href=\"https:\/\/www.expona.net\/home\/\" target=\"_blank\" rel=\"noopener\">Expona<\/a>, organis\u00e9e par la Dre Rossella Rea, arch\u00e9ologue et ancienne directrice du Colis\u00e9e de Rome, en collaboration avec la Dre Federica Rinaldi (<a href=\"https:\/\/colosseo.it\/\" target=\"_blank\" rel=\"noopener\">Parco Archeologico del Colosseo<\/a>, Rome), la Dre Sara Colantonio et la Dre Carlotta Caruso (<a href=\"https:\/\/museonazionaleromano.beniculturali.it\/\" target=\"_blank\" rel=\"noopener\">Museo Nazionale Romano<\/a>, Rome). <em>Gladiateurs : H\u00e9ros du Colis\u00e9e<\/em> est pr\u00e9sent\u00e9e au Mus\u00e9e de la civilisation avec un soutien financier de 500\u2009000 $ du <a href=\"https:\/\/www.quebec.ca\/\" target=\"_blank\" rel=\"noopener\">gouvernement du Qu\u00e9bec<\/a> et de la <a href=\"https:\/\/www.ville.quebec.qc.ca\/\" target=\"_blank\" rel=\"noopener\">Ville de Qu\u00e9bec<\/a>, dans le cadre de l\u2019Entente de d\u00e9veloppement culturel.<\/p>\n<p>Les pi\u00e8ces exceptionnelles qui composent cette exposition sont arriv\u00e9es au Qu\u00e9bec et leur installation se d\u00e9ploie actuellement en salle sous la supervision de membres des \u00e9quipes de conservation et de restauration du Mus\u00e9e de la civilisation et des mus\u00e9es pr\u00eateurs. Parmi ces \u00e9l\u00e9ments, on retrouve notamment la st\u00e8le fun\u00e9raire du gladiateur Urbicus, des cn\u00e9mides (jambi\u00e8res) en bronze d\u2019un thrace (un thrace est un type de gladiateur) et le casque d\u2019un mirmillon (le mirmillon est \u00e9galement un type de gladiateur).<\/p>\n<p><iframe style=\"border: none; overflow: hidden;\" src=\"https:\/\/www.facebook.com\/plugins\/post.php?href=https%3A%2F%2Fwww.facebook.com%2Fmcqorg%2Fposts%2Fpfbid0fFeTKeMYZVbfyppA3njJmhcn3D7XoH5mKcLaLZG2fNdXfCAB1imPE3zTVZVqnrMfl&amp;show_text=true&amp;width=500&amp;preview=comet_preview\" width=\"500\" height=\"812\" frameborder=\"0\" scrolling=\"no\" allowfullscreen=\"allowfullscreen\"><\/iframe><\/p>\n<p><strong>Casque d\u2019un mirmillon<\/strong> <br \/>Italie, Pomp\u00e9i, Caserne des gladiateurs, Bronze, Naples, <br \/>Museo Archeologico Nazionale<\/p>\n<p>Les gladiateurs mirmillons portaient un \u00e9quipement lourd comprenant un glaive et un bouclier large et rectangulaire. Leur nom d\u00e9rive probablement d\u2019un type de poisson qui d\u00e9corait parfois leur casque. Le relief sur cette cr\u00eate de casque d\u00e9peint des griffons \u00e0 qui des \u00c9rotes (dieux de l\u2019amour) offrent des boissons. Des plumes pouvaient \u00eatre ins\u00e9r\u00e9es dans des tubes fix\u00e9s sur les c\u00f4t\u00e9s de la cr\u00eate. On peut voir une t\u00eate de m\u00e9duse, un monstre mythologique avec des serpents en guise de cheveux, au-dessus de la visi\u00e8re. Plus haut, Mars Ultor, le dieu de la guerre, est repr\u00e9sent\u00e9 avec toute son armure<\/p>\n<p><strong>Cn\u00e9mides en bronze d\u2019un thrace<\/strong> <br \/>Italie, Pomp\u00e9i, Caserne des gladiateurs, 1er si\u00e8cle, Bronze, Naples, <br \/>Museo Archeologico Nazionale<\/p>\n<p>Jambi\u00e8res en bronze d\u2019un thrace richement d\u00e9cor\u00e9es sur diff\u00e9rents registres faisant allusion \u00e0 des th\u00e8mes bachiques. Sur le registre sup\u00e9rieur, on peut reconna\u00eetre des motifs v\u00e9g\u00e9taux : branches de laurier, feuilles de ch\u00eane et \u00e9pis de bl\u00e9\u2009; au genou, des masques bachiques et, sur les c\u00f4t\u00e9s, des t\u00eates de satyres et de faunes\u2009; sur le registre inf\u00e9rieur, des motifs v\u00e9g\u00e9taux et un aigle luttant avec un serpent ou tenant un li\u00e8vre dans ses serres. De nombreuses pi\u00e8ces d\u2019armure portaient des initiales inscrites comme celles-ci, o\u00f9 les lettres en pointill\u00e9 MCP et NER sont lisibles sur le devant. En r\u00e8gle g\u00e9n\u00e9rale, ces initiales indiquent l\u2019atelier qui a produit l\u2019objet ou le ludus pour lequel il a \u00e9t\u00e9 fabriqu\u00e9.<\/p>\n<p><strong>St\u00e8le fun\u00e9raire du secutor Urbicus<\/strong><br \/>Italie, Milan, 3e si\u00e8cle, Marbre, Milan, Parco dell\u2019Anfiteatro Romano e Antiquarium <br \/>\u00ab Alda Levi \u00bb<\/p>\n<p>La st\u00e8le repr\u00e9sente le secutor Urbicus, le bras lev\u00e9 en signe de victoire. Son habilet\u00e9 est attest\u00e9e par le titre de primus palus (en r\u00e9f\u00e9rence au poteau d\u2019entra\u00eenement) et par les \u00e9tapes de sa carri\u00e8re. Au cours de sa courte vie, puisqu\u2019il est mort \u00e0 seulement 22 ans, Urbicus a combattu 13 fois, dont la derni\u00e8re qui lui a \u00e9t\u00e9 fatale en raison d\u2019un destin tragique et injuste. Il a, en effet, \u00e9t\u00e9 tu\u00e9 par le gladiateur qu\u2019il venait de gracier. Outre sa femme et ses filles, dont l\u2019une n\u2019avait que 5 mois, tous ceux qui l\u2019admiraient ont \u00e9t\u00e9 appel\u00e9s \u00e0 venir le pleurer.<\/p>\n<p><strong>Faits saillants :<\/strong><\/p>\n<ul>\n<li>Parmi les 160 magnifiques pi\u00e8ces formant le corpus de l\u2019exposition, dont plusieurs proviennent des sites arch\u00e9ologiques de Paestum, de Pomp\u00e9i et du Colis\u00e9e de Rome, figurent :\n<ul>\n<li>des casques, des jambi\u00e8res, des armes\u2009;<\/li>\n<li>des instruments chirurgicaux li\u00e9s aux soins des blessures subies au combat\u2009;<\/li>\n<li>le portrait de certains empereurs romains ayant marqu\u00e9 l\u2019\u00e9volution de ce type de combat\u2009;<\/li>\n<li>des objets du quotidien (ustensiles, amphore, fioles d\u2019huile, lampes)\u2009;<\/li>\n<li>des pi\u00e8ces de monnaie \u00e0 l\u2019effigie de grands empereurs romains\u2009;<\/li>\n<li>des bijoux en or.<\/li>\n<\/ul>\n<\/li>\n<li>Le contenu de l\u2019exposition <em>Gladiateurs : H\u00e9ros du Colis\u00e9e<\/em> a \u00e9t\u00e9 \u00e9labor\u00e9 sous l\u2019\u00e9gide de l\u2019arch\u00e9ologue Rossella Rea, directrice du Colis\u00e9e de Rome entre 1995 et 2017.<\/li>\n<li>La firme italienne <a href=\"https:\/\/www.contemporaneaprogetti.it\/\" target=\"_blank\" rel=\"noopener\">CONTEMPORANEA PROGETTI<\/a> fait partie du circuit international de maisons de conception et de r\u00e9alisation d\u2019expositions itin\u00e9rantes tandis que l\u2019entreprise EXPONA en assure la diffusion au sein des plus grandes institutions mus\u00e9ales \u00e0 travers le monde.<\/li>\n<li>Depuis 2013, <em>Gladiateurs\u00a0: H\u00e9ros du Colis\u00e9e<\/em> a \u00e9t\u00e9 pr\u00e9sent\u00e9e en Allemagne, au Liechtenstein, en Finlande, en Belgique, au Danemark, en France, aux Pays-Bas, en Australie et aux \u00c9tats-Unis, attirant des milliers de personnes. En 2015, le Mus\u00e9e de la guerre, \u00e0 Ottawa, a pr\u00e9sent\u00e9 une version plus modeste de cette exposition. Depuis, le contenu s\u2019est particuli\u00e8rement enrichi.<\/li>\n<li>Les expositions internationales<em> Pomp\u00e9i. Cit\u00e9 immortelle<\/em> (2021-2022) et <em>Le temps des pharaons<\/em> (2022-2023) ont g\u00e9n\u00e9r\u00e9 de forts achalandages aux portes du Mus\u00e9e de la civilisation en plus de susciter un taux d\u2019appr\u00e9ciation respectivement de 90\u00a0% et 88\u00a0%.<\/li>\n<li><em>Gladiateurs : H\u00e9ros du Colis\u00e9e\u00a0<\/em>sera accessible du 21 juin 2024 et au 22 septembre 2024.<\/li>\n<\/ul>\n\n\n          <\/div>\n  <\/div>\n<\/div>","protected":false},"excerpt":{"rendered":"","protected":false},"featured_media":16999,"parent":0,"menu_order":0,"template":"","comm-tax":[8],"class_list":["post-17001","presse","type-presse","status-publish","has-post-thumbnail","hentry","comm-tax-communique"],"acf":[],"yoast_head":"<!-- This site is optimized with the Yoast SEO Premium plugin v27.3 (Yoast SEO v27.3) - https:\/\/yoast.com\/product\/yoast-seo-premium-wordpress\/ -->\n<title>Un avant-go\u00fbt spectaculaire de Gladiateurs\u00a0: H\u00e9ros du Colis\u00e9e - Communiqu\u00e9 de presse | Mus\u00e9e de la civilisation<\/title>\n<meta name=\"description\" content=\"Un avant-go\u00fbt spectaculaire de Gladiateurs\u00a0: H\u00e9ros du Colis\u00e9e- communiqu\u00e9 de presse du Mus\u00e9e de la civilisation \u00e0 Qu\u00e9bec.\" \/>\n<meta name=\"robots\" content=\"index, follow, max-snippet:-1, max-image-preview:large, max-video-preview:-1\" \/>\n<link rel=\"canonical\" href=\"https:\/\/mcq.org\/en\/a-propos\/medias\/communiques\/un-avant-gout-spectaculaire-de-gladiateurs-heros-du-colisee\/\" \/>\n<meta property=\"og:locale\" content=\"en_US\" \/>\n<meta property=\"og:type\" content=\"article\" \/>\n<meta property=\"og:title\" content=\"Un avant-go\u00fbt spectaculaire de Gladiateurs\u00a0: H\u00e9ros du Colis\u00e9e - Communiqu\u00e9 de presse | Mus\u00e9e de la civilisation\" \/>\n<meta property=\"og:description\" content=\"Un avant-go\u00fbt spectaculaire de Gladiateurs\u00a0: H\u00e9ros du Colis\u00e9e- communiqu\u00e9 de presse du Mus\u00e9e de la civilisation \u00e0 Qu\u00e9bec.\" \/>\n<meta property=\"og:url\" content=\"https:\/\/mcq.org\/en\/a-propos\/medias\/communiques\/un-avant-gout-spectaculaire-de-gladiateurs-heros-du-colisee\/\" \/>\n<meta property=\"og:site_name\" content=\"Mus\u00e9e de la civilisation\" \/>\n<meta property=\"article:publisher\" content=\"https:\/\/www.facebook.com\/mcqorg\" \/>\n<meta property=\"article:modified_time\" content=\"2024-06-12T14:22:30+00:00\" \/>\n<meta property=\"og:image\" content=\"https:\/\/mcq.org\/wp-content\/uploads\/2024\/06\/deballage-jambiere-bronze-gladiateurs.jpg\" \/>\n\t<meta property=\"og:image:width\" content=\"600\" \/>\n\t<meta property=\"og:image:height\" content=\"600\" \/>\n\t<meta property=\"og:image:type\" content=\"image\/jpeg\" \/>\n<meta name=\"twitter:card\" content=\"summary_large_image\" \/>\n<meta name=\"twitter:site\" content=\"@mcqorg\" \/>\n<meta name=\"twitter:label1\" content=\"Est. reading time\" \/>\n\t<meta name=\"twitter:data1\" content=\"5 minutes\" \/>\n<!-- \/ Yoast SEO Premium plugin. -->","yoast_head_json":{"title":"Un avant-go\u00fbt spectaculaire de Gladiateurs\u00a0: H\u00e9ros du Colis\u00e9e - Communiqu\u00e9 de presse | Mus\u00e9e de la civilisation","description":"Un avant-go\u00fbt spectaculaire de Gladiateurs\u00a0: H\u00e9ros du Colis\u00e9e- communiqu\u00e9 de presse du Mus\u00e9e de la civilisation \u00e0 Qu\u00e9bec.","robots":{"index":"index","follow":"follow","max-snippet":"max-snippet:-1","max-image-preview":"max-image-preview:large","max-video-preview":"max-video-preview:-1"},"canonical":"https:\/\/mcq.org\/en\/a-propos\/medias\/communiques\/un-avant-gout-spectaculaire-de-gladiateurs-heros-du-colisee\/","og_locale":"en_US","og_type":"article","og_title":"Un avant-go\u00fbt spectaculaire de Gladiateurs\u00a0: H\u00e9ros du Colis\u00e9e - Communiqu\u00e9 de presse | Mus\u00e9e de la civilisation","og_description":"Un avant-go\u00fbt spectaculaire de Gladiateurs\u00a0: H\u00e9ros du Colis\u00e9e- communiqu\u00e9 de presse du Mus\u00e9e de la civilisation \u00e0 Qu\u00e9bec.","og_url":"https:\/\/mcq.org\/en\/a-propos\/medias\/communiques\/un-avant-gout-spectaculaire-de-gladiateurs-heros-du-colisee\/","og_site_name":"Mus\u00e9e de la civilisation","article_publisher":"https:\/\/www.facebook.com\/mcqorg","article_modified_time":"2024-06-12T14:22:30+00:00","og_image":[{"width":600,"height":600,"url":"https:\/\/mcq.org\/wp-content\/uploads\/2024\/06\/deballage-jambiere-bronze-gladiateurs.jpg","type":"image\/jpeg"}],"twitter_card":"summary_large_image","twitter_site":"@mcqorg","twitter_misc":{"Est. reading time":"5 minutes"},"schema":{"@context":"https:\/\/schema.org","@graph":[{"@type":"WebPage","@id":"https:\/\/mcq.org\/en\/a-propos\/medias\/communiques\/un-avant-gout-spectaculaire-de-gladiateurs-heros-du-colisee\/","url":"https:\/\/mcq.org\/en\/a-propos\/medias\/communiques\/un-avant-gout-spectaculaire-de-gladiateurs-heros-du-colisee\/","name":"Un avant-go\u00fbt spectaculaire de Gladiateurs\u00a0: H\u00e9ros du Colis\u00e9e - Communiqu\u00e9 de presse | Mus\u00e9e de la civilisation","isPartOf":{"@id":"https:\/\/mcq.org\/en\/#website"},"primaryImageOfPage":{"@id":"https:\/\/mcq.org\/en\/a-propos\/medias\/communiques\/un-avant-gout-spectaculaire-de-gladiateurs-heros-du-colisee\/#primaryimage"},"image":{"@id":"https:\/\/mcq.org\/en\/a-propos\/medias\/communiques\/un-avant-gout-spectaculaire-de-gladiateurs-heros-du-colisee\/#primaryimage"},"thumbnailUrl":"https:\/\/mcq.org\/wp-content\/uploads\/2024\/06\/deballage-jambiere-bronze-gladiateurs.jpg","datePublished":"2024-06-07T19:14:38+00:00","dateModified":"2024-06-12T14:22:30+00:00","description":"Un avant-go\u00fbt spectaculaire de Gladiateurs\u00a0: H\u00e9ros du Colis\u00e9e- communiqu\u00e9 de presse du Mus\u00e9e de la civilisation \u00e0 Qu\u00e9bec.","breadcrumb":{"@id":"https:\/\/mcq.org\/en\/a-propos\/medias\/communiques\/un-avant-gout-spectaculaire-de-gladiateurs-heros-du-colisee\/#breadcrumb"},"inLanguage":"en-US","potentialAction":[{"@type":"ReadAction","target":["https:\/\/mcq.org\/en\/a-propos\/medias\/communiques\/un-avant-gout-spectaculaire-de-gladiateurs-heros-du-colisee\/"]}]},{"@type":"ImageObject","inLanguage":"en-US","@id":"https:\/\/mcq.org\/en\/a-propos\/medias\/communiques\/un-avant-gout-spectaculaire-de-gladiateurs-heros-du-colisee\/#primaryimage","url":"https:\/\/mcq.org\/wp-content\/uploads\/2024\/06\/deballage-jambiere-bronze-gladiateurs.jpg","contentUrl":"https:\/\/mcq.org\/wp-content\/uploads\/2024\/06\/deballage-jambiere-bronze-gladiateurs.jpg","width":600,"height":600,"caption":"Un femme aux cheveux roux portant des gants mauves est pench\u00e9e sur une jambi\u00e8re en bronze de gladiateur."},{"@type":"BreadcrumbList","@id":"https:\/\/mcq.org\/en\/a-propos\/medias\/communiques\/un-avant-gout-spectaculaire-de-gladiateurs-heros-du-colisee\/#breadcrumb","itemListElement":[{"@type":"ListItem","position":1,"name":"Home","item":"https:\/\/mcq.org\/en\/"},{"@type":"ListItem","position":2,"name":"Communiqu\u00e9s presse","item":"https:\/\/mcq.org\/en\/a-propos\/medias\/communiques\/"},{"@type":"ListItem","position":3,"name":"Un avant-go\u00fbt spectaculaire de Gladiateurs\u00a0: H\u00e9ros du Colis\u00e9e"}]},{"@type":"WebSite","@id":"https:\/\/mcq.org\/en\/#website","url":"https:\/\/mcq.org\/en\/","name":"Mus\u00e9e de la civilisation","description":"Le Mus\u00e9e de la civilisation explore les diff\u00e9rentes facettes de la r\u00e9alit\u00e9 humaine avec sa d\u00e9marche unique qui combine enchantement, connaissance et r\u00e9flexion.","publisher":{"@id":"https:\/\/mcq.org\/en\/#organization"},"alternateName":"MCQ","potentialAction":[{"@type":"SearchAction","target":{"@type":"EntryPoint","urlTemplate":"https:\/\/mcq.org\/en\/?s={search_term_string}"},"query-input":{"@type":"PropertyValueSpecification","valueRequired":true,"valueName":"search_term_string"}}],"inLanguage":"en-US"},{"@type":"Organization","@id":"https:\/\/mcq.org\/en\/#organization","name":"Mus\u00e9e de la civilisation","alternateName":"MCQ","url":"https:\/\/mcq.org\/en\/","logo":{"@type":"ImageObject","inLanguage":"en-US","@id":"https:\/\/mcq.org\/en\/#\/schema\/logo\/image\/","url":"https:\/\/mcq.org\/wp-content\/uploads\/2023\/04\/logo-mcq-300x123-1.png","contentUrl":"https:\/\/mcq.org\/wp-content\/uploads\/2023\/04\/logo-mcq-300x123-1.png","width":300,"height":123,"caption":"Mus\u00e9e de la civilisation"},"image":{"@id":"https:\/\/mcq.org\/en\/#\/schema\/logo\/image\/"},"sameAs":["https:\/\/www.facebook.com\/mcqorg","https:\/\/x.com\/mcqorg","https:\/\/www.instagram.com\/mcqorg\/","https:\/\/www.linkedin.com\/company\/mcqorg\/"]}]}},"_links":{"self":[{"href":"https:\/\/mcq.org\/en\/wp-json\/wp\/v2\/presse\/17001","targetHints":{"allow":["GET"]}}],"collection":[{"href":"https:\/\/mcq.org\/en\/wp-json\/wp\/v2\/presse"}],"about":[{"href":"https:\/\/mcq.org\/en\/wp-json\/wp\/v2\/types\/presse"}],"version-history":[{"count":2,"href":"https:\/\/mcq.org\/en\/wp-json\/wp\/v2\/presse\/17001\/revisions"}],"predecessor-version":[{"id":17060,"href":"https:\/\/mcq.org\/en\/wp-json\/wp\/v2\/presse\/17001\/revisions\/17060"}],"wp:featuredmedia":[{"embeddable":true,"href":"https:\/\/mcq.org\/en\/wp-json\/wp\/v2\/media\/16999"}],"wp:attachment":[{"href":"https:\/\/mcq.org\/en\/wp-json\/wp\/v2\/media?parent=17001"}],"wp:term":[{"taxonomy":"comm-tax","embeddable":true,"href":"https:\/\/mcq.org\/en\/wp-json\/wp\/v2\/comm-tax?post=17001"}],"curies":[{"name":"wp","href":"https:\/\/api.w.org\/{rel}","templated":true}]}}