{"id":16666,"date":"2024-05-29T10:07:34","date_gmt":"2024-05-29T14:07:34","guid":{"rendered":"https:\/\/mcq.org\/?post_type=presse&#038;p=16666"},"modified":"2024-06-06T10:47:09","modified_gmt":"2024-06-06T14:47:09","slug":"le-quebec-autrement-dit-une-exposition-de-reference-magistrale","status":"publish","type":"presse","link":"https:\/\/mcq.org\/en\/a-propos\/medias\/communiques\/le-quebec-autrement-dit-une-exposition-de-reference-magistrale\/","title":{"rendered":"Le Qu\u00e9bec, autrement dit une exposition de r\u00e9f\u00e9rence magistrale"},"content":{"rendered":"<div  class=\"container contenu-centre\">\n  <div class=\"row justify-content-center\">\n    <div class=\"col-lg-10 col-xl-8\">\n      \n        \n\n<p>Depuis des mill\u00e9naires, le territoire qui forme le Qu\u00e9bec est le th\u00e9\u00e2tre d\u2019innombrables rencontres\u00a0: entre individus, entre peuples, entre cultures. Riches, positifs ou difficiles, ces \u00e9changes ont fa\u00e7onn\u00e9, et fa\u00e7onnent toujours, le portrait de la soci\u00e9t\u00e9 actuelle au Qu\u00e9bec. Le Mus\u00e9e de la civilisation a choisi de faire de ces rencontres le fil conducteur de sa nouvelle exposition de r\u00e9f\u00e9rence sur le Qu\u00e9bec. Intitul\u00e9e <a href=\"http:\/\/mcq.org\/decouvrir\/expositions\/le-quebec-autrement-dit\/\"><em>Le Qu\u00e9bec, autrement dit<\/em><\/a>, cette exposition propose un autre regard sur des faits sociaux, politiques et culturels marquants tout en mettant en relief des enjeux contemporains auxquels la population qu\u00e9b\u00e9coise fait face. Une approche dynamique qui rallie le pass\u00e9 au pr\u00e9sent et qui fait r\u00e9fl\u00e9chir \u00e0 l\u2019avenir. <em>Une exposition con\u00e7ue et r\u00e9alis\u00e9e par le Mus\u00e9e de la civilisation avec le soutien financier du <a href=\"https:\/\/www.mcc.gouv.qc.ca\/\" target=\"_blank\" rel=\"noopener\">minist\u00e8re de la Culture et des Communications<\/a>. <\/em>Le Qu\u00e9bec, autrement dit<em>\u00a0est pr\u00e9sent\u00e9e en collaboration avec la <a href=\"https:\/\/www.capitale.gouv.qc.ca\/\" target=\"_blank\" rel=\"noopener\">Commission de la capitale nationale du Qu\u00e9bec<\/a> et <a href=\"https:\/\/www.alimentsduquebec.com\/\" target=\"_blank\" rel=\"noopener\">Aliments du Qu\u00e9bec<\/a>.<\/em>\u00a0<\/p>\n<p>Couvrant une superficie de pr\u00e8s de 1\u2009600\u00a0m<sup>2<\/sup>, soit la plus grande jamais consacr\u00e9e \u00e0 une seule exposition par l\u2019institution, le parcours est sc\u00e9nographi\u00e9 tel un grand parc urbain o\u00f9 se dressent six pavillons portant chacun sur un th\u00e8me sp\u00e9cifique\u00a0: <em>Habiter, Vivre, \u00c9changer, Partager, Revendiquer <\/em>et <em>Appartenir<\/em><em>. <\/em>Des verbes d\u2019action incarn\u00e9s tant par la richesse des contenus historiques, sociaux, culturels et politiques qu\u2019ils \u00e9voquent que par les quelque 1\u2009300\u00a0objets porteurs de r\u00e9cits et t\u00e9moins de rencontres d\u2019hier \u00e0 aujourd\u2019hui. Ils sont mis en valeur de fa\u00e7on traditionnelle, mais aussi de fa\u00e7on m\u00e9taphorique, voire po\u00e9tique, et appuy\u00e9s par du contenu num\u00e9rique favorisant l\u2019immersion du public \u00e0 l\u2019int\u00e9rieur d\u2019environnements \u00e9volutifs. Tout au long du parcours, la pr\u00e9sence des Autochtones est mise en exergue par des pi\u00e8ces significatives reli\u00e9es \u00e0 diff\u00e9rentes nations, par des \u0153uvres d\u2019art et par des r\u00e9cits oraux.<\/p>\n<h2 class=\"mt-60\">Citations<\/h2>\n<p>\u00ab\u2009Cette nouvelle exposition de r\u00e9f\u00e9rence sur le Qu\u00e9bec rev\u00eatait une aura particuli\u00e8re pour notre \u00e9quipe que ce soit dans son id\u00e9ation, sa conception ou sa r\u00e9alisation. On la voulait \u00e0 la fois in\u00e9dite, attirante, touchante et inclusive, dans une perspective de pr\u00e9sentation de dix \u00e0 quinze ans. Je vous confirme, hors de tout doute, qu\u2019elle poss\u00e8de toutes ces qualit\u00e9s en termes d\u2019informations, d\u2019objets de collection de toutes sortes, de dispositifs multim\u00e9dias et de design. Un d\u00e9fi colossal relev\u00e9 avec brio dont le r\u00e9sultat prouve que le Mus\u00e9e de la civilisation demeure un chef de file innovant \u00e0 tous \u00e9gards dans le secteur mus\u00e9al et culturel\u2009\u00bb <strong><em>St\u00e9phan La Roche, pr\u00e9sident-directeur g\u00e9n\u00e9ral du Mus\u00e9e de la civilisation <\/em><\/strong><\/p>\n<p><strong><em>\u00a0<\/em><\/strong><\/p>\n<p>\u00ab La participation de la CCNQ au d\u00e9ploiement de l\u2019exposition contribue \u00e0 la promotion d\u2019une importante activit\u00e9 \u00e0 caract\u00e8re historique pour la r\u00e9gion de la Capitale-Nationale. Il devenait tout naturel pour la CCNQ de s\u2019associer au Mus\u00e9e de la civilisation qui a d\u00e9velopp\u00e9, au cours des 35 derni\u00e8res ann\u00e9es, une expertise unique pour faire conna\u00eetre le Qu\u00e9bec de mani\u00e8re originale et innovante. \u00bb <strong><em>Marie Claire Ouellet, pr\u00e9sidente-directrice g\u00e9n\u00e9rale de la CCNQ<\/em><\/strong><\/p>\n<p>\u00ab\u2009Pour Aliments du Qu\u00e9bec, \u00eatre associ\u00e9 \u00e0 <em>Le Qu\u00e9bec, autrement dit <\/em>est un immense honneur, car l\u2019alimentation est pr\u00e9sente tout au long de l\u2019exposition. L\u2019\u00e2me de la table qu\u00e9b\u00e9coise, v\u00e9ritable lieu d\u2019\u00e9changes et de traditions, touchera le c\u0153ur des publics. La nourriture, th\u00e9matique rassembleuse par excellence, occupe une place centrale dans la soci\u00e9t\u00e9 qu\u00e9b\u00e9coise. Faire rayonner ce qui est cultiv\u00e9, transform\u00e9, cuisin\u00e9 et partag\u00e9 sur les tables d\u2019ici est au c\u0153ur de la mission d\u2019Aliments du Qu\u00e9bec. Avec ses logos pr\u00e9sents dans le frigo et le garde-manger des Qu\u00e9b\u00e9coises et des Qu\u00e9b\u00e9cois, notre OBNL fait partie du paysage depuis plus de 25\u00a0ans.\u2009\u00bb <strong><em>Isabelle Roy, directrice g\u00e9n\u00e9rale d\u2019Aliments du Qu\u00e9bec<\/em><\/strong><\/p>\n<h2 class=\"mt-60\">Faits saillants<\/h2>\n<h3 class=\"mt-30\">Pavillons<\/h3>\n<p><strong>Habiter\u00a0<\/strong><\/p>\n<p>Un territoire de 1\u202f667\u202f712\u202fkm<sup>2<\/sup> habit\u00e9, au fil des mill\u00e9naires, par diff\u00e9rents peuples qui se rencontrent au gr\u00e9 de leurs d\u00e9placements.<\/p>\n<p>Des Europ\u00e9ens l\u2019explorent, souhaitant s\u2019y installer, comme en t\u00e9moigne la premi\u00e8re tentative de colonisation fran\u00e7aise sur le promontoire du Cap-Rouge, en 1541. Un dispositif immersif plonge le public dans le segment <em>Le site arch\u00e9ologique Cartier-Roberval\u00a0: la rencontre de deux mondes, <\/em>pr\u00e9sent\u00e9 par la Commission de la capitale nationale du Qu\u00e9bec.<\/p>\n<p>Objets\u00a0:<\/p>\n<ul>\n<li>Objets arch\u00e9ologiques t\u00e9moins de la pr\u00e9sence mill\u00e9naire des Autochtones sur le territoire\u2009;<\/li>\n<li>Squelette de petit rorqual femelle et animaux naturalis\u00e9s\u2009;<\/li>\n<li>Pi\u00e8ces de bateau potentiellement attribuables \u00e0 la <em>Petite Hermine<\/em>, l\u2019un des trois navires de l\u2019exp\u00e9dition de Jacques Cartier, en 1535\u2009;<\/li>\n<li>Artefacts du 16<sup>e<\/sup> si\u00e8cle trouv\u00e9s sur le <a href=\"https:\/\/www.capitale.gouv.qc.ca\/sites-de-la-capitale\/sites\/site-archeologique-cartier-roberval\/\" target=\"_blank\" rel=\"noopener\">site arch\u00e9ologique Cartier-Roberval<\/a> (outils, boulet, pointe de fl\u00e8che, hame\u00e7on, bague, vaisselle, vase, cl\u00e9s).<\/li>\n<\/ul>\n<p><strong>Vivre\u00a0<\/strong><\/p>\n<p><em>G<\/em>r\u00e2ce \u00e0 un dispositif visuel immersif de paysages en 360 degr\u00e9s, dans lequel s\u2019encha\u00eenent les quatre saisons \u2013 cinq ou six selon la perspective autochtone \u2013 les modes de vie des habitants et habitantes du Qu\u00e9bec se laissent d\u00e9couvrir \u00e0 travers le floril\u00e8ge de la culture mat\u00e9rielle saisonni\u00e8re. Ce mode de vie rythme les rencontres entre voisins, \u00e9quipes sportives, f\u00eates calendaires, familles et amis.<\/p>\n<p>Objets\u00a0:<\/p>\n<ul>\n<li>\u00c9t\u00e9 : objets associ\u00e9s aux vacances estivales, balan\u00e7oire, gant de baseball, mat\u00e9riel de p\u00eache\u2009;<\/li>\n<li>Hiver : toboggan, patins, v\u00eatement de <em>Snowbird<\/em>, d\u00e9corations de No\u00ebl\u2009;<\/li>\n<li>Printemps\u00a0: outillage pour l\u2019ac\u00e9riculture\u2009;<\/li>\n<li>Automne\u00a0: maquette repr\u00e9sentant une famille innue allant \u00e0 la chasse en canot, objets associ\u00e9s \u00e0 la chasse, mat\u00e9riel scolaire.<\/li>\n<\/ul>\n<p><strong>\u00c9changer\u00a0<\/strong><\/p>\n<p>Des foires autochtones au d\u00e9panneur en passant par les usines et les entreprises, les rencontres se d\u00e9roulent en travaillant, en troquant, en n\u00e9gociant, en d\u00e9pensant.<\/p>\n<p>Objets\u00a0:<\/p>\n<ul>\n<li>Objets de troc\u2009;<\/li>\n<li>Monnaies \u00e0 l\u2019effigie des rois de France des 15<sup>e<\/sup> et 16<sup> e <\/sup>si\u00e8cles et monnaie de cartes\u2009;<\/li>\n<li>Roue de navire, outils forestiers\u2009;<\/li>\n<li>Machinerie d\u2019usine de textile et de chaussures\u2009;<\/li>\n<li>Corbillard d\u2019apparat de la donation C\u00e9cile et Robert L\u00e9pine\u2009;<\/li>\n<li>Marchandises vendues selon les \u00e9poques\u2009;<\/li>\n<li>\u0152uvre <em>Un monde \u00e0 raccommoder<\/em> de l\u2019artiste Josette Villeneuve, repr\u00e9sentant une mappemonde enti\u00e8rement con\u00e7ue d\u2019\u00e9tiquettes de v\u00eatements.<\/li>\n<\/ul>\n<p><strong>Partager\u00a0<\/strong><\/p>\n<p>Mutuelle, communautaire, caritative, publique ou \u00e9tatique, l\u2019aide refl\u00e8te l\u2019\u00e9volution des valeurs et les changements sociaux au Qu\u00e9bec. La maison est le refuge de la vie intime, familiale et collective. C\u2019est un lieu puissant d\u2019\u00e9changes, d\u2019entraide et de solidarit\u00e9 au Qu\u00e9bec, comme ailleurs.<\/p>\n<p>Objets :<\/p>\n<ul>\n<li>Objets li\u00e9s \u00e0 la mission d\u2019aide de diff\u00e9rentes communaut\u00e9s religieuses\u2009;<\/li>\n<li>Chaussons d\u2019enfants et lettres touchantes de parents laissant leur nourrisson aux soins des communaut\u00e9s religieuses\u2009;<\/li>\n<li>Tableau des pr\u00e9sences de Lauberivi\u00e8re\u2009;<\/li>\n<li>Habit de neige appartenant \u00e0 une petite immigrante vietnamienne\u2009;<\/li>\n<li>Mobilier de cuisine, de chambre, de salon.<\/li>\n<\/ul>\n<p><strong>Revendiquer\u00a0<\/strong><\/p>\n<p>Revendications autochtones, manifestations pour le droit de vote des femmes, le droit de gr\u00e8ve, toutes les revendications visent \u00e0 provoquer un changement dans la soci\u00e9t\u00e9, ou \u00e0 s\u2019y opposer. Pour y arriver, on utilise des moyens pacifistes, mais parfois le vandalisme et la d\u00e9sob\u00e9issance civile, voire le recours aux armes, s\u2019invitent au d\u00e9bat.<\/p>\n<p>Objets\u00a0:<\/p>\n<ul>\n<li>Projection immersive d\u2019images de manifestations\u2009;<\/li>\n<li>Calumet de paix, wampum\u2009;<\/li>\n<li>Carr\u00e9s rouges de la gr\u00e8ve \u00e9tudiante de 2012\u2009;<\/li>\n<li>Le manifeste<em> Refus global\u2009;<\/em><\/li>\n<li>Le gibet de la Corriveau\u2009;<\/li>\n<li>Plusieurs \u0153uvres d\u2019art engag\u00e9 d\u00e9non\u00e7ant le f\u00e9minicide de polytechnique, les pensionnats autochtones, la lutte des femmes autochtones, les enjeux environnementaux, les r\u00e9f\u00e9rendums.<\/li>\n<\/ul>\n<p><strong>Appartenir<\/strong>\u00a0<\/p>\n<p>Bien des gens n\u00e9s ici se reconnaissent dans l\u2019identit\u00e9 qu\u00e9b\u00e9coise ou canadienne, voire dans les deux, alors que d\u2019autres se d\u00e9finissent d\u2019abord comme membres des Premiers Peuples, ou comme citoyens du monde\u2009! L\u2019identit\u00e9 se construit sur une foule de facteurs (genre, famille, culture, quartier de r\u00e9sidence) et s\u2019inscrit toujours dans une p\u00e9riode et un contexte d\u00e9termin\u00e9s.<\/p>\n<p>Objets\u00a0:<\/p>\n<ul>\n<li>Chapeaux et couvre-chefs divers r\u00e9v\u00e9lant une identit\u00e9 (casque de construction, casque de pompier, voile de mari\u00e9e, chapeau de matelot)\u2009;<\/li>\n<li>Versions int\u00e9grales des publications d\u2019o\u00f9 sont tir\u00e9es les citations du <em>Lexique des appartenances\u2009<\/em><em>;<\/em><\/li>\n<li>Volumes ayant pour sujet l\u2019identit\u00e9 forment la biblioth\u00e8que des appartenances.<\/li>\n<\/ul>\n<p><em>Le lexique des appartenances<\/em> est une cr\u00e9ation con\u00e7ue \u00e0 partir d\u2019extraits de la litt\u00e9rature qu\u00e9b\u00e9coise et d\u00e9clin\u00e9e en 26 mots et en autant de citations \u00e9voquant des parcelles d\u2019identit\u00e9s et d\u2019appartenances. Par exemple\u00a0: A Appartenir &#8211; B B\u00e9b\u00e9s &#8211; C Choisir &#8211; L Langue &#8211; J Je &#8211; Y You.<\/p>\n<h3 class=\"mt-30\">Autour des pavillons<\/h3>\n<p><strong>La ligne du temps<\/strong><\/p>\n<p>Pr\u00e9sent\u00e9e comme le symbole de la rencontre et de l\u2019inclusion (<em style=\"font-size: revert; color: var(--bs-body-color); font-family: var(--mcq-font-sans-serif);\">donner place \u00e0 chacun)<\/em><span style=\"font-size: revert; color: var(--bs-body-color); font-family: var(--mcq-font-sans-serif);\">, la chaise est utilis\u00e9e sous diff\u00e9rentes formes et \u00e0 diverses \u00e9poques afin de ponctuer de fa\u00e7on originale des \u00e9v\u00e9nements marquants de la soci\u00e9t\u00e9 qu\u00e9b\u00e9coise. La premi\u00e8re est une cr\u00e9ation intemporelle de l\u2019artiste huron-wendat, Ludovic Boney.<\/span><\/p>\n<p><strong>Le tramway hippomobile gourmand<\/strong><\/p>\n<p>Gr\u00e2ce \u00e0 un \u00e9cran tactile, les lignes <em style=\"font-size: revert; color: var(--bs-body-color); font-family: var(--mcq-font-sans-serif);\">Dent sucr\u00e9e<\/em><span style=\"font-size: revert; color: var(--bs-body-color); font-family: var(--mcq-font-sans-serif);\">, <\/span><em style=\"font-size: revert; color: var(--bs-body-color); font-family: var(--mcq-font-sans-serif);\">Assis sur son steak, Avec un grain de sel <\/em><span style=\"font-size: revert; color: var(--bs-body-color); font-family: var(--mcq-font-sans-serif);\">et<\/span><em style=\"font-size: revert; color: var(--bs-body-color); font-family: var(--mcq-font-sans-serif);\"> Plein de soupe <\/em><span style=\"font-size: revert; color: var(--bs-body-color); font-family: var(--mcq-font-sans-serif);\">l\u00e8vent le voile sur les origines de plusieurs plats qui font partie du menu quotidien des familles qu\u00e9b\u00e9coises. Datant de 1860, ce tramway hippomobile a servi de casse-croute au milieu du 20<\/span><sup style=\"color: var(--bs-body-color); font-family: var(--mcq-font-sans-serif);\">e<\/sup><span style=\"font-size: revert; color: var(--bs-body-color); font-family: var(--mcq-font-sans-serif);\"> si\u00e8cle sur la route\u00a0132\u00a0Ouest, pr\u00e8s de Kamouraska.<\/span><\/p>\n<p><strong>Technologies utilis\u00e9es<\/strong><\/p>\n<ul>\n<li>Parmi les 1\u2009300\u00a0objets pr\u00e9sent\u00e9s, 900 d\u2019entre eux sont reli\u00e9s \u00e0 une vignette num\u00e9rique. Cette nouvelle fa\u00e7on de faire permet de donner davantage d\u2019informations sur la pi\u00e8ce.<\/li>\n<li>Au d\u00e9but du parcours, une borne <em>Quorum<\/em>, r\u00e9alis\u00e9e en collaboration avec la Chaire de leadership en enseignement des sciences sociales num\u00e9riques de l\u2019Universit\u00e9 Laval <em>(<\/em><a href=\"https:\/\/www.clessn.com\/\" target=\"_blank\" rel=\"noopener\">CLESSN<\/a><em>),<\/em> invite les gens \u00e0 se cr\u00e9er un profil afin de r\u00e9pondre \u00e0 des questions, au fil de leur visite, et ainsi d\u00e9couvrir diff\u00e9rentes perspectives sur le Qu\u00e9bec. \u00c0 la fin, leurs r\u00e9sultats sont analys\u00e9s (anonymement) et mis en contexte avec ceux des autres personnes ayant r\u00e9pondu. Une carte postale num\u00e9rique t\u00e9moigne de leur participation.<\/li>\n<li>Au sortir du pavillon <em>Habiter<\/em>, les grandes vagues de peuplement sur le territoire sont \u00e9voqu\u00e9es par une grande procession de personnages sculpt\u00e9s par des artistes d\u2019art populaire, mais, plus concr\u00e8tement, par deux grands dispositifs interactifs repr\u00e9sentants des cartes num\u00e9riques\u00a0: <em>Le Qu\u00e9bec peupl\u00e9<\/em>, qui parle d\u2019occupation et des migrations pass\u00e9es jusqu\u2019\u00e0 nos jours, et <em>Le Qu\u00e9bec nomm\u00e9<\/em> qui fait d\u00e9couvrir des centaines de toponymes sur le territoire, \u00e0 travers des filtres de recherche th\u00e9matiques plut\u00f4t inusit\u00e9s\u2009! Le contenu de ces deux cartes tactiles a \u00e9t\u00e9 \u00e9labor\u00e9 de concert avec le Laboratoire de cartographie du <a href=\"https:\/\/www.ffgg.ulaval.ca\/departements\/ggr\/\" target=\"_blank\" rel=\"noopener\">d\u00e9partement de g\u00e9ographie de l\u2019Universit\u00e9 Laval<\/a> et la <a href=\"https:\/\/toponymie.gouv.qc.ca\/ct\/accueil.aspx\" target=\"_blank\" rel=\"noopener\">Commission de toponymie du Qu\u00e9bec<\/a>.<\/li>\n<\/ul>\n<p><strong>Pour le jeune public et les familles<\/strong><\/p>\n<ul>\n<li>Comme dans tous les parcs, de curieux \u00e9cureuils se cachent. Pour mieux les trouver dans l\u2019exposition, il faut grimper les escaliers de la <strong>cabane dans l\u2019arbre<\/strong>.<\/li>\n<li><em>Le Fort d\u2019en haut<\/em>. \u00c0 la fin du segment <em>Le site arch\u00e9ologique Cartier-Roberval\u00a0: la rencontre de deux mondes<\/em>, une grande table interactive permet de tester les connaissances sur l\u2019\u00e9tablissement de la premi\u00e8re colonie fran\u00e7aise. De quoi avait-on besoin pour traverser l\u2019oc\u00e9an\u2009? Quels dangers attendaient les colons en mer\u2009? Comment r\u00e9ussir \u00e0 construire le fort avant l\u2019hiver\u2009? Et comment les Autochtones r\u00e9agissent-ils \u00e0 cette pr\u00e9sence\u2009? Des personnages historiques les accompagnent pour relever ces d\u00e9fis.<\/li>\n<\/ul>\n<p>Mise en valeur des soles associ\u00e9es aux vestiges\u00a0arch\u00e9ologiques de la rue Sainte-Ursule\u00a0\u00a0\u00a0\u00a0<br \/>Bien que cette d\u00e9couverte arch\u00e9ologique de 2018 soul\u00e8ve toujours des questions, elle permet de faire d\u00e9couvrir le minutieux travail des arch\u00e9ologues, celui des sp\u00e9cialistes en restauration ainsi que celui de diff\u00e9rentes disciplines historiques et scientifiques qui contribuent au d\u00e9veloppement des connaissances sur le patrimoine du Qu\u00e9bec et de Qu\u00e9bec.<\/p>\n<h3 class=\"mt-30\">Le design<\/h3>\n<p>La salle d\u2019exposition a retrouv\u00e9 son \u00e9clairage naturel d\u2019origine. Les panneaux de protection du plafond et des fen\u00eatres \u00e9tant retir\u00e9s, on appr\u00e9cie davantage l\u2019architecture du b\u00e2timent r\u00e9alis\u00e9e par Moshe Safdie. L\u2019\u00e9clairage suppl\u00e9mentaire est int\u00e9gr\u00e9 aux murs et aux vitrines afin de d\u00e9gager la vue du plafond. Le bois utilis\u00e9 provient du Qu\u00e9bec notamment celui de <em>la ligne du temps<\/em> faite d\u2019\u00e9l\u00e9ments structuraux d\u2019une grange de 1940. Dans le pavillon <em>Partager<\/em> a \u00e9t\u00e9 install\u00e9 un grand bouleau jaune, arbre embl\u00e9matique du Qu\u00e9bec.<\/p>\n<p><em>Le Qu\u00e9bec, autrement dit<\/em> a requis six\u00a0ans de travail \u00e0 l\u2019\u00e9quipe de projet qui, dans une d\u00e9marche inclusive, a men\u00e9 de nombreuses s\u00e9ances de consultation aupr\u00e8s de 200\u00a0partenaires parmi lesquels plusieurs faisaient partie de diff\u00e9rents comit\u00e9s, dont ceux portant sur la diversit\u00e9, l\u2019immigration et les nations autochtones pr\u00e9sentes au Qu\u00e9bec. Cette approche s\u2019est \u00e9galement refl\u00e9t\u00e9e dans la r\u00e9alisation de deux <em>Espaces Rencontres <\/em>pr\u00e9sent\u00e9s au cours des derni\u00e8res ann\u00e9es. Le premier portait sur l\u2019itin\u00e9rance (2020-2021) et le second sur l\u2019immigration (2021). Le Mus\u00e9e souhaitait donner la parole \u00e0 ces communaut\u00e9s moins visibles tout en sondant le public sur leur int\u00e9gration \u00e0 la nouvelle exposition de r\u00e9f\u00e9rence.<\/p>\n<p>Faire conna\u00eetre l\u2019\u00e9volution de la soci\u00e9t\u00e9 qu\u00e9b\u00e9coise est l\u2019un des mandats du Mus\u00e9e de la civilisation. <em>Le Qu\u00e9bec, autrement dit<\/em> est sa troisi\u00e8me\u00a0r\u00e9alisation de r\u00e9f\u00e9rence sur le sujet apr\u00e8s <a href=\"https:\/\/mcq.org\/decouvrir\/expositions\/le-temps-des-quebecois\/\"><em>Le temps des Qu\u00e9b\u00e9cois <\/em><\/a>(2004-2023) et <em>M\u00e9moires <\/em>(1988-2003).<\/p>\n<p style=\"text-align: center;\">\u201330 \u2013<\/p>\n\n\n          <\/div>\n  <\/div>\n<\/div>","protected":false},"excerpt":{"rendered":"","protected":false},"featured_media":16283,"parent":0,"menu_order":0,"template":"","comm-tax":[8],"class_list":["post-16666","presse","type-presse","status-publish","has-post-thumbnail","hentry","comm-tax-communique"],"acf":[],"yoast_head":"<!-- This site is optimized with the Yoast SEO Premium plugin v27.3 (Yoast SEO v27.3) - https:\/\/yoast.com\/product\/yoast-seo-premium-wordpress\/ -->\n<title>Le Qu\u00e9bec, autrement dit une exposition de r\u00e9f\u00e9rence magistrale - Communiqu\u00e9 de presse | Mus\u00e9e de la civilisation<\/title>\n<meta name=\"description\" content=\"Le Qu\u00e9bec, autrement dit une exposition de r\u00e9f\u00e9rence magistrale- communiqu\u00e9 de presse du Mus\u00e9e de la civilisation \u00e0 Qu\u00e9bec.\" \/>\n<meta name=\"robots\" content=\"index, follow, max-snippet:-1, max-image-preview:large, max-video-preview:-1\" \/>\n<link rel=\"canonical\" href=\"https:\/\/mcq.org\/en\/a-propos\/medias\/communiques\/le-quebec-autrement-dit-une-exposition-de-reference-magistrale\/\" \/>\n<meta property=\"og:locale\" content=\"en_US\" \/>\n<meta property=\"og:type\" content=\"article\" \/>\n<meta property=\"og:title\" content=\"Le Qu\u00e9bec, autrement dit une exposition de r\u00e9f\u00e9rence magistrale - Communiqu\u00e9 de presse | Mus\u00e9e de la civilisation\" \/>\n<meta property=\"og:description\" content=\"Le Qu\u00e9bec, autrement dit une exposition de r\u00e9f\u00e9rence magistrale- communiqu\u00e9 de presse du Mus\u00e9e de la civilisation \u00e0 Qu\u00e9bec.\" \/>\n<meta property=\"og:url\" content=\"https:\/\/mcq.org\/en\/a-propos\/medias\/communiques\/le-quebec-autrement-dit-une-exposition-de-reference-magistrale\/\" \/>\n<meta property=\"og:site_name\" content=\"Mus\u00e9e de la civilisation\" \/>\n<meta property=\"article:publisher\" content=\"https:\/\/www.facebook.com\/mcqorg\" \/>\n<meta property=\"article:modified_time\" content=\"2024-06-06T14:47:09+00:00\" \/>\n<meta property=\"og:image\" content=\"https:\/\/mcq.org\/wp-content\/uploads\/2024\/05\/quebec-autrement-dit-affiche.jpg\" \/>\n\t<meta property=\"og:image:width\" content=\"600\" \/>\n\t<meta property=\"og:image:height\" content=\"600\" \/>\n\t<meta property=\"og:image:type\" content=\"image\/jpeg\" \/>\n<meta name=\"twitter:card\" content=\"summary_large_image\" \/>\n<meta name=\"twitter:site\" content=\"@mcqorg\" \/>\n<meta name=\"twitter:label1\" content=\"Est. reading time\" \/>\n\t<meta name=\"twitter:data1\" content=\"11 minutes\" \/>\n<!-- \/ Yoast SEO Premium plugin. -->","yoast_head_json":{"title":"Le Qu\u00e9bec, autrement dit une exposition de r\u00e9f\u00e9rence magistrale - Communiqu\u00e9 de presse | Mus\u00e9e de la civilisation","description":"Le Qu\u00e9bec, autrement dit une exposition de r\u00e9f\u00e9rence magistrale- communiqu\u00e9 de presse du Mus\u00e9e de la civilisation \u00e0 Qu\u00e9bec.","robots":{"index":"index","follow":"follow","max-snippet":"max-snippet:-1","max-image-preview":"max-image-preview:large","max-video-preview":"max-video-preview:-1"},"canonical":"https:\/\/mcq.org\/en\/a-propos\/medias\/communiques\/le-quebec-autrement-dit-une-exposition-de-reference-magistrale\/","og_locale":"en_US","og_type":"article","og_title":"Le Qu\u00e9bec, autrement dit une exposition de r\u00e9f\u00e9rence magistrale - Communiqu\u00e9 de presse | Mus\u00e9e de la civilisation","og_description":"Le Qu\u00e9bec, autrement dit une exposition de r\u00e9f\u00e9rence magistrale- communiqu\u00e9 de presse du Mus\u00e9e de la civilisation \u00e0 Qu\u00e9bec.","og_url":"https:\/\/mcq.org\/en\/a-propos\/medias\/communiques\/le-quebec-autrement-dit-une-exposition-de-reference-magistrale\/","og_site_name":"Mus\u00e9e de la civilisation","article_publisher":"https:\/\/www.facebook.com\/mcqorg","article_modified_time":"2024-06-06T14:47:09+00:00","og_image":[{"width":600,"height":600,"url":"https:\/\/mcq.org\/wp-content\/uploads\/2024\/05\/quebec-autrement-dit-affiche.jpg","type":"image\/jpeg"}],"twitter_card":"summary_large_image","twitter_site":"@mcqorg","twitter_misc":{"Est. reading time":"11 minutes"},"schema":{"@context":"https:\/\/schema.org","@graph":[{"@type":"WebPage","@id":"https:\/\/mcq.org\/en\/a-propos\/medias\/communiques\/le-quebec-autrement-dit-une-exposition-de-reference-magistrale\/","url":"https:\/\/mcq.org\/en\/a-propos\/medias\/communiques\/le-quebec-autrement-dit-une-exposition-de-reference-magistrale\/","name":"Le Qu\u00e9bec, autrement dit une exposition de r\u00e9f\u00e9rence magistrale - Communiqu\u00e9 de presse | Mus\u00e9e de la civilisation","isPartOf":{"@id":"https:\/\/mcq.org\/en\/#website"},"primaryImageOfPage":{"@id":"https:\/\/mcq.org\/en\/a-propos\/medias\/communiques\/le-quebec-autrement-dit-une-exposition-de-reference-magistrale\/#primaryimage"},"image":{"@id":"https:\/\/mcq.org\/en\/a-propos\/medias\/communiques\/le-quebec-autrement-dit-une-exposition-de-reference-magistrale\/#primaryimage"},"thumbnailUrl":"https:\/\/mcq.org\/wp-content\/uploads\/2024\/05\/quebec-autrement-dit-affiche.jpg","datePublished":"2024-05-29T14:07:34+00:00","dateModified":"2024-06-06T14:47:09+00:00","description":"Le Qu\u00e9bec, autrement dit une exposition de r\u00e9f\u00e9rence magistrale- communiqu\u00e9 de presse du Mus\u00e9e de la civilisation \u00e0 Qu\u00e9bec.","breadcrumb":{"@id":"https:\/\/mcq.org\/en\/a-propos\/medias\/communiques\/le-quebec-autrement-dit-une-exposition-de-reference-magistrale\/#breadcrumb"},"inLanguage":"en-US","potentialAction":[{"@type":"ReadAction","target":["https:\/\/mcq.org\/en\/a-propos\/medias\/communiques\/le-quebec-autrement-dit-une-exposition-de-reference-magistrale\/"]}]},{"@type":"ImageObject","inLanguage":"en-US","@id":"https:\/\/mcq.org\/en\/a-propos\/medias\/communiques\/le-quebec-autrement-dit-une-exposition-de-reference-magistrale\/#primaryimage","url":"https:\/\/mcq.org\/wp-content\/uploads\/2024\/05\/quebec-autrement-dit-affiche.jpg","contentUrl":"https:\/\/mcq.org\/wp-content\/uploads\/2024\/05\/quebec-autrement-dit-affiche.jpg","width":600,"height":600,"caption":"Dessin dans les teintes de bleu d'un banc pos\u00e9 devant un lac o\u00f9 l'on voit au loin une cha\u00eene de montagnes sous un ciel \u00e9toil\u00e9e au couch\u00e9 du soleil"},{"@type":"BreadcrumbList","@id":"https:\/\/mcq.org\/en\/a-propos\/medias\/communiques\/le-quebec-autrement-dit-une-exposition-de-reference-magistrale\/#breadcrumb","itemListElement":[{"@type":"ListItem","position":1,"name":"Home","item":"https:\/\/mcq.org\/en\/"},{"@type":"ListItem","position":2,"name":"Communiqu\u00e9s presse","item":"https:\/\/mcq.org\/en\/a-propos\/medias\/communiques\/"},{"@type":"ListItem","position":3,"name":"Le Qu\u00e9bec, autrement dit une exposition de r\u00e9f\u00e9rence magistrale"}]},{"@type":"WebSite","@id":"https:\/\/mcq.org\/en\/#website","url":"https:\/\/mcq.org\/en\/","name":"Mus\u00e9e de la civilisation","description":"Le Mus\u00e9e de la civilisation explore les diff\u00e9rentes facettes de la r\u00e9alit\u00e9 humaine avec sa d\u00e9marche unique qui combine enchantement, connaissance et r\u00e9flexion.","publisher":{"@id":"https:\/\/mcq.org\/en\/#organization"},"alternateName":"MCQ","potentialAction":[{"@type":"SearchAction","target":{"@type":"EntryPoint","urlTemplate":"https:\/\/mcq.org\/en\/?s={search_term_string}"},"query-input":{"@type":"PropertyValueSpecification","valueRequired":true,"valueName":"search_term_string"}}],"inLanguage":"en-US"},{"@type":"Organization","@id":"https:\/\/mcq.org\/en\/#organization","name":"Mus\u00e9e de la civilisation","alternateName":"MCQ","url":"https:\/\/mcq.org\/en\/","logo":{"@type":"ImageObject","inLanguage":"en-US","@id":"https:\/\/mcq.org\/en\/#\/schema\/logo\/image\/","url":"https:\/\/mcq.org\/wp-content\/uploads\/2023\/04\/logo-mcq-300x123-1.png","contentUrl":"https:\/\/mcq.org\/wp-content\/uploads\/2023\/04\/logo-mcq-300x123-1.png","width":300,"height":123,"caption":"Mus\u00e9e de la civilisation"},"image":{"@id":"https:\/\/mcq.org\/en\/#\/schema\/logo\/image\/"},"sameAs":["https:\/\/www.facebook.com\/mcqorg","https:\/\/x.com\/mcqorg","https:\/\/www.instagram.com\/mcqorg\/","https:\/\/www.linkedin.com\/company\/mcqorg\/"]}]}},"_links":{"self":[{"href":"https:\/\/mcq.org\/en\/wp-json\/wp\/v2\/presse\/16666","targetHints":{"allow":["GET"]}}],"collection":[{"href":"https:\/\/mcq.org\/en\/wp-json\/wp\/v2\/presse"}],"about":[{"href":"https:\/\/mcq.org\/en\/wp-json\/wp\/v2\/types\/presse"}],"version-history":[{"count":7,"href":"https:\/\/mcq.org\/en\/wp-json\/wp\/v2\/presse\/16666\/revisions"}],"predecessor-version":[{"id":16966,"href":"https:\/\/mcq.org\/en\/wp-json\/wp\/v2\/presse\/16666\/revisions\/16966"}],"wp:featuredmedia":[{"embeddable":true,"href":"https:\/\/mcq.org\/en\/wp-json\/wp\/v2\/media\/16283"}],"wp:attachment":[{"href":"https:\/\/mcq.org\/en\/wp-json\/wp\/v2\/media?parent=16666"}],"wp:term":[{"taxonomy":"comm-tax","embeddable":true,"href":"https:\/\/mcq.org\/en\/wp-json\/wp\/v2\/comm-tax?post=16666"}],"curies":[{"name":"wp","href":"https:\/\/api.w.org\/{rel}","templated":true}]}}