{"id":16280,"date":"2024-05-10T07:00:00","date_gmt":"2024-05-10T11:00:00","guid":{"rendered":"https:\/\/mcq.org\/?post_type=presse&#038;p=16280"},"modified":"2024-06-06T10:48:00","modified_gmt":"2024-06-06T14:48:00","slug":"a-la-tete-du-musee-de-la-civilisation-pendant-pres-dune-decennie-stephan-la-roche-termine-son-mandat-avec-un-bilan-tres-positif","status":"publish","type":"presse","link":"https:\/\/mcq.org\/en\/a-propos\/medias\/communiques\/a-la-tete-du-musee-de-la-civilisation-pendant-pres-dune-decennie-stephan-la-roche-termine-son-mandat-avec-un-bilan-tres-positif\/","title":{"rendered":"\u00c0 la t\u00eate du Mus\u00e9e de la civilisation pendant pr\u00e8s d\u2019une d\u00e9cennie, St\u00e9phan La Roche termine son mandat avec un bilan tr\u00e8s positif"},"content":{"rendered":"\n<p><\/p>\n\n\n\n<p><\/p>\n\n\n<div  class=\"container contenu-centre\">\n  <div class=\"row justify-content-center\">\n    <div class=\"col-lg-10 col-xl-8\">\n      \n        \n\n<p>Arrivant presque au terme de son 2<sup>e<\/sup> mandat \u00e0 titre de pr\u00e9sident-directeur g\u00e9n\u00e9ral du Mus\u00e9e de la civilisation, St\u00e9phan La Roche dresse un bilan tr\u00e8s positif de ses neuf ann\u00e9es et annonce officiellement qu\u2019il ne sollicitera pas de renouvellement \u00e0 ces fonctions qu\u2019il occupe depuis 2015. Monsieur La Roche quittera son poste lorsque le processus de s\u00e9lection de la personne qui le remplacera sera d\u00fbment compl\u00e9t\u00e9 par le conseil d\u2019administration du Mus\u00e9e, soit d\u2019ici la fin de l\u2019ann\u00e9e 2024.<\/p>\n<p>Pendant pr\u00e8s d\u2019une d\u00e9cennie, St\u00e9phan La Roche a mis\u00e9 sur les forces intrins\u00e8ques qui ont fait la renomm\u00e9e du Mus\u00e9e de la civilisation tout en accordant une large place aux id\u00e9es nouvelles et \u00e0 l\u2019innovation. Une vision qui a port\u00e9 fruit et qui se refl\u00e8te \u00e0 travers son bilan plus que positif mettant en lumi\u00e8re des expositions \u00ab\u00a0maison\u00a0\u00bb in\u00e9dites telles <em>\u00d4 merde! <\/em>et <em>Unique en son genre, <\/em>la pr\u00e9sentation d\u2019expositions internationales d\u2019une qualit\u00e9 exceptionnelle, le renouvellement de l\u2019atelier de costumes en une v\u00e9ritable maison pour les enfants, sans oublier une programmation de m\u00e9diation culturelle et \u00e9ducative enrichissante et l\u2019int\u00e9gration du num\u00e9rique, sous diff\u00e9rentes formes, \u00e0 l\u2019exp\u00e9rience mus\u00e9ale. Des choix judicieux qui ont eu une forte incidence sur le taux de fr\u00e9quentation ainsi que les revenus de billetterie qui, au sortir de la pand\u00e9mie en 2022-2023, se sont av\u00e9r\u00e9s \u00eatre les meilleurs depuis 35 ans. Rappelons que St\u00e9phan La Roche est derri\u00e8re la pr\u00e9sentation de<em> Herg\u00e9 \u00e0 Qu\u00e9bec<\/em>, en 2017, et que cette exposition d\u00e9tient toujours le record de fr\u00e9quentation de l\u2019histoire du Mus\u00e9e.<\/p>\n<h3>Citations<\/h3>\n<p>\u00ab\u00a0Je suis de ceux qui croient qu\u2019une organisation doit sans cesse se renouveler pour rester \u00e0 l\u2019avant-garde et demeurer attractive. Au cours de mes deux mandats, j\u2019ai \u0153uvr\u00e9 quotidiennement \u00e0 ce que le Mus\u00e9e maintienne son titre de chef de file dans la mus\u00e9ologie contemporaine, sur les sc\u00e8nes nationale et internationale tout en le rendant populaire et accessible au plus grand nombre. Pour ce faire, j\u2019ai b\u00e9n\u00e9fici\u00e9 du soutien ind\u00e9fectible du conseil d\u2019administration et de l\u2019appui de pr\u00e9cieux partenaires ainsi que de la cr\u00e9ativit\u00e9 d\u00e9bordante et du professionnalisme de tous les membres du personnel du Mus\u00e9e. Si aujourd\u2019hui j\u2019ai le sentiment d\u2019avoir donn\u00e9 le meilleur de moi-m\u00eame, c\u2019est en grande partie gr\u00e2ce \u00e0 toutes ces personnes et je leur en suis fort reconnaissant.\u00a0\u00bb <em>St\u00e9phan La Roche, <\/em><em>pr\u00e9sident-directeur g\u00e9n\u00e9ral du Mus\u00e9e de la civilisation<\/em><\/p>\n<p><em>\u00ab\u00a0<\/em>\u00c0 bien des \u00e9gards, on se souviendra du passage de St\u00e9phan La Roche \u00e0 la pr\u00e9sidence-direction g\u00e9n\u00e9rale du Mus\u00e9e de la civilisation. Certainement en raison de ses grandes qualit\u00e9s de gestionnaire, comme en t\u00e9moigne l\u2019augmentation des revenus autonomes, mais \u00e9galement de sa vision audacieuse qu\u2019il a su transmettre \u00e0 l\u2019ensemble de son \u00e9quipe, rassembl\u00e9e autour de projets parfois surprenants mais toujours pertinents.\u00a0\u00bb <em>Michel Dallaire, pr\u00e9sident du conseil d\u2019administration du Mus\u00e9e de la civilisation<\/em><\/p>\n<h3>Faits saillants<\/h3>\n<ul>\n<li>D\u00e8s son entr\u00e9e en fonction, St\u00e9phan La Roche a souhait\u00e9 faire du Mus\u00e9e de la civilisation une v\u00e9ritable Maison du Monde\u00a0:<\/li>\n<\/ul>\n<p>POUR le monde\u00a0: populaire et accessible par le biais d\u2019une programmation diversifi\u00e9e r\u00e9pondant aux besoins des diff\u00e9rents publics. Mentionnons\u00a0: <em>Comme chiens et chats <\/em>(2016)<em>, Herg\u00e9 \u00e0 Qu\u00e9bec <\/em>(2017), <em>La t\u00eate dans le nuage <\/em>(2019), <em>Venenum, Curiosit\u00e9s du monde naturel <\/em>et <em>Broue <\/em>(2019),<em> Histoires de p\u00eache <\/em>(2020), <em>Maya, \u00d4 merde! et Pomp\u00e9i. Cit\u00e9 immortelle <\/em>(2021)<em>, Ma maison<\/em>, <em>Ren\u00e9 et L\u00e9vesque, Le temps des pharaons <\/em>(2022),<em> Pour demain, Unique en son genre, <\/em>et<em> Sur paroles. Le son du rap queb<\/em> <em>(<\/em>2023), et <em>Lutte. Le Qu\u00e9bec dans l\u2019ar\u00e8ne <\/em>(2024).<\/p>\n<p>La programmation d\u2019expositions pour les prochaines ann\u00e9es compte d\u00e9j\u00e0 :<em> Gladiateurs\u00a0: H\u00e9ros du Colis\u00e9e <\/em>et <em>Foules <\/em>(2024)<em>, Titanic, l\u2019exposition, Trouver refuge <\/em>et <em>La Machine <\/em>(2025),<em> Le Plaisir <\/em>(2026).<\/p>\n<p>St\u00e9phan La Roche a veill\u00e9 au renouvellement de l\u2019exposition de r\u00e9f\u00e9rence sur le Qu\u00e9bec, <em>Le Qu\u00e9bec, autrement dit<\/em>, qui ouvrira ses portes \u00e0 la fin du mois de mai et entamera, d\u00e8s l\u2019automne, celui de l\u2019exposition de r\u00e9f\u00e9rence consacr\u00e9e aux 11 nations autochtones pr\u00e9sentes au Qu\u00e9bec, <em>C\u2019est notre histoire. Premi\u00e8res nations et Inuit du 21<sup>e<\/sup> si\u00e8cle<\/em>.<\/p>\n<p>OUVERTE sur le monde\u00a0: en plus de la pr\u00e9sentation de grandes expositions internationales, St\u00e9phan\u00a0La Roche a tiss\u00e9 des liens \u00e9troits avec la Cit\u00e9 des Sciences et de l\u2019Industrie de Paris, avec la Villette (Paris) pour l\u2019int\u00e9gration des collections du Mus\u00e9e de la civilisation au r\u00e9seau mondial des Micro-folies, avec le Centre des monuments nationaux de France par une contribution au projet de Cit\u00e9 internationale de la langue fran\u00e7aise au ch\u00e2teau de Villers-Cotter\u00eats.<\/p>\n<p>ANCR\u00c9E dans son monde\u00a0: par la cr\u00e9ation du laboratoire de cr\u00e9ativit\u00e9 num\u00e9rique, le <em>MLab Creaform, <\/em>qui a marqu\u00e9 les esprits pendant plus de cinq ans; par la mise en place d\u2019une politique en mati\u00e8re d\u2019\u00e9quit\u00e9, de diversit\u00e9 et d\u2019inclusion (EDI); d\u2019une politique \u00e0 l\u2019\u00e9gard des peuples autochtones et son cadre de collaboration; d\u2019une politique de gratuit\u00e9 d\u00e9di\u00e9e \u00e0 divers groupes communautaires et par l\u2019\u00e9laboration de nombreuses activit\u00e9s de m\u00e9diation culturelle d\u00e9di\u00e9e \u00e0 diff\u00e9rentes communaut\u00e9s. Un autre exemple probant est nul doute l\u2019ouverture, en 2023, de <em>Voie Libre<\/em>, un vaste espace collectif permettant le dialogue et les \u00e9changes d\u2019id\u00e9es en plus d\u2019accueillir divers projets issus de la collectivit\u00e9 et de nouer des partenariats.<\/p>\n<p>Entre 2015 et 2023, les collections se sont enrichies de nombreux objets significatifs pour la m\u00e9moire collective gr\u00e2ce \u00e0 de grandes donations, dont celles de C\u00e9line et Robert L\u00e9pine, de la succession de R\u00e9jean Ducharme, du V\u00e9lo Fant\u00f4me et du Mus\u00e9e Gr\u00e9vin de Montr\u00e9al.<\/p>\n<p>Finalement, des projets fort stimulants, d\u00e9j\u00e0 engag\u00e9s, verront le jour au cours des prochaines ann\u00e9es. C\u2019est le cas de la mise en place de la Cit\u00e9 du S\u00e9minaire de Qu\u00e9bec, par la transformation du pavillon Camille-Roy, gr\u00e2ce au projet d\u2019implantation du nouveau Mus\u00e9e national de l\u2019histoire du Qu\u00e9bec, ainsi que par la cr\u00e9ation de la Maison des Sciences sur ce m\u00eame site historique. Des projets phares porteurs et rassembleurs, tant pour l\u2019\u00e9quipe du Mus\u00e9e que pour la collectivit\u00e9.<\/p>\n<h3>St\u00e9phan La Roche<\/h3>\n<p>Avocat de formation et gestionnaire culturel, St\u00e9phan La Roche poss\u00e8de une vaste connaissance du milieu des arts et des lettres ainsi que des enjeux li\u00e9s aussi bien \u00e0 son d\u00e9veloppement qu\u2019\u00e0 son rayonnement. Son ouverture d\u2019esprit, dot\u00e9e d\u2019une v\u00e9ritable passion pour la culture, caract\u00e9rise sa personnalit\u00e9 de gestionnaire forg\u00e9e au fil des nombreux d\u00e9fis qu\u2019il a su relever au cours de sa fulgurante carri\u00e8re au sein de prestigieux organismes culturels dont le Conseil des Arts et des lettres du Qu\u00e9bec, la SODEC, la D\u00e9l\u00e9gation g\u00e9n\u00e9rale du Qu\u00e9bec \u00e0 Paris et le Palais Montcalm. Membre du conseil d\u2019administration de l\u2019Universit\u00e9 Laval d\u2019avril 2018 \u00e0 f\u00e9vrier 2024, il a \u00e9t\u00e9 fait chevalier des Arts et des Lettres par le gouvernement fran\u00e7ais, en mai 2017.<\/p>\n<p style=\"text-align: center;\">\u2013 30 \u2013<\/p>\n\n\n          <\/div>\n  <\/div>\n<\/div>","protected":false},"excerpt":{"rendered":"","protected":false},"featured_media":16285,"parent":0,"menu_order":0,"template":"","comm-tax":[8],"class_list":["post-16280","presse","type-presse","status-publish","has-post-thumbnail","hentry","comm-tax-communique"],"acf":[],"yoast_head":"<!-- This site is optimized with the Yoast SEO Premium plugin v27.3 (Yoast SEO v27.3) - https:\/\/yoast.com\/product\/yoast-seo-premium-wordpress\/ -->\n<title>\u00c0 la t\u00eate du Mus\u00e9e de la civilisation pendant pr\u00e8s d\u2019une d\u00e9cennie, St\u00e9phan La Roche termine son mandat avec un bilan tr\u00e8s positif - Communiqu\u00e9 de presse | Mus\u00e9e de la civilisation<\/title>\n<meta name=\"description\" content=\"\u00c0 la t\u00eate du Mus\u00e9e de la civilisation pendant pr\u00e8s d\u2019une d\u00e9cennie, St\u00e9phan La Roche termine son mandat avec un bilan tr\u00e8s positif- communiqu\u00e9 de presse du Mus\u00e9e de la civilisation \u00e0 Qu\u00e9bec.\" \/>\n<meta name=\"robots\" content=\"index, follow, max-snippet:-1, max-image-preview:large, max-video-preview:-1\" \/>\n<link rel=\"canonical\" href=\"https:\/\/mcq.org\/en\/a-propos\/medias\/communiques\/a-la-tete-du-musee-de-la-civilisation-pendant-pres-dune-decennie-stephan-la-roche-termine-son-mandat-avec-un-bilan-tres-positif\/\" \/>\n<meta property=\"og:locale\" content=\"en_US\" \/>\n<meta property=\"og:type\" content=\"article\" \/>\n<meta property=\"og:title\" content=\"\u00c0 la t\u00eate du Mus\u00e9e de la civilisation pendant pr\u00e8s d\u2019une d\u00e9cennie, St\u00e9phan La Roche termine son mandat avec un bilan tr\u00e8s positif - Communiqu\u00e9 de presse | Mus\u00e9e de la civilisation\" \/>\n<meta property=\"og:description\" content=\"\u00c0 la t\u00eate du Mus\u00e9e de la civilisation pendant pr\u00e8s d\u2019une d\u00e9cennie, St\u00e9phan La Roche termine son mandat avec un bilan tr\u00e8s positif- communiqu\u00e9 de presse du Mus\u00e9e de la civilisation \u00e0 Qu\u00e9bec.\" \/>\n<meta property=\"og:url\" content=\"https:\/\/mcq.org\/en\/a-propos\/medias\/communiques\/a-la-tete-du-musee-de-la-civilisation-pendant-pres-dune-decennie-stephan-la-roche-termine-son-mandat-avec-un-bilan-tres-positif\/\" \/>\n<meta property=\"og:site_name\" content=\"Mus\u00e9e de la civilisation\" \/>\n<meta property=\"article:publisher\" content=\"https:\/\/www.facebook.com\/mcqorg\" \/>\n<meta property=\"article:modified_time\" content=\"2024-06-06T14:48:00+00:00\" \/>\n<meta property=\"og:image\" content=\"https:\/\/mcq.org\/wp-content\/uploads\/2024\/05\/stephan-laroche-fin-mandat.jpg\" \/>\n\t<meta property=\"og:image:width\" content=\"600\" \/>\n\t<meta property=\"og:image:height\" content=\"600\" \/>\n\t<meta property=\"og:image:type\" content=\"image\/jpeg\" \/>\n<meta name=\"twitter:card\" content=\"summary_large_image\" \/>\n<meta name=\"twitter:site\" content=\"@mcqorg\" \/>\n<meta name=\"twitter:label1\" content=\"Est. reading time\" \/>\n\t<meta name=\"twitter:data1\" content=\"6 minutes\" \/>\n<!-- \/ Yoast SEO Premium plugin. -->","yoast_head_json":{"title":"\u00c0 la t\u00eate du Mus\u00e9e de la civilisation pendant pr\u00e8s d\u2019une d\u00e9cennie, St\u00e9phan La Roche termine son mandat avec un bilan tr\u00e8s positif - Communiqu\u00e9 de presse | Mus\u00e9e de la civilisation","description":"\u00c0 la t\u00eate du Mus\u00e9e de la civilisation pendant pr\u00e8s d\u2019une d\u00e9cennie, St\u00e9phan La Roche termine son mandat avec un bilan tr\u00e8s positif- communiqu\u00e9 de presse du Mus\u00e9e de la civilisation \u00e0 Qu\u00e9bec.","robots":{"index":"index","follow":"follow","max-snippet":"max-snippet:-1","max-image-preview":"max-image-preview:large","max-video-preview":"max-video-preview:-1"},"canonical":"https:\/\/mcq.org\/en\/a-propos\/medias\/communiques\/a-la-tete-du-musee-de-la-civilisation-pendant-pres-dune-decennie-stephan-la-roche-termine-son-mandat-avec-un-bilan-tres-positif\/","og_locale":"en_US","og_type":"article","og_title":"\u00c0 la t\u00eate du Mus\u00e9e de la civilisation pendant pr\u00e8s d\u2019une d\u00e9cennie, St\u00e9phan La Roche termine son mandat avec un bilan tr\u00e8s positif - Communiqu\u00e9 de presse | Mus\u00e9e de la civilisation","og_description":"\u00c0 la t\u00eate du Mus\u00e9e de la civilisation pendant pr\u00e8s d\u2019une d\u00e9cennie, St\u00e9phan La Roche termine son mandat avec un bilan tr\u00e8s positif- communiqu\u00e9 de presse du Mus\u00e9e de la civilisation \u00e0 Qu\u00e9bec.","og_url":"https:\/\/mcq.org\/en\/a-propos\/medias\/communiques\/a-la-tete-du-musee-de-la-civilisation-pendant-pres-dune-decennie-stephan-la-roche-termine-son-mandat-avec-un-bilan-tres-positif\/","og_site_name":"Mus\u00e9e de la civilisation","article_publisher":"https:\/\/www.facebook.com\/mcqorg","article_modified_time":"2024-06-06T14:48:00+00:00","og_image":[{"width":600,"height":600,"url":"https:\/\/mcq.org\/wp-content\/uploads\/2024\/05\/stephan-laroche-fin-mandat.jpg","type":"image\/jpeg"}],"twitter_card":"summary_large_image","twitter_site":"@mcqorg","twitter_misc":{"Est. reading time":"6 minutes"},"schema":{"@context":"https:\/\/schema.org","@graph":[{"@type":"WebPage","@id":"https:\/\/mcq.org\/en\/a-propos\/medias\/communiques\/a-la-tete-du-musee-de-la-civilisation-pendant-pres-dune-decennie-stephan-la-roche-termine-son-mandat-avec-un-bilan-tres-positif\/","url":"https:\/\/mcq.org\/en\/a-propos\/medias\/communiques\/a-la-tete-du-musee-de-la-civilisation-pendant-pres-dune-decennie-stephan-la-roche-termine-son-mandat-avec-un-bilan-tres-positif\/","name":"\u00c0 la t\u00eate du Mus\u00e9e de la civilisation pendant pr\u00e8s d\u2019une d\u00e9cennie, St\u00e9phan La Roche termine son mandat avec un bilan tr\u00e8s positif - Communiqu\u00e9 de presse | Mus\u00e9e de la civilisation","isPartOf":{"@id":"https:\/\/mcq.org\/en\/#website"},"primaryImageOfPage":{"@id":"https:\/\/mcq.org\/en\/a-propos\/medias\/communiques\/a-la-tete-du-musee-de-la-civilisation-pendant-pres-dune-decennie-stephan-la-roche-termine-son-mandat-avec-un-bilan-tres-positif\/#primaryimage"},"image":{"@id":"https:\/\/mcq.org\/en\/a-propos\/medias\/communiques\/a-la-tete-du-musee-de-la-civilisation-pendant-pres-dune-decennie-stephan-la-roche-termine-son-mandat-avec-un-bilan-tres-positif\/#primaryimage"},"thumbnailUrl":"https:\/\/mcq.org\/wp-content\/uploads\/2024\/05\/stephan-laroche-fin-mandat.jpg","datePublished":"2024-05-10T11:00:00+00:00","dateModified":"2024-06-06T14:48:00+00:00","description":"\u00c0 la t\u00eate du Mus\u00e9e de la civilisation pendant pr\u00e8s d\u2019une d\u00e9cennie, St\u00e9phan La Roche termine son mandat avec un bilan tr\u00e8s positif- communiqu\u00e9 de presse du Mus\u00e9e de la civilisation \u00e0 Qu\u00e9bec.","breadcrumb":{"@id":"https:\/\/mcq.org\/en\/a-propos\/medias\/communiques\/a-la-tete-du-musee-de-la-civilisation-pendant-pres-dune-decennie-stephan-la-roche-termine-son-mandat-avec-un-bilan-tres-positif\/#breadcrumb"},"inLanguage":"en-US","potentialAction":[{"@type":"ReadAction","target":["https:\/\/mcq.org\/en\/a-propos\/medias\/communiques\/a-la-tete-du-musee-de-la-civilisation-pendant-pres-dune-decennie-stephan-la-roche-termine-son-mandat-avec-un-bilan-tres-positif\/"]}]},{"@type":"ImageObject","inLanguage":"en-US","@id":"https:\/\/mcq.org\/en\/a-propos\/medias\/communiques\/a-la-tete-du-musee-de-la-civilisation-pendant-pres-dune-decennie-stephan-la-roche-termine-son-mandat-avec-un-bilan-tres-positif\/#primaryimage","url":"https:\/\/mcq.org\/wp-content\/uploads\/2024\/05\/stephan-laroche-fin-mandat.jpg","contentUrl":"https:\/\/mcq.org\/wp-content\/uploads\/2024\/05\/stephan-laroche-fin-mandat.jpg","width":600,"height":600,"caption":"St\u00e9phan La Roche, pr\u00e9sident directeur g\u00e9n\u00e9ral du Mus\u00e9e pose dans le Hall du Mus\u00e9e"},{"@type":"BreadcrumbList","@id":"https:\/\/mcq.org\/en\/a-propos\/medias\/communiques\/a-la-tete-du-musee-de-la-civilisation-pendant-pres-dune-decennie-stephan-la-roche-termine-son-mandat-avec-un-bilan-tres-positif\/#breadcrumb","itemListElement":[{"@type":"ListItem","position":1,"name":"Home","item":"https:\/\/mcq.org\/en\/"},{"@type":"ListItem","position":2,"name":"Communiqu\u00e9s presse","item":"https:\/\/mcq.org\/en\/a-propos\/medias\/communiques\/"},{"@type":"ListItem","position":3,"name":"\u00c0 la t\u00eate du Mus\u00e9e de la civilisation pendant pr\u00e8s d\u2019une d\u00e9cennie, St\u00e9phan La Roche termine son mandat avec un bilan tr\u00e8s positif"}]},{"@type":"WebSite","@id":"https:\/\/mcq.org\/en\/#website","url":"https:\/\/mcq.org\/en\/","name":"Mus\u00e9e de la civilisation","description":"Le Mus\u00e9e de la civilisation explore les diff\u00e9rentes facettes de la r\u00e9alit\u00e9 humaine avec sa d\u00e9marche unique qui combine enchantement, connaissance et r\u00e9flexion.","publisher":{"@id":"https:\/\/mcq.org\/en\/#organization"},"alternateName":"MCQ","potentialAction":[{"@type":"SearchAction","target":{"@type":"EntryPoint","urlTemplate":"https:\/\/mcq.org\/en\/?s={search_term_string}"},"query-input":{"@type":"PropertyValueSpecification","valueRequired":true,"valueName":"search_term_string"}}],"inLanguage":"en-US"},{"@type":"Organization","@id":"https:\/\/mcq.org\/en\/#organization","name":"Mus\u00e9e de la civilisation","alternateName":"MCQ","url":"https:\/\/mcq.org\/en\/","logo":{"@type":"ImageObject","inLanguage":"en-US","@id":"https:\/\/mcq.org\/en\/#\/schema\/logo\/image\/","url":"https:\/\/mcq.org\/wp-content\/uploads\/2023\/04\/logo-mcq-300x123-1.png","contentUrl":"https:\/\/mcq.org\/wp-content\/uploads\/2023\/04\/logo-mcq-300x123-1.png","width":300,"height":123,"caption":"Mus\u00e9e de la civilisation"},"image":{"@id":"https:\/\/mcq.org\/en\/#\/schema\/logo\/image\/"},"sameAs":["https:\/\/www.facebook.com\/mcqorg","https:\/\/x.com\/mcqorg","https:\/\/www.instagram.com\/mcqorg\/","https:\/\/www.linkedin.com\/company\/mcqorg\/"]}]}},"_links":{"self":[{"href":"https:\/\/mcq.org\/en\/wp-json\/wp\/v2\/presse\/16280","targetHints":{"allow":["GET"]}}],"collection":[{"href":"https:\/\/mcq.org\/en\/wp-json\/wp\/v2\/presse"}],"about":[{"href":"https:\/\/mcq.org\/en\/wp-json\/wp\/v2\/types\/presse"}],"version-history":[{"count":5,"href":"https:\/\/mcq.org\/en\/wp-json\/wp\/v2\/presse\/16280\/revisions"}],"predecessor-version":[{"id":16968,"href":"https:\/\/mcq.org\/en\/wp-json\/wp\/v2\/presse\/16280\/revisions\/16968"}],"wp:featuredmedia":[{"embeddable":true,"href":"https:\/\/mcq.org\/en\/wp-json\/wp\/v2\/media\/16285"}],"wp:attachment":[{"href":"https:\/\/mcq.org\/en\/wp-json\/wp\/v2\/media?parent=16280"}],"wp:term":[{"taxonomy":"comm-tax","embeddable":true,"href":"https:\/\/mcq.org\/en\/wp-json\/wp\/v2\/comm-tax?post=16280"}],"curies":[{"name":"wp","href":"https:\/\/api.w.org\/{rel}","templated":true}]}}