{"id":16083,"date":"2024-05-03T08:30:00","date_gmt":"2024-05-03T12:30:00","guid":{"rendered":"https:\/\/mcq.org\/?post_type=presse&#038;p=16083"},"modified":"2024-06-06T10:48:22","modified_gmt":"2024-06-06T14:48:22","slug":"le-barreau-du-quebec-175-ans-dengagement-une-vitrine-exposition-a-decouvrir-au-musee-de-la-civilisation","status":"publish","type":"presse","link":"https:\/\/mcq.org\/en\/a-propos\/medias\/communiques\/le-barreau-du-quebec-175-ans-dengagement-une-vitrine-exposition-a-decouvrir-au-musee-de-la-civilisation\/","title":{"rendered":"Le Barreau du Qu\u00e9bec, 175\u00a0ans d\u2019engagement\u00a0: une vitrine-exposition \u00e0 d\u00e9couvrir au Mus\u00e9e de la civilisation"},"content":{"rendered":"<div  class=\"container contenu-centre\">\n  <div class=\"row justify-content-center\">\n    <div class=\"col-lg-10 col-xl-8\">\n      \n        \n\n<p>Afin de mettre en valeur le travail des membres du Barreau du Qu\u00e9bec depuis la cr\u00e9ation de l\u2019ordre professionnel en 1849, le Mus\u00e9e de la civilisation, en partenariat avec le <a href=\"https:\/\/barreaudequebec.ca\/\" target=\"_blank\" rel=\"noopener\">Barreau de Qu\u00e9bec<\/a> et le soutien du <a href=\"https:\/\/www.quebec.ca\/gouvernement\/ministere\/justice\" target=\"_blank\" rel=\"noopener\">minist\u00e8re de la Justice du Qu\u00e9bec<\/a> et du <a href=\"https:\/\/www.barreau.qc.ca\/fr\/\" target=\"_blank\" rel=\"noopener\">Barreau du Qu\u00e9bec<\/a>, a con\u00e7u et r\u00e9alis\u00e9 <em>Le Barreau du Qu\u00e9bec, 175\u00a0ans d\u2019engagement<\/em>, une vitrine-exposition qui permet de mieux conna\u00eetre le mod\u00e8le qu\u00e9b\u00e9cois de la pratique du droit et constater l\u2019engagement des avocates et des avocats envers le public.<\/p>\n<p>Soulignant le 175<sup>e<\/sup>\u00a0anniversaire du Barreau du Qu\u00e9bec, cette exposition invite le public \u00e0 d\u00e9couvrir le travail de ses membres et le contexte historique dans lequel prend place sa fondation depuis l\u2019Acte de Qu\u00e9bec et la reconnaissance des droits civils d\u2019inspiration fran\u00e7aise.<\/p>\n<p>Cette vitrine-exposition, pr\u00e9sent\u00e9e du 2\u00a0mai au 29\u00a0septembre 2024, fait notamment r\u00e9f\u00e9rence aux origines lointaines de la profession et interpelle le public en questionnant les diff\u00e9rentes repr\u00e9sentations et perceptions de la population sur le m\u00e9tier d\u2019avocat et d\u2019avocate, posant la question\u00a0: mais qu\u2019en est-il vraiment de cette profession, au-del\u00e0 des st\u00e9r\u00e9otypes\u2009?<\/p>\n<p>On y pr\u00e9sente les \u00e9l\u00e9ments principaux qui font r\u00e9f\u00e9rence \u00e0 l\u2019imagerie populaire du monde juridique, les origines de la profession, son \u00e9volution et sa modernisation (acc\u00e8s \u00e0 la justice, d\u00e9veloppement du droit de la famille, arriv\u00e9e des femmes dans la pratique du droit, etc.), en quoi certaines repr\u00e9sentations sont erron\u00e9es (perruque, marteau), en plus de d\u00e9mystifier certains concepts, termes et objets associ\u00e9s \u00e0 l\u2019univers juridique. Surtout, on y constate \u00e0 quel point cette profession porte une dimension sociale incontournable et que sa propre histoire t\u00e9moigne de notre histoire collective et des valeurs que nous partageons en tant que collectivit\u00e9.<\/p>\n<p><strong>Citations\u00a0<\/strong><\/p>\n<p>\u00ab\u2009Cette exposition permet de rendre hommage \u00e0 celles et \u00e0 ceux qui ont contribu\u00e9 \u00e0 faire \u00e9voluer et \u00e0 transformer la justice au fil du temps. Les visiteurs pourront d\u00e9couvrir des moments marquants de l\u2019histoire de notre justice qu\u00e9b\u00e9coise de tradition civiliste. Nous sommes heureux d\u2019avoir contribu\u00e9 financi\u00e8rement \u00e0 cette exposition qui souligne l\u2019engagement des membres du Barreau du Qu\u00e9bec envers les citoyennes et les citoyens ainsi que leur contribution \u00e0 rendre la justice plus humaine et plus accessible au quotidien.\u2009\u00bb <strong><em>Simon Jolin-Barrette, ministre de la Justice <\/em><\/strong><\/p>\n<p>\u00ab\u2009La pratique du droit, au-del\u00e0 de la profession, t\u00e9moigne d\u2019aspects importants de notre soci\u00e9t\u00e9, de ses valeurs et de son \u00e9volution. Pour le Mus\u00e9e de la civilisation, un tel sujet pr\u00e9sente une opportunit\u00e9 de d\u00e9mystifier cet univers et d\u2019emmener les visiteurs \u00e0 poser un regard diff\u00e9rent et attentif sur cette institution, mais aussi sur les personnes qui en font partie et qui contribuent \u00e0 l\u2019avancement de la soci\u00e9t\u00e9, depuis 175\u00a0ans.\u2009\u00bb <strong><em>St\u00e9phan La Roche, pr\u00e9sident-directeur g\u00e9n\u00e9ral du Mus\u00e9e de la civilisation<\/em><\/strong><\/p>\n<p><strong><em>\u00a0<\/em><\/strong><\/p>\n<p style=\"text-align: center;\">-30-<\/p>\n\n\n          <\/div>\n  <\/div>\n<\/div>","protected":false},"excerpt":{"rendered":"","protected":false},"featured_media":16084,"parent":0,"menu_order":0,"template":"","comm-tax":[8],"class_list":["post-16083","presse","type-presse","status-publish","has-post-thumbnail","hentry","comm-tax-communique"],"acf":[],"yoast_head":"<!-- This site is optimized with the Yoast SEO Premium plugin v27.3 (Yoast SEO v27.3) - https:\/\/yoast.com\/product\/yoast-seo-premium-wordpress\/ -->\n<title>Le Barreau du Qu\u00e9bec, 175\u00a0ans d\u2019engagement\u00a0: une vitrine-exposition \u00e0 d\u00e9couvrir au Mus\u00e9e de la civilisation - Communiqu\u00e9 de presse | Mus\u00e9e de la civilisation<\/title>\n<meta name=\"description\" content=\"Le Barreau du Qu\u00e9bec, 175\u00a0ans d\u2019engagement\u00a0: une vitrine-exposition \u00e0 d\u00e9couvrir au Mus\u00e9e de la civilisation- communiqu\u00e9 de presse du Mus\u00e9e de la civilisation \u00e0 Qu\u00e9bec.\" \/>\n<meta name=\"robots\" content=\"index, follow, max-snippet:-1, max-image-preview:large, max-video-preview:-1\" \/>\n<link rel=\"canonical\" href=\"https:\/\/mcq.org\/en\/a-propos\/medias\/communiques\/le-barreau-du-quebec-175-ans-dengagement-une-vitrine-exposition-a-decouvrir-au-musee-de-la-civilisation\/\" \/>\n<meta property=\"og:locale\" content=\"en_US\" \/>\n<meta property=\"og:type\" content=\"article\" \/>\n<meta property=\"og:title\" content=\"Le Barreau du Qu\u00e9bec, 175\u00a0ans d\u2019engagement\u00a0: une vitrine-exposition \u00e0 d\u00e9couvrir au Mus\u00e9e de la civilisation - Communiqu\u00e9 de presse | Mus\u00e9e de la civilisation\" \/>\n<meta property=\"og:description\" content=\"Le Barreau du Qu\u00e9bec, 175\u00a0ans d\u2019engagement\u00a0: une vitrine-exposition \u00e0 d\u00e9couvrir au Mus\u00e9e de la civilisation- communiqu\u00e9 de presse du Mus\u00e9e de la civilisation \u00e0 Qu\u00e9bec.\" \/>\n<meta property=\"og:url\" content=\"https:\/\/mcq.org\/en\/a-propos\/medias\/communiques\/le-barreau-du-quebec-175-ans-dengagement-une-vitrine-exposition-a-decouvrir-au-musee-de-la-civilisation\/\" \/>\n<meta property=\"og:site_name\" content=\"Mus\u00e9e de la civilisation\" \/>\n<meta property=\"article:publisher\" content=\"https:\/\/www.facebook.com\/mcqorg\" \/>\n<meta property=\"article:modified_time\" content=\"2024-06-06T14:48:22+00:00\" \/>\n<meta property=\"og:image\" content=\"https:\/\/mcq.org\/wp-content\/uploads\/2024\/05\/presse-vitrine-barreau-175.jpg\" \/>\n\t<meta property=\"og:image:width\" content=\"1224\" \/>\n\t<meta property=\"og:image:height\" content=\"1224\" \/>\n\t<meta property=\"og:image:type\" content=\"image\/jpeg\" \/>\n<meta name=\"twitter:card\" content=\"summary_large_image\" \/>\n<meta name=\"twitter:site\" content=\"@mcqorg\" \/>\n<meta name=\"twitter:label1\" content=\"Est. reading time\" \/>\n\t<meta name=\"twitter:data1\" content=\"3 minutes\" \/>\n<!-- \/ Yoast SEO Premium plugin. -->","yoast_head_json":{"title":"Le Barreau du Qu\u00e9bec, 175\u00a0ans d\u2019engagement\u00a0: une vitrine-exposition \u00e0 d\u00e9couvrir au Mus\u00e9e de la civilisation - Communiqu\u00e9 de presse | Mus\u00e9e de la civilisation","description":"Le Barreau du Qu\u00e9bec, 175\u00a0ans d\u2019engagement\u00a0: une vitrine-exposition \u00e0 d\u00e9couvrir au Mus\u00e9e de la civilisation- communiqu\u00e9 de presse du Mus\u00e9e de la civilisation \u00e0 Qu\u00e9bec.","robots":{"index":"index","follow":"follow","max-snippet":"max-snippet:-1","max-image-preview":"max-image-preview:large","max-video-preview":"max-video-preview:-1"},"canonical":"https:\/\/mcq.org\/en\/a-propos\/medias\/communiques\/le-barreau-du-quebec-175-ans-dengagement-une-vitrine-exposition-a-decouvrir-au-musee-de-la-civilisation\/","og_locale":"en_US","og_type":"article","og_title":"Le Barreau du Qu\u00e9bec, 175\u00a0ans d\u2019engagement\u00a0: une vitrine-exposition \u00e0 d\u00e9couvrir au Mus\u00e9e de la civilisation - Communiqu\u00e9 de presse | Mus\u00e9e de la civilisation","og_description":"Le Barreau du Qu\u00e9bec, 175\u00a0ans d\u2019engagement\u00a0: une vitrine-exposition \u00e0 d\u00e9couvrir au Mus\u00e9e de la civilisation- communiqu\u00e9 de presse du Mus\u00e9e de la civilisation \u00e0 Qu\u00e9bec.","og_url":"https:\/\/mcq.org\/en\/a-propos\/medias\/communiques\/le-barreau-du-quebec-175-ans-dengagement-une-vitrine-exposition-a-decouvrir-au-musee-de-la-civilisation\/","og_site_name":"Mus\u00e9e de la civilisation","article_publisher":"https:\/\/www.facebook.com\/mcqorg","article_modified_time":"2024-06-06T14:48:22+00:00","og_image":[{"width":1224,"height":1224,"url":"https:\/\/mcq.org\/wp-content\/uploads\/2024\/05\/presse-vitrine-barreau-175.jpg","type":"image\/jpeg"}],"twitter_card":"summary_large_image","twitter_site":"@mcqorg","twitter_misc":{"Est. reading time":"3 minutes"},"schema":{"@context":"https:\/\/schema.org","@graph":[{"@type":"WebPage","@id":"https:\/\/mcq.org\/en\/a-propos\/medias\/communiques\/le-barreau-du-quebec-175-ans-dengagement-une-vitrine-exposition-a-decouvrir-au-musee-de-la-civilisation\/","url":"https:\/\/mcq.org\/en\/a-propos\/medias\/communiques\/le-barreau-du-quebec-175-ans-dengagement-une-vitrine-exposition-a-decouvrir-au-musee-de-la-civilisation\/","name":"Le Barreau du Qu\u00e9bec, 175\u00a0ans d\u2019engagement\u00a0: une vitrine-exposition \u00e0 d\u00e9couvrir au Mus\u00e9e de la civilisation - Communiqu\u00e9 de presse | Mus\u00e9e de la civilisation","isPartOf":{"@id":"https:\/\/mcq.org\/en\/#website"},"primaryImageOfPage":{"@id":"https:\/\/mcq.org\/en\/a-propos\/medias\/communiques\/le-barreau-du-quebec-175-ans-dengagement-une-vitrine-exposition-a-decouvrir-au-musee-de-la-civilisation\/#primaryimage"},"image":{"@id":"https:\/\/mcq.org\/en\/a-propos\/medias\/communiques\/le-barreau-du-quebec-175-ans-dengagement-une-vitrine-exposition-a-decouvrir-au-musee-de-la-civilisation\/#primaryimage"},"thumbnailUrl":"https:\/\/mcq.org\/wp-content\/uploads\/2024\/05\/presse-vitrine-barreau-175.jpg","datePublished":"2024-05-03T12:30:00+00:00","dateModified":"2024-06-06T14:48:22+00:00","description":"Le Barreau du Qu\u00e9bec, 175\u00a0ans d\u2019engagement\u00a0: une vitrine-exposition \u00e0 d\u00e9couvrir au Mus\u00e9e de la civilisation- communiqu\u00e9 de presse du Mus\u00e9e de la civilisation \u00e0 Qu\u00e9bec.","breadcrumb":{"@id":"https:\/\/mcq.org\/en\/a-propos\/medias\/communiques\/le-barreau-du-quebec-175-ans-dengagement-une-vitrine-exposition-a-decouvrir-au-musee-de-la-civilisation\/#breadcrumb"},"inLanguage":"en-US","potentialAction":[{"@type":"ReadAction","target":["https:\/\/mcq.org\/en\/a-propos\/medias\/communiques\/le-barreau-du-quebec-175-ans-dengagement-une-vitrine-exposition-a-decouvrir-au-musee-de-la-civilisation\/"]}]},{"@type":"ImageObject","inLanguage":"en-US","@id":"https:\/\/mcq.org\/en\/a-propos\/medias\/communiques\/le-barreau-du-quebec-175-ans-dengagement-une-vitrine-exposition-a-decouvrir-au-musee-de-la-civilisation\/#primaryimage","url":"https:\/\/mcq.org\/wp-content\/uploads\/2024\/05\/presse-vitrine-barreau-175.jpg","contentUrl":"https:\/\/mcq.org\/wp-content\/uploads\/2024\/05\/presse-vitrine-barreau-175.jpg","width":1224,"height":1224,"caption":"Balance \u00e0 cha\u00eenes en m\u00e9tal dor\u00e9 sur un fond bleu"},{"@type":"BreadcrumbList","@id":"https:\/\/mcq.org\/en\/a-propos\/medias\/communiques\/le-barreau-du-quebec-175-ans-dengagement-une-vitrine-exposition-a-decouvrir-au-musee-de-la-civilisation\/#breadcrumb","itemListElement":[{"@type":"ListItem","position":1,"name":"Home","item":"https:\/\/mcq.org\/en\/"},{"@type":"ListItem","position":2,"name":"Communiqu\u00e9s presse","item":"https:\/\/mcq.org\/en\/a-propos\/medias\/communiques\/"},{"@type":"ListItem","position":3,"name":"Le Barreau du Qu\u00e9bec, 175\u00a0ans d\u2019engagement\u00a0: une vitrine-exposition \u00e0 d\u00e9couvrir au Mus\u00e9e de la civilisation"}]},{"@type":"WebSite","@id":"https:\/\/mcq.org\/en\/#website","url":"https:\/\/mcq.org\/en\/","name":"Mus\u00e9e de la civilisation","description":"Le Mus\u00e9e de la civilisation explore les diff\u00e9rentes facettes de la r\u00e9alit\u00e9 humaine avec sa d\u00e9marche unique qui combine enchantement, connaissance et r\u00e9flexion.","publisher":{"@id":"https:\/\/mcq.org\/en\/#organization"},"alternateName":"MCQ","potentialAction":[{"@type":"SearchAction","target":{"@type":"EntryPoint","urlTemplate":"https:\/\/mcq.org\/en\/?s={search_term_string}"},"query-input":{"@type":"PropertyValueSpecification","valueRequired":true,"valueName":"search_term_string"}}],"inLanguage":"en-US"},{"@type":"Organization","@id":"https:\/\/mcq.org\/en\/#organization","name":"Mus\u00e9e de la civilisation","alternateName":"MCQ","url":"https:\/\/mcq.org\/en\/","logo":{"@type":"ImageObject","inLanguage":"en-US","@id":"https:\/\/mcq.org\/en\/#\/schema\/logo\/image\/","url":"https:\/\/mcq.org\/wp-content\/uploads\/2023\/04\/logo-mcq-300x123-1.png","contentUrl":"https:\/\/mcq.org\/wp-content\/uploads\/2023\/04\/logo-mcq-300x123-1.png","width":300,"height":123,"caption":"Mus\u00e9e de la civilisation"},"image":{"@id":"https:\/\/mcq.org\/en\/#\/schema\/logo\/image\/"},"sameAs":["https:\/\/www.facebook.com\/mcqorg","https:\/\/x.com\/mcqorg","https:\/\/www.instagram.com\/mcqorg\/","https:\/\/www.linkedin.com\/company\/mcqorg\/"]}]}},"_links":{"self":[{"href":"https:\/\/mcq.org\/en\/wp-json\/wp\/v2\/presse\/16083","targetHints":{"allow":["GET"]}}],"collection":[{"href":"https:\/\/mcq.org\/en\/wp-json\/wp\/v2\/presse"}],"about":[{"href":"https:\/\/mcq.org\/en\/wp-json\/wp\/v2\/types\/presse"}],"version-history":[{"count":2,"href":"https:\/\/mcq.org\/en\/wp-json\/wp\/v2\/presse\/16083\/revisions"}],"predecessor-version":[{"id":16969,"href":"https:\/\/mcq.org\/en\/wp-json\/wp\/v2\/presse\/16083\/revisions\/16969"}],"wp:featuredmedia":[{"embeddable":true,"href":"https:\/\/mcq.org\/en\/wp-json\/wp\/v2\/media\/16084"}],"wp:attachment":[{"href":"https:\/\/mcq.org\/en\/wp-json\/wp\/v2\/media?parent=16083"}],"wp:term":[{"taxonomy":"comm-tax","embeddable":true,"href":"https:\/\/mcq.org\/en\/wp-json\/wp\/v2\/comm-tax?post=16083"}],"curies":[{"name":"wp","href":"https:\/\/api.w.org\/{rel}","templated":true}]}}