{"id":15922,"date":"2024-04-19T14:00:00","date_gmt":"2024-04-19T18:00:00","guid":{"rendered":"https:\/\/mcq.org\/?post_type=presse&#038;p=15922"},"modified":"2024-04-19T14:09:32","modified_gmt":"2024-04-19T18:09:32","slug":"le-musee-de-la-civilisation-premiere-societe-detat-quebecoise-et-le-premier-musee-a-accueillir-la-chaise-des-generation","status":"publish","type":"presse","link":"https:\/\/mcq.org\/en\/a-propos\/medias\/communiques\/le-musee-de-la-civilisation-premiere-societe-detat-quebecoise-et-le-premier-musee-a-accueillir-la-chaise-des-generation\/","title":{"rendered":"Le Mus\u00e9e de la civilisation, premi\u00e8re soci\u00e9t\u00e9 d\u2019\u00c9tat qu\u00e9b\u00e9coise et le premier mus\u00e9e \u00e0 accueillir la Chaise des g\u00e9n\u00e9ration"},"content":{"rendered":"<div  class=\"container contenu-centre\">\n  <div class=\"row justify-content-center\">\n    <div class=\"col-lg-10 col-xl-8\">\n      \n        \n\n<p>\u00c0 quelques jours du 22 avril, Jour de la Terre, le Mus\u00e9e de la civilisation est devenu la premi\u00e8re soci\u00e9t\u00e9 d\u2019\u00c9tat qu\u00e9b\u00e9coise et le premier mus\u00e9e \u00e0 accueillir la <a href=\"https:\/\/meresaufront.org\/chaise-des-generations\/\">Chaise des g\u00e9n\u00e9rations<\/a>. Cette initiative, inspir\u00e9e par la Ville de Qu\u00e9bec, vise \u00e0 s\u2019assurer qu\u2019une voix symbolique soit accord\u00e9e aux g\u00e9n\u00e9rations futures dans les instances o\u00f9 se prennent les d\u00e9cisions.<\/p>\n<p>\u00c0 cette occasion, et en pr\u00e9sence de <a href=\"https:\/\/meresaufront.org\/\">M\u00e8res au front<\/a>, St\u00e9phan La Roche, pr\u00e9sident-directeur g\u00e9n\u00e9ral du Mus\u00e9e de la civilisation, a pr\u00eat\u00e9 serment au nom de l\u2019institution, qui s\u2019engage ainsi \u00e0 ce que toutes ses d\u00e9cisions soient mesur\u00e9es en fonction de leurs impacts sur l\u2019environnement et dans le but de prot\u00e9ger l\u2019avenir des enfants et des g\u00e9n\u00e9rations futures.<\/p>\n<p>Fabriqu\u00e9e par des enfants et accueillie au sein d\u2019instances d\u00e9cisionnelles, une Chaise des g\u00e9n\u00e9rations repr\u00e9sente et porte la voix des enfants. Elle rappelle aux dirigeants et dirigeantes que leur futur se dessine \u00e0 travers les d\u00e9cisions prises aujourd\u2019hui. Elle permet, en outre, aux enfants qui la fabriquent d\u2019exprimer leur potentiel cr\u00e9atif et d\u2019influencer les d\u00e9cisions et actions des adultes en faveur d\u2019un avenir durable.<\/p>\n<p>La Chaise des g\u00e9n\u00e9rations qu\u2019accueille le Mus\u00e9e de la civilisation, la <strong>100<sup>e<\/sup> <\/strong>d\u00e9ploy\u00e9e par M\u00e8res au front, a \u00e9t\u00e9 fabriqu\u00e9e dans le cadre d\u2019ateliers tenus sous la direction d\u2019une M\u00e8re au front, Elsa Moreau, lors de l\u2019exposition internationale <a href=\"https:\/\/mcq.org\/decouvrir\/expositions\/pour-demain\/\"><em>Pour demain<\/em>,<\/a> pr\u00e9sent\u00e9e au Mus\u00e9e de juin 2023 \u00e0 janvier 2024.<\/p>\n<p>Cette exposition, qui abordait de mani\u00e8re positive et inspirante l\u2019urgence climatique, s\u2019inscrivait dans la foul\u00e9e de plusieurs autres expositions t\u00e9moignant de l\u2019engagement social du Mus\u00e9e sur la question environnementale, dont l\u2019exposition <a href=\"https:\/\/mcq.org\/decouvrir\/expositions\/o-merde\/\"><em>\u00d4 merde\u2009!,<\/em><\/a> r\u00e9cipiendaire du Prix d\u2019excellence de la Soci\u00e9t\u00e9 des mus\u00e9es du Qu\u00e9bec en 2022, qui sera pr\u00e9sent\u00e9e au Mus\u00e9e des sciences et de la technologie du Canada, \u00e0 Ottawa, de mai 2024 \u00e0 janvier 2025.<\/p>\n<p>\u00ab\u2009Cette Chaise des g\u00e9n\u00e9rations scelle de fa\u00e7on tr\u00e8s forte l\u2019engagement que manifeste le Mus\u00e9e de la civilisation depuis toujours, mus\u00e9e de soci\u00e9t\u00e9 \u00e0 dimension humaine, d\u2019investir dans la construction d\u2019un monde meilleur. Elle incarne et agit comme un rappel constant qu\u2019en plus des activit\u00e9s et des expositions que nous pr\u00e9sentons, ce souci des g\u00e9n\u00e9rations futures et de ce que nous leur l\u00e9guons doit \u00eatre pr\u00e9sent dans toutes les actions et les d\u00e9cisions que prend notre institution.\u2009\u00bb <strong><em>St\u00e9phan La Roche, pr\u00e9sident-directeur g\u00e9n\u00e9ral, Mus\u00e9e de la civilisation<\/em><\/strong><\/p>\n<p>\u00ab\u2009Les Chaises des g\u00e9n\u00e9rations sont tellement importantes pour M\u00e8res au front. C\u2019est plus qu\u2019un symbole, c\u2019est un engagement fort envers le futur et le vivant. Accepter une chaise des g\u00e9n\u00e9rations, c\u2019est accepter de prendre ses responsabilit\u00e9s face aux enfants. Et \u00e7a nous rappelle \u00e0 tous et toutes pourquoi nous faisons tous ces efforts\u00a0: par amour.\u2009\u00bb <strong><em>Myriam Th\u00e9riault, coordonnatrice g\u00e9n\u00e9rale, M\u00e8res au front<\/em><\/strong><\/p>\n<p>\u00ab\u2009Apr\u00e8s une belle vie de vagabonde, notre chaise brillera au Mus\u00e9e pour inspirer et sensibiliser les petits, comme les grands, aux fragiles beaut\u00e9s du monde, dont on doit prendre soin pour l\u2019amour de la vie et les g\u00e9n\u00e9rations futures.\u2009\u00bb <strong><em>Elsa Moreau, M\u00e8re au front et cr\u00e9atrice de la Chaise des g\u00e9n\u00e9rations du Mus\u00e9e de la civilisation <\/em><\/strong><\/p>\n<h3>\u00c0 propos de <em>M\u00e8res au front<\/em><\/h3>\n<p>Cofond\u00e9 par l\u2019\u00e9cosociologue Laure Waridel et la cin\u00e9aste\u00a0Ana\u00efs Barbeau-Lavalette, et comptant plus de 30\u00a0groupes locaux \u00e0 travers le Qu\u00e9bec, mais aussi au Canada et en Belgique, M\u00e8res au front est un mouvement d\u00e9centralis\u00e9 qui regroupe des milliers de m\u00e8res, grands-m\u00e8res et alli\u00e9(e)s de tous les horizons politiques, \u00e9conomiques, professionnels et culturels qui s\u2019unissent pour prot\u00e9ger l\u2019environnement dont d\u00e9pend la sant\u00e9, le bien-\u00eatre et le futur de nos enfants. \u00c0 travers leurs actions, elles demandent aux \u00e9lu(e)s de mettre en place des mesures fortes et imm\u00e9diates qui s\u2019imposent pour r\u00e9pondre \u00e0 l\u2019urgence climatique et \u00e0 la d\u00e9gradation des \u00e9cosyst\u00e8mes.<\/p>\n<h3>\u00c0 propos de la Chaise des g\u00e9n\u00e9rations<\/h3>\n<p>La Chaise des g\u00e9n\u00e9rations incarne la revendication phare de l\u2019organisation M\u00e8res au front \u00e0 l\u2019\u00e9gard des diff\u00e9rents ordres de gouvernement, qui demande que toutes les d\u00e9cisions passent le crible de leurs impacts sur l\u2019environnement afin de prot\u00e9ger l\u2019avenir de nos enfants.<\/p>\n<p>L\u2019initiative est inspir\u00e9e de la Ville de Qu\u00e9bec, une id\u00e9e de Cl\u00e9ment Laberge, chef de cabinet du maire Bruno Marchand. Encourag\u00e9es par ces derniers, les m\u00e8res et grands-m\u00e8res au front prennent le relais avec comme objectif de rejoindre les \u00e9lu(e)s municipaux de toutes les villes du Qu\u00e9bec et au-del\u00e0. <a href=\"https:\/\/meresaufront.org\/chaise-des-generations\/municipalites-ayant-adopte-une-chaise-des-generations\/\">De nombreuses municipalit\u00e9s au Qu\u00e9bec ont r\u00e9pondu \u00e0 l\u2019appel.<\/a> Depuis, le projet de la Chaise des g\u00e9n\u00e9rations s\u2019est transport\u00e9 \u00e0 la COP15 sur la biodiversit\u00e9, qui s\u2019est tenue \u00e0 Montr\u00e9al du 7 au 19 d\u00e9cembre 2022.<\/p>\n<p style=\"text-align: center;\">-30-<\/p>\n<p><strong>Relations de presse<\/strong><\/p>\n<p><strong>Qu\u00e9bec\u00a0: <br \/><\/strong>Anne-Sophie Desmeules\u00a0: 418\u00a0643-2158, poste 208\u2009; courriel\u00a0:<a href=\"mailto:%20anne-sophie.desmeules@mcq.org\"> anne-sophie.desmeules@mcq.org<\/a><\/p>\n<p>Agn\u00e8s Dufour\u00a0: 418\u00a0643-2158, poste 433\u2009; courriel\u00a0: <a href=\"mailto:adufour@mcq.org\">adufour@mcq.org<\/a><\/p>\n<p><strong>Montr\u00e9al\u00a0:<br \/><\/strong>Rosemonde Gingras\u00a0: 514\u00a0458-8355\u2009; courriel\u00a0: <a href=\"mailto:rosemonde@rosemondecommunications.com\">rosemonde@rosemondecommunications.com<\/a><\/p>\n\n\n          <\/div>\n  <\/div>\n<\/div>","protected":false},"excerpt":{"rendered":"","protected":false},"featured_media":15955,"parent":0,"menu_order":0,"template":"","comm-tax":[8],"class_list":["post-15922","presse","type-presse","status-publish","has-post-thumbnail","hentry","comm-tax-communique"],"acf":[],"yoast_head":"<!-- This site is optimized with the Yoast SEO Premium plugin v27.3 (Yoast SEO v27.3) - https:\/\/yoast.com\/product\/yoast-seo-premium-wordpress\/ -->\n<title>Le Mus\u00e9e de la civilisation, premi\u00e8re soci\u00e9t\u00e9 d\u2019\u00c9tat qu\u00e9b\u00e9coise et le premier mus\u00e9e \u00e0 accueillir la Chaise des g\u00e9n\u00e9ration - Communiqu\u00e9 de presse | Mus\u00e9e de la civilisation<\/title>\n<meta name=\"description\" content=\"Le Mus\u00e9e de la civilisation, premi\u00e8re soci\u00e9t\u00e9 d\u2019\u00c9tat qu\u00e9b\u00e9coise et le premier mus\u00e9e \u00e0 accueillir la Chaise des g\u00e9n\u00e9ration- communiqu\u00e9 de presse du Mus\u00e9e de la civilisation \u00e0 Qu\u00e9bec.\" \/>\n<meta name=\"robots\" content=\"index, follow, max-snippet:-1, max-image-preview:large, max-video-preview:-1\" \/>\n<link rel=\"canonical\" href=\"https:\/\/mcq.org\/en\/a-propos\/medias\/communiques\/le-musee-de-la-civilisation-premiere-societe-detat-quebecoise-et-le-premier-musee-a-accueillir-la-chaise-des-generation\/\" \/>\n<meta property=\"og:locale\" content=\"en_US\" \/>\n<meta property=\"og:type\" content=\"article\" \/>\n<meta property=\"og:title\" content=\"Le Mus\u00e9e de la civilisation, premi\u00e8re soci\u00e9t\u00e9 d\u2019\u00c9tat qu\u00e9b\u00e9coise et le premier mus\u00e9e \u00e0 accueillir la Chaise des g\u00e9n\u00e9ration - Communiqu\u00e9 de presse | Mus\u00e9e de la civilisation\" \/>\n<meta property=\"og:description\" content=\"Le Mus\u00e9e de la civilisation, premi\u00e8re soci\u00e9t\u00e9 d\u2019\u00c9tat qu\u00e9b\u00e9coise et le premier mus\u00e9e \u00e0 accueillir la Chaise des g\u00e9n\u00e9ration- communiqu\u00e9 de presse du Mus\u00e9e de la civilisation \u00e0 Qu\u00e9bec.\" \/>\n<meta property=\"og:url\" content=\"https:\/\/mcq.org\/en\/a-propos\/medias\/communiques\/le-musee-de-la-civilisation-premiere-societe-detat-quebecoise-et-le-premier-musee-a-accueillir-la-chaise-des-generation\/\" \/>\n<meta property=\"og:site_name\" content=\"Mus\u00e9e de la civilisation\" \/>\n<meta property=\"article:publisher\" content=\"https:\/\/www.facebook.com\/mcqorg\" \/>\n<meta property=\"article:modified_time\" content=\"2024-04-19T18:09:32+00:00\" \/>\n<meta property=\"og:image\" content=\"https:\/\/mcq.org\/wp-content\/uploads\/2024\/04\/chaise-des-generations-vignette.jpg\" \/>\n\t<meta property=\"og:image:width\" content=\"600\" \/>\n\t<meta property=\"og:image:height\" content=\"600\" \/>\n\t<meta property=\"og:image:type\" content=\"image\/jpeg\" \/>\n<meta name=\"twitter:card\" content=\"summary_large_image\" \/>\n<meta name=\"twitter:site\" content=\"@mcqorg\" \/>\n<meta name=\"twitter:label1\" content=\"Est. reading time\" \/>\n\t<meta name=\"twitter:data1\" content=\"5 minutes\" \/>\n<!-- \/ Yoast SEO Premium plugin. -->","yoast_head_json":{"title":"Le Mus\u00e9e de la civilisation, premi\u00e8re soci\u00e9t\u00e9 d\u2019\u00c9tat qu\u00e9b\u00e9coise et le premier mus\u00e9e \u00e0 accueillir la Chaise des g\u00e9n\u00e9ration - Communiqu\u00e9 de presse | Mus\u00e9e de la civilisation","description":"Le Mus\u00e9e de la civilisation, premi\u00e8re soci\u00e9t\u00e9 d\u2019\u00c9tat qu\u00e9b\u00e9coise et le premier mus\u00e9e \u00e0 accueillir la Chaise des g\u00e9n\u00e9ration- communiqu\u00e9 de presse du Mus\u00e9e de la civilisation \u00e0 Qu\u00e9bec.","robots":{"index":"index","follow":"follow","max-snippet":"max-snippet:-1","max-image-preview":"max-image-preview:large","max-video-preview":"max-video-preview:-1"},"canonical":"https:\/\/mcq.org\/en\/a-propos\/medias\/communiques\/le-musee-de-la-civilisation-premiere-societe-detat-quebecoise-et-le-premier-musee-a-accueillir-la-chaise-des-generation\/","og_locale":"en_US","og_type":"article","og_title":"Le Mus\u00e9e de la civilisation, premi\u00e8re soci\u00e9t\u00e9 d\u2019\u00c9tat qu\u00e9b\u00e9coise et le premier mus\u00e9e \u00e0 accueillir la Chaise des g\u00e9n\u00e9ration - Communiqu\u00e9 de presse | Mus\u00e9e de la civilisation","og_description":"Le Mus\u00e9e de la civilisation, premi\u00e8re soci\u00e9t\u00e9 d\u2019\u00c9tat qu\u00e9b\u00e9coise et le premier mus\u00e9e \u00e0 accueillir la Chaise des g\u00e9n\u00e9ration- communiqu\u00e9 de presse du Mus\u00e9e de la civilisation \u00e0 Qu\u00e9bec.","og_url":"https:\/\/mcq.org\/en\/a-propos\/medias\/communiques\/le-musee-de-la-civilisation-premiere-societe-detat-quebecoise-et-le-premier-musee-a-accueillir-la-chaise-des-generation\/","og_site_name":"Mus\u00e9e de la civilisation","article_publisher":"https:\/\/www.facebook.com\/mcqorg","article_modified_time":"2024-04-19T18:09:32+00:00","og_image":[{"width":600,"height":600,"url":"https:\/\/mcq.org\/wp-content\/uploads\/2024\/04\/chaise-des-generations-vignette.jpg","type":"image\/jpeg"}],"twitter_card":"summary_large_image","twitter_site":"@mcqorg","twitter_misc":{"Est. reading time":"5 minutes"},"schema":{"@context":"https:\/\/schema.org","@graph":[{"@type":"WebPage","@id":"https:\/\/mcq.org\/en\/a-propos\/medias\/communiques\/le-musee-de-la-civilisation-premiere-societe-detat-quebecoise-et-le-premier-musee-a-accueillir-la-chaise-des-generation\/","url":"https:\/\/mcq.org\/en\/a-propos\/medias\/communiques\/le-musee-de-la-civilisation-premiere-societe-detat-quebecoise-et-le-premier-musee-a-accueillir-la-chaise-des-generation\/","name":"Le Mus\u00e9e de la civilisation, premi\u00e8re soci\u00e9t\u00e9 d\u2019\u00c9tat qu\u00e9b\u00e9coise et le premier mus\u00e9e \u00e0 accueillir la Chaise des g\u00e9n\u00e9ration - Communiqu\u00e9 de presse | Mus\u00e9e de la civilisation","isPartOf":{"@id":"https:\/\/mcq.org\/en\/#website"},"primaryImageOfPage":{"@id":"https:\/\/mcq.org\/en\/a-propos\/medias\/communiques\/le-musee-de-la-civilisation-premiere-societe-detat-quebecoise-et-le-premier-musee-a-accueillir-la-chaise-des-generation\/#primaryimage"},"image":{"@id":"https:\/\/mcq.org\/en\/a-propos\/medias\/communiques\/le-musee-de-la-civilisation-premiere-societe-detat-quebecoise-et-le-premier-musee-a-accueillir-la-chaise-des-generation\/#primaryimage"},"thumbnailUrl":"https:\/\/mcq.org\/wp-content\/uploads\/2024\/04\/chaise-des-generations-vignette.jpg","datePublished":"2024-04-19T18:00:00+00:00","dateModified":"2024-04-19T18:09:32+00:00","description":"Le Mus\u00e9e de la civilisation, premi\u00e8re soci\u00e9t\u00e9 d\u2019\u00c9tat qu\u00e9b\u00e9coise et le premier mus\u00e9e \u00e0 accueillir la Chaise des g\u00e9n\u00e9ration- communiqu\u00e9 de presse du Mus\u00e9e de la civilisation \u00e0 Qu\u00e9bec.","breadcrumb":{"@id":"https:\/\/mcq.org\/en\/a-propos\/medias\/communiques\/le-musee-de-la-civilisation-premiere-societe-detat-quebecoise-et-le-premier-musee-a-accueillir-la-chaise-des-generation\/#breadcrumb"},"inLanguage":"en-US","potentialAction":[{"@type":"ReadAction","target":["https:\/\/mcq.org\/en\/a-propos\/medias\/communiques\/le-musee-de-la-civilisation-premiere-societe-detat-quebecoise-et-le-premier-musee-a-accueillir-la-chaise-des-generation\/"]}]},{"@type":"ImageObject","inLanguage":"en-US","@id":"https:\/\/mcq.org\/en\/a-propos\/medias\/communiques\/le-musee-de-la-civilisation-premiere-societe-detat-quebecoise-et-le-premier-musee-a-accueillir-la-chaise-des-generation\/#primaryimage","url":"https:\/\/mcq.org\/wp-content\/uploads\/2024\/04\/chaise-des-generations-vignette.jpg","contentUrl":"https:\/\/mcq.org\/wp-content\/uploads\/2024\/04\/chaise-des-generations-vignette.jpg","width":600,"height":600,"caption":"Femme en train d'installer la Chaise des g\u00e9n\u00e9rations \u00e0 l'entr\u00e9e de l'espace collectif Voie libre"},{"@type":"BreadcrumbList","@id":"https:\/\/mcq.org\/en\/a-propos\/medias\/communiques\/le-musee-de-la-civilisation-premiere-societe-detat-quebecoise-et-le-premier-musee-a-accueillir-la-chaise-des-generation\/#breadcrumb","itemListElement":[{"@type":"ListItem","position":1,"name":"Home","item":"https:\/\/mcq.org\/en\/"},{"@type":"ListItem","position":2,"name":"Communiqu\u00e9s presse","item":"https:\/\/mcq.org\/en\/a-propos\/medias\/communiques\/"},{"@type":"ListItem","position":3,"name":"Le Mus\u00e9e de la civilisation, premi\u00e8re soci\u00e9t\u00e9 d\u2019\u00c9tat qu\u00e9b\u00e9coise et le premier mus\u00e9e \u00e0 accueillir la Chaise des g\u00e9n\u00e9ration"}]},{"@type":"WebSite","@id":"https:\/\/mcq.org\/en\/#website","url":"https:\/\/mcq.org\/en\/","name":"Mus\u00e9e de la civilisation","description":"Le Mus\u00e9e de la civilisation explore les diff\u00e9rentes facettes de la r\u00e9alit\u00e9 humaine avec sa d\u00e9marche unique qui combine enchantement, connaissance et r\u00e9flexion.","publisher":{"@id":"https:\/\/mcq.org\/en\/#organization"},"alternateName":"MCQ","potentialAction":[{"@type":"SearchAction","target":{"@type":"EntryPoint","urlTemplate":"https:\/\/mcq.org\/en\/?s={search_term_string}"},"query-input":{"@type":"PropertyValueSpecification","valueRequired":true,"valueName":"search_term_string"}}],"inLanguage":"en-US"},{"@type":"Organization","@id":"https:\/\/mcq.org\/en\/#organization","name":"Mus\u00e9e de la civilisation","alternateName":"MCQ","url":"https:\/\/mcq.org\/en\/","logo":{"@type":"ImageObject","inLanguage":"en-US","@id":"https:\/\/mcq.org\/en\/#\/schema\/logo\/image\/","url":"https:\/\/mcq.org\/wp-content\/uploads\/2023\/04\/logo-mcq-300x123-1.png","contentUrl":"https:\/\/mcq.org\/wp-content\/uploads\/2023\/04\/logo-mcq-300x123-1.png","width":300,"height":123,"caption":"Mus\u00e9e de la civilisation"},"image":{"@id":"https:\/\/mcq.org\/en\/#\/schema\/logo\/image\/"},"sameAs":["https:\/\/www.facebook.com\/mcqorg","https:\/\/x.com\/mcqorg","https:\/\/www.instagram.com\/mcqorg\/","https:\/\/www.linkedin.com\/company\/mcqorg\/"]}]}},"_links":{"self":[{"href":"https:\/\/mcq.org\/en\/wp-json\/wp\/v2\/presse\/15922","targetHints":{"allow":["GET"]}}],"collection":[{"href":"https:\/\/mcq.org\/en\/wp-json\/wp\/v2\/presse"}],"about":[{"href":"https:\/\/mcq.org\/en\/wp-json\/wp\/v2\/types\/presse"}],"version-history":[{"count":1,"href":"https:\/\/mcq.org\/en\/wp-json\/wp\/v2\/presse\/15922\/revisions"}],"predecessor-version":[{"id":15923,"href":"https:\/\/mcq.org\/en\/wp-json\/wp\/v2\/presse\/15922\/revisions\/15923"}],"wp:featuredmedia":[{"embeddable":true,"href":"https:\/\/mcq.org\/en\/wp-json\/wp\/v2\/media\/15955"}],"wp:attachment":[{"href":"https:\/\/mcq.org\/en\/wp-json\/wp\/v2\/media?parent=15922"}],"wp:term":[{"taxonomy":"comm-tax","embeddable":true,"href":"https:\/\/mcq.org\/en\/wp-json\/wp\/v2\/comm-tax?post=15922"}],"curies":[{"name":"wp","href":"https:\/\/api.w.org\/{rel}","templated":true}]}}