{"id":15815,"date":"2024-04-12T12:00:00","date_gmt":"2024-04-12T16:00:00","guid":{"rendered":"https:\/\/mcq.org\/?post_type=presse&#038;p=15815"},"modified":"2024-04-11T10:32:13","modified_gmt":"2024-04-11T14:32:13","slug":"le-balado-ecrire-a-janette-un-dialogue-entre-generations","status":"publish","type":"presse","link":"https:\/\/mcq.org\/en\/a-propos\/medias\/communiques\/le-balado-ecrire-a-janette-un-dialogue-entre-generations\/","title":{"rendered":"Le balado \u00c9crire \u00e0 Janette : un dialogue entre g\u00e9n\u00e9rations"},"content":{"rendered":"<div  class=\"container contenu-centre\">\n  <div class=\"row justify-content-center\">\n    <div class=\"col-lg-10 col-xl-8\">\n      \n        \n\n<p>Toujours extr\u00eamement active \u00e0 99\u00a0ans, Janette Bertrand \u00e9tait de passage, aujourd\u2019hui, au Mus\u00e9e de la civilisation pour lancer le balado <em>\u00c9crire \u00e0 Janette,<\/em> coproduit avec l\u2019institution mus\u00e9ale nationale et Les radios \u00e0 roulettes. Compos\u00e9 de cinq \u00e9pisodes, ce balado trouve sa principale source d\u2019inspiration au c\u0153ur m\u00eame des r\u00e9cits de vie \u00e9crits par des personnes \u00e2g\u00e9es pendant la pand\u00e9mie, \u00e0 l\u2019invitation de la populaire journaliste et \u00e9crivaine. Il est disponible sur les plateformes Apple Balados, Google Balados, Spotify ainsi que sur le site <a href=\"https:\/\/mcq.org\/decouvrir\/balados\/ecrire-a-janette\">Web<\/a> du Mus\u00e9e.<\/p>\n<p>Parmi les milliers de pages re\u00e7ues, toutes plus riches les unes que les autres en v\u00e9cu et en \u00e9motions, ont \u00e9t\u00e9 s\u00e9lectionn\u00e9es plusieurs histoires que ce balado regroupe sous cinq grands th\u00e8mes\u00a0: les menstruations (tabous), l\u2019\u00e9ducation, les rapports hommes-femmes, la sant\u00e9 mentale, et la banlieue.<\/p>\n<p>Dans chaque \u00e9pisode, le pass\u00e9 et le pr\u00e9sent se chevauchent au rythme des r\u00e9flexions de Janette, des lectures touchantes de segments de vie, des commentaires de jeunes \u00e9l\u00e8ves de 6<sup>e<\/sup>\u00a0ann\u00e9e qui livrent librement leurs pens\u00e9es et des analyses et r\u00e9actions de sp\u00e9cialistes. Le tout est habilement anim\u00e9 par la journaliste ind\u00e9pendante, sp\u00e9cialis\u00e9e en g\u00e9rontologie, Eug\u00e9nie Emond et ficel\u00e9 avec doigt\u00e9 par la r\u00e9alisatrice Catherine-\u00c8ve Gadoury. Un contenu dynamique et fort pertinent en r\u00e9sulte menant le public \u00e0 mesurer le chemin parcouru sur le sujet abord\u00e9 et \u00e0 r\u00e9fl\u00e9chir \u00e0 celui qui reste encore \u00e0 faire. La domesticit\u00e9 des femmes est-elle abolie\u2009? Quels sont les nouveaux tabous\u2009? O\u00f9 en est l\u2019homme du 21<sup>e<\/sup>\u00a0si\u00e8cle\u2009? Les corrections corporelles, toujours utiles\u2009?<\/p>\n<p><strong>Citations<\/strong><\/p>\n<p>\u00ab\u2009J\u2019ai lu tous les r\u00e9cits re\u00e7us et chacun d\u2019entre eux m\u2019a touch\u00e9e profond\u00e9ment. C\u2019est du patrimoine pur, ces histoires\u2009! Imm\u00e9diatement, j\u2019ai voulu qu\u2019elles soient mises en lumi\u00e8re, valoris\u00e9es, et surtout, partag\u00e9es aux jeunes g\u00e9n\u00e9rations pour qu\u2019on puisse en tirer des connaissances et, sans aucun doute, des le\u00e7ons. Et qui de mieux qu\u2019un mus\u00e9e qui s\u2019int\u00e9resse \u00e0 la soci\u00e9t\u00e9 pour le faire\u2009? Je suis combl\u00e9e par ce merveilleux projet o\u00f9 priment l\u2019\u00e9change, le dialogue, la r\u00e9flexion. C\u2019est un pas de plus vers un monde inclusif\u2009!\u2009\u00bb <em>Janette Bertrand, journaliste et auteure<\/em><\/p>\n<p>\u00ab\u2009Il est ind\u00e9niable que le Mus\u00e9e de la civilisation et Janette Bertrand sont anim\u00e9s par les m\u00eames valeurs de transmission, de transformation des perceptions et des comportements pour faire \u00e9voluer la conscience collective. Nous sommes extr\u00eamement fiers que notre collaboration se soit cristallis\u00e9e \u00e0 travers cet outil de m\u00e9diation p\u00e9renne qui contribuera certainement \u00e0 nourrir l\u2019ouverture de la pens\u00e9e et \u00e0 rapprocher les adultes d\u2019aujourd\u2019hui et ceux de demain\u2009\u00bb <em>St\u00e9phan La Roche, pr\u00e9sident-directeur g\u00e9n\u00e9ral<\/em><\/p>\n<p><strong>Faits saillants<\/strong><\/p>\n<p>La balado<em> \u00c9crire \u00e0 Janette<\/em> a pour objectif principal de cr\u00e9er un pont entre les g\u00e9n\u00e9rations en explorant la r\u00e9sonance cr\u00e9\u00e9e chez les jeunes par les th\u00e8mes choisis. On veut \u00e9galement offrir une voix aux personnes a\u00een\u00e9es et positionner leur exp\u00e9rience de vie comme autant de cha\u00eenon significatif \u00e0 la soci\u00e9t\u00e9 actuelle et \u00e0 son histoire.<\/p>\n<h3>R\u00e9sum\u00e9 des \u00e9pisodes<\/h3>\n<p><strong>1 \u2013 Les menstruations : les r\u00e8gles, encore un sujet honteux?<\/strong><\/p>\n<p>On explore les exp\u00e9riences individuelles li\u00e9es aux menstruations, les tabous qui les entourent et l\u2019importance de briser le silence et d\u2019\u00e9duquer pour une meilleure compr\u00e9hension et acceptation de ce sujet naturel. La sexologue Myriam D. Bernier parle de son exp\u00e9rience personnelle et \u00c9lise Brunot, charg\u00e9e du programme <em>Le Fil Rouge<\/em> du R\u00e9seau qu\u00e9b\u00e9cois d\u2019action pour la sant\u00e9 des femmes, t\u00e9moigne de l\u2019importance d\u2019inclure les hommes dans la discussion et de lutter contre l\u2019ignorance et les pr\u00e9jug\u00e9s.<\/p>\n<p><strong>2 \u2013 L\u2019\u00e9ducation : avons-nous vraiment appris du pass\u00e9?<\/strong><\/p>\n<p>Les diff\u00e9rentes approches \u00e9ducatives, la discipline et les cons\u00e9quences des punitions sont mises en lumi\u00e8re. On \u00e9voque l\u2019\u00e9quilibre n\u00e9cessaire entre l\u2019autonomie des enfants et l\u2019encadrement parental, l\u2019\u00e9volution de l\u2019\u00e9ducation passant d\u2019un mod\u00e8le o\u00f9 l\u2019enfant \u00e9tait insignifiant \u00e0 un mod\u00e8le o\u00f9 il est devenu roi, \u00e0 une r\u00e9flexion sur les m\u00e9thodes de discipline actuelles, les punitions et leur efficacit\u00e9. Molly Mowatt, enseignante anishnabe retrait\u00e9e, compare l\u2019\u00e9ducation autochtone \u00e0 celle des pensionnats autoritaires. Lory Zephyr, psychologue, souligne l\u2019importance de l\u2019attention port\u00e9e \u00e0 l\u2019enfant dans l\u2019\u00e9ducation moderne.<\/p>\n<p><strong>3 \u2013 Le couple : les m\u00eames sch\u00e9mas, les m\u00eames pi\u00e8ges?<\/strong><\/p>\n<p>Les r\u00f4les des hommes et des femmes dans le couple changent constamment comme le souligne la sociologue Madeleine Pastinelli. L\u2019auteur et com\u00e9dien Charles Fournier met en \u00e9vidence la difficult\u00e9 pour les hommes \u00e0 s\u2019exprimer et \u00e0 trouver leur place dans la sph\u00e8re domestique.<\/p>\n<p><strong>4 \u2013 La sant\u00e9 mentale\u00a0: un tabou toujours bien pr\u00e9sent<\/strong><\/p>\n<p>L\u2019importance de briser les stigmates entourant la maladie mentale et celle de fournir un soutien pr\u00e9coce aux personnes touch\u00e9es, notamment dans les familles \u00e0 risque, sont ici soulev\u00e9es. Sylvana C\u00f4t\u00e9, chercheuse au CHU Sainte-Justine, explique que la transmission interg\u00e9n\u00e9rationnelle de la maladie mentale peut se faire, \u00e0 la fois, par des facteurs g\u00e9n\u00e9tiques et par l\u2019environnement social et familial. La psychologue Lory Zephyr \u00e9voque le tabou autour de la question de la sant\u00e9 mentale au sein des communaut\u00e9s culturelles.<\/p>\n<p><strong>5 \u2013 La banlieue\u00a0: r\u00eave am\u00e9ricain, r\u00e9alit\u00e9 monotone<\/strong><\/p>\n<p>D\u00e9velopp\u00e9 dans les ann\u00e9es 1950-1960, ce concept promettait une vie moderne. N\u2019aurait-il pas plut\u00f4t brim\u00e9 le d\u00e9sir d\u2019\u00e9mancipation et de libert\u00e9 de certaines femmes\u2009? Olivier Vallerand, architecte et historien de l\u2019environnement b\u00e2ti, se penche sur l\u2019impact de l\u2019identit\u00e9 de genre dans la conception des villes et des maisons de banlieue. Carolyne Grimard, professeure adjointe \u00e0 l\u2019\u00c9cole de travail social de l\u2019Universit\u00e9 de Montr\u00e9al, explore les fa\u00e7ons de recr\u00e9er de la coh\u00e9sion sociale en banlieue, un espace qui a toujours mis\u00e9 sur l\u2019individualisme tandis que la mairesse de la ville de Longueuil, Catherine Fournier, aborde la pr\u00e9sence et l\u2019influence des femmes sur la sc\u00e8ne municipale qu\u00e9b\u00e9coise.<\/p>\n<p>\u00a0<\/p>\n<ul>\n<li>Id\u00e9atrice du projet et invit\u00e9e principale : Janette Bertrand<\/li>\n<li>Coproduction et r\u00e9alisation : Catherine-\u00c8ve Gadoury (Les radios \u00e0 roulettes)<\/li>\n<li>Animation : Eug\u00e9nie Emond, journaliste sp\u00e9cialis\u00e9e en g\u00e9rontologie<\/li>\n<li>Porteur du projet : Institut universitaire de g\u00e9riatrie de Montr\u00e9al<\/li>\n<li>Voix : Lorraine C\u00f4t\u00e9, Marie Gignac, Marie-Ginette Guay et Jack Robitaille<\/li>\n<\/ul>\n<p>Au moment de l\u2019enregistrement, les jeunes \u00e9taient en 6<sup> e<\/sup>\u00a0ann\u00e9e et fr\u00e9quentaient l\u2019\u00e9cole Notre-Dame du Canada, \u00e0 Qu\u00e9bec.<\/p>\n<h3>Projet<em> \u00c9crire sa vie<\/em><\/h3>\n<p>En mars 2020, Janette Bertrand, appuy\u00e9e par l\u2019Institut universitaire de g\u00e9riatrie de Montr\u00e9al, lance une invitation aux personnes a\u00een\u00e9es du Qu\u00e9bec confin\u00e9es dans leur chez-soi \u00e0 profiter de ce temps de pause impos\u00e9 pour mettre sur papier leurs m\u00e9moires. Le projet <em>\u00c9crire sa vie <\/em>\u00e9tait n\u00e9. Il a engendr\u00e9 la r\u00e9daction de plus de 1\u2009000\u00a0r\u00e9cits de vie.<\/p>\n<p><em>\u00c9crire sa vie<\/em> a \u00e9t\u00e9 r\u00e9compens\u00e9 par le Prix d\u2019histoire du Gouverneur g\u00e9n\u00e9ral en 2022 pour son excellence dans les programmes communautaires.<\/p>\n<p>\u00a0<\/p>\n<p style=\"text-align: center;\">-30 \u2013<\/p>\n<p><strong>Relations de presse\u00a0:<\/strong><\/p>\n<p><strong>Mus\u00e9e de la civilisation<br \/><\/strong>Agn\u00e8s Dufour\u00a0: 418\u00a0643-2158, poste 433\u2009; courriel\u00a0: <a href=\"mailto:agnes.dufour@mcq.org\">agnes.dufour@mcq.org<\/a><\/p>\n<p>Anne-Sophie Desmeules\u00a0: 418\u00a0643-2158, poste 208\u2009; courriel\u00a0: <a href=\"mailto:anne-sophie.desmeules@mcq.org\">anne-sophie.desmeules@mcq.org<\/a><\/p>\n<p>Rosemonde Gingras\u00a0: 514\u00a0458-8355\u2009; courriel\u00a0: <a href=\"mailto:rosemonde@rosemondecommunications.com\">rosemonde@rosemondecommunications.com<\/a><\/p>\n<p>\u00a0<\/p>\n<p><strong>Pour Janette Bertrand<br \/><\/strong>Junior Bombardier, 514 941 3794\u2009; courriel : <a href=\"mailto:jbombardier@roy-turner.com\">jbombardier@roy-turner.com<\/a><\/p>\n\n\n          <\/div>\n  <\/div>\n<\/div>","protected":false},"excerpt":{"rendered":"","protected":false},"featured_media":15470,"parent":0,"menu_order":0,"template":"","comm-tax":[8],"class_list":["post-15815","presse","type-presse","status-publish","has-post-thumbnail","hentry","comm-tax-communique"],"acf":[],"yoast_head":"<!-- This site is optimized with the Yoast SEO Premium plugin v27.3 (Yoast SEO v27.3) - https:\/\/yoast.com\/product\/yoast-seo-premium-wordpress\/ -->\n<title>Le balado \u00c9crire \u00e0 Janette : un dialogue entre g\u00e9n\u00e9rations - Communiqu\u00e9 de presse | Mus\u00e9e de la civilisation<\/title>\n<meta name=\"description\" content=\"Le balado \u00c9crire \u00e0 Janette : un dialogue entre g\u00e9n\u00e9rations- communiqu\u00e9 de presse du Mus\u00e9e de la civilisation \u00e0 Qu\u00e9bec.\" \/>\n<meta name=\"robots\" content=\"index, follow, max-snippet:-1, max-image-preview:large, max-video-preview:-1\" \/>\n<link rel=\"canonical\" href=\"https:\/\/mcq.org\/en\/a-propos\/medias\/communiques\/le-balado-ecrire-a-janette-un-dialogue-entre-generations\/\" \/>\n<meta property=\"og:locale\" content=\"en_US\" \/>\n<meta property=\"og:type\" content=\"article\" \/>\n<meta property=\"og:title\" content=\"Le balado \u00c9crire \u00e0 Janette : un dialogue entre g\u00e9n\u00e9rations - Communiqu\u00e9 de presse | Mus\u00e9e de la civilisation\" \/>\n<meta property=\"og:description\" content=\"Le balado \u00c9crire \u00e0 Janette : un dialogue entre g\u00e9n\u00e9rations- communiqu\u00e9 de presse du Mus\u00e9e de la civilisation \u00e0 Qu\u00e9bec.\" \/>\n<meta property=\"og:url\" content=\"https:\/\/mcq.org\/en\/a-propos\/medias\/communiques\/le-balado-ecrire-a-janette-un-dialogue-entre-generations\/\" \/>\n<meta property=\"og:site_name\" content=\"Mus\u00e9e de la civilisation\" \/>\n<meta property=\"article:publisher\" content=\"https:\/\/www.facebook.com\/mcqorg\" \/>\n<meta property=\"og:image\" content=\"https:\/\/mcq.org\/wp-content\/uploads\/2024\/03\/balado-ecrire-a-jeannette.jpg\" \/>\n\t<meta property=\"og:image:width\" content=\"600\" \/>\n\t<meta property=\"og:image:height\" content=\"600\" \/>\n\t<meta property=\"og:image:type\" content=\"image\/jpeg\" \/>\n<meta name=\"twitter:card\" content=\"summary_large_image\" \/>\n<meta name=\"twitter:site\" content=\"@mcqorg\" \/>\n<meta name=\"twitter:label1\" content=\"Est. reading time\" \/>\n\t<meta name=\"twitter:data1\" content=\"6 minutes\" \/>\n<!-- \/ Yoast SEO Premium plugin. -->","yoast_head_json":{"title":"Le balado \u00c9crire \u00e0 Janette : un dialogue entre g\u00e9n\u00e9rations - Communiqu\u00e9 de presse | Mus\u00e9e de la civilisation","description":"Le balado \u00c9crire \u00e0 Janette : un dialogue entre g\u00e9n\u00e9rations- communiqu\u00e9 de presse du Mus\u00e9e de la civilisation \u00e0 Qu\u00e9bec.","robots":{"index":"index","follow":"follow","max-snippet":"max-snippet:-1","max-image-preview":"max-image-preview:large","max-video-preview":"max-video-preview:-1"},"canonical":"https:\/\/mcq.org\/en\/a-propos\/medias\/communiques\/le-balado-ecrire-a-janette-un-dialogue-entre-generations\/","og_locale":"en_US","og_type":"article","og_title":"Le balado \u00c9crire \u00e0 Janette : un dialogue entre g\u00e9n\u00e9rations - Communiqu\u00e9 de presse | Mus\u00e9e de la civilisation","og_description":"Le balado \u00c9crire \u00e0 Janette : un dialogue entre g\u00e9n\u00e9rations- communiqu\u00e9 de presse du Mus\u00e9e de la civilisation \u00e0 Qu\u00e9bec.","og_url":"https:\/\/mcq.org\/en\/a-propos\/medias\/communiques\/le-balado-ecrire-a-janette-un-dialogue-entre-generations\/","og_site_name":"Mus\u00e9e de la civilisation","article_publisher":"https:\/\/www.facebook.com\/mcqorg","og_image":[{"width":600,"height":600,"url":"https:\/\/mcq.org\/wp-content\/uploads\/2024\/03\/balado-ecrire-a-jeannette.jpg","type":"image\/jpeg"}],"twitter_card":"summary_large_image","twitter_site":"@mcqorg","twitter_misc":{"Est. reading time":"6 minutes"},"schema":{"@context":"https:\/\/schema.org","@graph":[{"@type":"WebPage","@id":"https:\/\/mcq.org\/en\/a-propos\/medias\/communiques\/le-balado-ecrire-a-janette-un-dialogue-entre-generations\/","url":"https:\/\/mcq.org\/en\/a-propos\/medias\/communiques\/le-balado-ecrire-a-janette-un-dialogue-entre-generations\/","name":"Le balado \u00c9crire \u00e0 Janette : un dialogue entre g\u00e9n\u00e9rations - Communiqu\u00e9 de presse | Mus\u00e9e de la civilisation","isPartOf":{"@id":"https:\/\/mcq.org\/en\/#website"},"primaryImageOfPage":{"@id":"https:\/\/mcq.org\/en\/a-propos\/medias\/communiques\/le-balado-ecrire-a-janette-un-dialogue-entre-generations\/#primaryimage"},"image":{"@id":"https:\/\/mcq.org\/en\/a-propos\/medias\/communiques\/le-balado-ecrire-a-janette-un-dialogue-entre-generations\/#primaryimage"},"thumbnailUrl":"https:\/\/mcq.org\/wp-content\/uploads\/2024\/03\/balado-ecrire-a-jeannette.jpg","datePublished":"2024-04-12T16:00:00+00:00","description":"Le balado \u00c9crire \u00e0 Janette : un dialogue entre g\u00e9n\u00e9rations- communiqu\u00e9 de presse du Mus\u00e9e de la civilisation \u00e0 Qu\u00e9bec.","breadcrumb":{"@id":"https:\/\/mcq.org\/en\/a-propos\/medias\/communiques\/le-balado-ecrire-a-janette-un-dialogue-entre-generations\/#breadcrumb"},"inLanguage":"en-US","potentialAction":[{"@type":"ReadAction","target":["https:\/\/mcq.org\/en\/a-propos\/medias\/communiques\/le-balado-ecrire-a-janette-un-dialogue-entre-generations\/"]}]},{"@type":"ImageObject","inLanguage":"en-US","@id":"https:\/\/mcq.org\/en\/a-propos\/medias\/communiques\/le-balado-ecrire-a-janette-un-dialogue-entre-generations\/#primaryimage","url":"https:\/\/mcq.org\/wp-content\/uploads\/2024\/03\/balado-ecrire-a-jeannette.jpg","contentUrl":"https:\/\/mcq.org\/wp-content\/uploads\/2024\/03\/balado-ecrire-a-jeannette.jpg","width":600,"height":600,"caption":"Une aquarelle illustrant le visage de Janette Bertrand dans les teintes de vert et rose p\u00e2le."},{"@type":"BreadcrumbList","@id":"https:\/\/mcq.org\/en\/a-propos\/medias\/communiques\/le-balado-ecrire-a-janette-un-dialogue-entre-generations\/#breadcrumb","itemListElement":[{"@type":"ListItem","position":1,"name":"Home","item":"https:\/\/mcq.org\/en\/"},{"@type":"ListItem","position":2,"name":"Communiqu\u00e9s presse","item":"https:\/\/mcq.org\/en\/a-propos\/medias\/communiques\/"},{"@type":"ListItem","position":3,"name":"Le balado \u00c9crire \u00e0 Janette : un dialogue entre g\u00e9n\u00e9rations"}]},{"@type":"WebSite","@id":"https:\/\/mcq.org\/en\/#website","url":"https:\/\/mcq.org\/en\/","name":"Mus\u00e9e de la civilisation","description":"Le Mus\u00e9e de la civilisation explore les diff\u00e9rentes facettes de la r\u00e9alit\u00e9 humaine avec sa d\u00e9marche unique qui combine enchantement, connaissance et r\u00e9flexion.","publisher":{"@id":"https:\/\/mcq.org\/en\/#organization"},"alternateName":"MCQ","potentialAction":[{"@type":"SearchAction","target":{"@type":"EntryPoint","urlTemplate":"https:\/\/mcq.org\/en\/?s={search_term_string}"},"query-input":{"@type":"PropertyValueSpecification","valueRequired":true,"valueName":"search_term_string"}}],"inLanguage":"en-US"},{"@type":"Organization","@id":"https:\/\/mcq.org\/en\/#organization","name":"Mus\u00e9e de la civilisation","alternateName":"MCQ","url":"https:\/\/mcq.org\/en\/","logo":{"@type":"ImageObject","inLanguage":"en-US","@id":"https:\/\/mcq.org\/en\/#\/schema\/logo\/image\/","url":"https:\/\/mcq.org\/wp-content\/uploads\/2023\/04\/logo-mcq-300x123-1.png","contentUrl":"https:\/\/mcq.org\/wp-content\/uploads\/2023\/04\/logo-mcq-300x123-1.png","width":300,"height":123,"caption":"Mus\u00e9e de la civilisation"},"image":{"@id":"https:\/\/mcq.org\/en\/#\/schema\/logo\/image\/"},"sameAs":["https:\/\/www.facebook.com\/mcqorg","https:\/\/x.com\/mcqorg","https:\/\/www.instagram.com\/mcqorg\/","https:\/\/www.linkedin.com\/company\/mcqorg\/"]}]}},"_links":{"self":[{"href":"https:\/\/mcq.org\/en\/wp-json\/wp\/v2\/presse\/15815","targetHints":{"allow":["GET"]}}],"collection":[{"href":"https:\/\/mcq.org\/en\/wp-json\/wp\/v2\/presse"}],"about":[{"href":"https:\/\/mcq.org\/en\/wp-json\/wp\/v2\/types\/presse"}],"version-history":[{"count":1,"href":"https:\/\/mcq.org\/en\/wp-json\/wp\/v2\/presse\/15815\/revisions"}],"predecessor-version":[{"id":15816,"href":"https:\/\/mcq.org\/en\/wp-json\/wp\/v2\/presse\/15815\/revisions\/15816"}],"wp:featuredmedia":[{"embeddable":true,"href":"https:\/\/mcq.org\/en\/wp-json\/wp\/v2\/media\/15470"}],"wp:attachment":[{"href":"https:\/\/mcq.org\/en\/wp-json\/wp\/v2\/media?parent=15815"}],"wp:term":[{"taxonomy":"comm-tax","embeddable":true,"href":"https:\/\/mcq.org\/en\/wp-json\/wp\/v2\/comm-tax?post=15815"}],"curies":[{"name":"wp","href":"https:\/\/api.w.org\/{rel}","templated":true}]}}