{"id":15812,"date":"2024-04-10T09:54:46","date_gmt":"2024-04-10T13:54:46","guid":{"rendered":"https:\/\/mcq.org\/?post_type=presse&#038;p=15812"},"modified":"2024-04-11T10:10:46","modified_gmt":"2024-04-11T14:10:46","slug":"dans-loeil-de-la-recherche-pour-voir-les-sciences-autrement","status":"publish","type":"presse","link":"https:\/\/mcq.org\/en\/a-propos\/medias\/communiques\/dans-loeil-de-la-recherche-pour-voir-les-sciences-autrement\/","title":{"rendered":"Dans l\u2019\u0153il de la recherche : pour voir les sciences autrement"},"content":{"rendered":"<div  class=\"container contenu-centre\">\n  <div class=\"row justify-content-center\">\n    <div class=\"col-lg-10 col-xl-8\">\n      \n        \n\n<p>Le Mus\u00e9e de la civilisation accueillera, du 10 avril au 12 mai 2024, dans l\u2019espace Voie libre, l\u2019exposition <strong><em>Dans l\u2019\u0153il de la recherche<\/em>.<\/strong> Cette invitation \u00e0 plonger dans l\u2019univers fascinant de la recherche en sant\u00e9, \u00e0 travers les images saisissantes de chercheuses et chercheurs du CHU de Qu\u00e9bec-Universit\u00e9 Laval, permet de d\u00e9chiffrer certains myst\u00e8res de la science et ultimement, poser un regard nouveau ou diff\u00e9rent sur celle-ci.\u00a0<\/p>\n<p>Le <a href=\"https:\/\/www.crchudequebec.ulaval.ca\/\" target=\"_blank\" rel=\"noopener\">Centre de recherche du CHU de Qu\u00e9bec-Universit\u00e9 Laval<\/a>, plus important centre de recherche francophone en Am\u00e9rique du Nord, et le Mus\u00e9e de la civilisation partagent le d\u00e9sir de d\u00e9mystifier, faire conna\u00eetre et montrer \u00e0 quel point les sciences sont fascinantes\u2009! Les images pr\u00e9sent\u00e9es dans l\u2019exposition <strong><em>Dans l\u2019\u0153il de la recherche <\/em><\/strong>ont \u00e9t\u00e9 capt\u00e9es par des scientifiques en laboratoire, afin d\u2019illustrer leurs travaux visant \u00e0 am\u00e9liorer les soins de sant\u00e9. Ces photographies ont \u00e9t\u00e9 s\u00e9lectionn\u00e9es par un jury compos\u00e9 de sp\u00e9cialistes de la communication scientifique, de la photographie ou de l\u2019illustration scientifique. Choisies parmi l\u2019ensemble des images soumises au concours organis\u00e9 par le Centre de recherche \u00e0 l\u2019automne 2023, ces 13 \u0153uvres finalistes d\u00e9voilent la curiosit\u00e9, la rigueur et la t\u00e9nacit\u00e9 dont font preuve les \u00e9quipes de recherche.<\/p>\n<p><strong>La culture scientifique, c\u2019est pour tout le monde\u2009!<br \/><\/strong>Plus qu\u2019une simple exposition, ce parcours d\u2019immersion dans la recherche biom\u00e9dicale vise \u00e0 permettre au grand public de s\u2019approprier la culture scientifique par la beaut\u00e9 des images et par le biais de diff\u00e9rentes activit\u00e9s interactives. On peut \u00e9galement en apprendre davantage sur la future <a href=\"https:\/\/mcq.org\/soutenir\/fondation\/maison-des-sciences\/\">Maison des sciences<\/a>, un nouveau projet sign\u00e9 Mus\u00e9e de la civilisation. Ce lieu exceptionnel et unique sera enti\u00e8rement vou\u00e9 \u00e0 la culture scientifique, sa vulgarisation et sa transmission aupr\u00e8s des citoyens et des citoyennes, et plus particuli\u00e8rement aupr\u00e8s des enfants. Situ\u00e9e au c\u0153ur du Vieux-Qu\u00e9bec, dans l\u2019enceinte du site historique du S\u00e9minaire de Qu\u00e9bec, la future Maison des sciences proposera un contenu diversifi\u00e9, instructif et original pour toute la famille, en plus de mettre en valeur l\u2019exceptionnelle collection scientifique du S\u00e9minaire, une des plus importantes en Am\u00e9rique du Nord.<\/p>\n<p><a href=\"https:\/\/science24heures.com\/programmation\/exposition-dans-loeil-de-la-recherche\/\" target=\"_blank\" rel=\"noopener\"><strong>Le<\/strong> <strong>24 heures de science<\/strong><\/a><br \/>Du 3 au 5\u00a0mai, les familles et le grand public sont invit\u00e9s \u00e0 plonger dans l\u2019univers fascinant de la recherche en sant\u00e9 au Mus\u00e9e de la civilisation en compagnie de chercheuses et de chercheurs du CHU de Qu\u00e9bec-Universit\u00e9 Laval. Pour cette fin de semaine de <em>24\u00a0heures de science<\/em>, les visiteuses et visiteurs pourront rencontrer, discuter et \u00e9changer avec les \u00e9quipes de recherche qui seront sur place pour vous faire d\u00e9couvrir les grands myst\u00e8res de la science. Une immersion \u00e0 dimension humaine dans la recherche biom\u00e9dicale\u2009! De plus, l\u2019admission au Mus\u00e9e sera enti\u00e8rement <a href=\"https:\/\/www.quebec.ca\/culture\/musees\/gratuite-musees\" target=\"_blank\" rel=\"noopener\">gratuite le dimanche 5 mai<\/a>\u2009! Au programme\u00a0: animations et \u00e9changes avec de vrais scientifiques, activit\u00e9s au microscope, aire de dessins, et plus encore, dans l\u2019exposition <em>Dans l\u2019\u0153il de la recherche<\/em>, pr\u00e9sent\u00e9e \u00e0 l\u2019espace <a href=\"https:\/\/mcq.org\/decouvrir\/expositions\/voie-libre\/?gad_source=1&amp;gclid=Cj0KCQjwn7mwBhCiARIsAGoxjaJXnu3j2wQv0zSfDmQWfEzfvY5zSZ5oRNYuejPMbFeoc8zFgk87KuoaArzjEALw_wcB\">Voie libre.<\/a><\/p>\n<p>Pour consulter la programmation d\u00e9taill\u00e9e du Mus\u00e9e\u00a0<em>: <\/em><a href=\"http:\/\/www.mcq.org\">www.mcq.org<\/a>.<\/p>\n<p>\u00a0<\/p>\n<p><strong>Informations additionnelles<br \/><\/strong>Voici les 13 finalistes du concours dont les \u0153uvres composent l\u2019exposition\u00a0:<\/p>\n<ul>\n<li>Marie-Kim Gros-Louis, infirmi\u00e8re auxiliaire dans l\u2019\u00e9quipe de la Pre Marie-No\u00eblle Corriveau\u2009;<\/li>\n<li>Felipe Da Gama, \u00e9tudiant au doctorat sous la direction du Pr Steve Lacroix\u2009;<\/li>\n<li>Maria Elena Lombardo, chercheuse postdoctorale, laboratoire du Pr Diego Mantovani\u2009;<\/li>\n<li>Pascale Chevallier, professionnelle de recherche, laboratoire du Pr Diego Mantovani\u2009;<\/li>\n<li>Martial Millet, \u00e9tudiant au doctorat sous la direction du Pr Fran\u00e7ois Bordeleau\u2009;<\/li>\n<li>Jenifer Espinoza, \u00e9tudiante \u00e0 la ma\u00eetrise sous la direction de la Pre Francine Durocher\u2009;<\/li>\n<li>Williams Marcel Caceres Ferreira, \u00e9tudiant au doctorat sous la direction du Pr Ga\u00e9tan Laroche\u2009;<\/li>\n<li>Sandrine Beaulieu, professionnelle de recherche, laboratoire de la Dre Anne-Marie Carreau\u2009;<\/li>\n<li>Amandine Isenbrandt, \u00e9tudiante au doctorat sous la direction du Pr Denis Soulet\u2009;<\/li>\n<li>Olivier Chancy, \u00e9tudiant au doctorat sous la direction de la Pre Solange Landreville\u2009;<\/li>\n<li>Ludovic Vinay, \u00e9tudiant au doctorat sous la direction de la Pre Cl\u00e9mence Belleann\u00e9e\u2009;<\/li>\n<li>Walid Idi, \u00e9tudiant au doctorat sous la direction du Pr Abid Oueslati\u2009;<\/li>\n<li>Val\u00e9rie Watters, \u00e9tudiante au doctorat sous la direction du Pr Samer Hussein.<\/li>\n<\/ul>\n<p>\u00a0<\/p>\n<p><strong>Dignitaires pr\u00e9sents :<\/strong><\/p>\n<ul>\n<li>M. St\u00e9phan La Roche, PDG du Mus\u00e9e de la civilisation<\/li>\n<li>M. Martin Beaumont, PDG du CHU de Qu\u00e9bec-Universit\u00e9 Laval\u00a0<\/li>\n<li>Pr Serge Rivest, directeur du Centre de recherche du CHU de Qu\u00e9bec-Universit\u00e9 Laval<\/li>\n<li>Mme\u00a0Marie-\u00c9laine Lemieux, Directrice au d\u00e9veloppement corporatif, Fondation du CHU de Qu\u00e9bec<\/li>\n<\/ul>\n<p><strong>\u00a0<\/strong><\/p>\n<p><strong>\u00c0 propos du <\/strong><a href=\"http:\/\/www.crchudequebec.ulaval.ca\/\"><strong>Centre de recherche du CHU de Qu\u00e9bec-Universit\u00e9 Laval<\/strong><\/a><\/p>\n<p>\u00a0<\/p>\n<p><strong>Relations de press<\/strong><strong>Mus\u00e9e de la civilisation<\/strong><\/p>\n<p>Anne-Sophie Desmeules : 418 643-2158, poste 208\u2009; courriel : <a href=\"mailto:anne-sophie.desmeules@mcq.org\">anne-sophie.desmeules@mcq.org<\/a><\/p>\n\n\n          <\/div>\n  <\/div>\n<\/div>","protected":false},"excerpt":{"rendered":"","protected":false},"featured_media":0,"parent":0,"menu_order":0,"template":"","comm-tax":[8],"class_list":["post-15812","presse","type-presse","status-publish","hentry","comm-tax-communique"],"acf":[],"yoast_head":"<!-- This site is optimized with the Yoast SEO Premium plugin v27.3 (Yoast SEO v27.3) - https:\/\/yoast.com\/product\/yoast-seo-premium-wordpress\/ -->\n<title>Dans l\u2019\u0153il de la recherche : pour voir les sciences autrement - Communiqu\u00e9 de presse | Mus\u00e9e de la civilisation<\/title>\n<meta name=\"description\" content=\"Dans l\u2019\u0153il de la recherche : pour voir les sciences autrement- communiqu\u00e9 de presse du Mus\u00e9e de la civilisation \u00e0 Qu\u00e9bec.\" \/>\n<meta name=\"robots\" content=\"index, follow, max-snippet:-1, max-image-preview:large, max-video-preview:-1\" \/>\n<link rel=\"canonical\" href=\"https:\/\/mcq.org\/en\/a-propos\/medias\/communiques\/dans-loeil-de-la-recherche-pour-voir-les-sciences-autrement\/\" \/>\n<meta property=\"og:locale\" content=\"en_US\" \/>\n<meta property=\"og:type\" content=\"article\" \/>\n<meta property=\"og:title\" content=\"Dans l\u2019\u0153il de la recherche : pour voir les sciences autrement - Communiqu\u00e9 de presse | Mus\u00e9e de la civilisation\" \/>\n<meta property=\"og:description\" content=\"Dans l\u2019\u0153il de la recherche : pour voir les sciences autrement- communiqu\u00e9 de presse du Mus\u00e9e de la civilisation \u00e0 Qu\u00e9bec.\" \/>\n<meta property=\"og:url\" content=\"https:\/\/mcq.org\/en\/a-propos\/medias\/communiques\/dans-loeil-de-la-recherche-pour-voir-les-sciences-autrement\/\" \/>\n<meta property=\"og:site_name\" content=\"Mus\u00e9e de la civilisation\" \/>\n<meta property=\"article:publisher\" content=\"https:\/\/www.facebook.com\/mcqorg\" \/>\n<meta property=\"article:modified_time\" content=\"2024-04-11T14:10:46+00:00\" \/>\n<meta property=\"og:image\" content=\"https:\/\/mcq.org\/wp-content\/uploads\/2024\/04\/exposition-dans-oeil-science.jpg\" \/>\n\t<meta property=\"og:image:width\" content=\"600\" \/>\n\t<meta property=\"og:image:height\" content=\"600\" \/>\n\t<meta property=\"og:image:type\" content=\"image\/jpeg\" \/>\n<meta name=\"twitter:card\" content=\"summary_large_image\" \/>\n<meta name=\"twitter:site\" content=\"@mcqorg\" \/>\n<meta name=\"twitter:label1\" content=\"Est. reading time\" \/>\n\t<meta name=\"twitter:data1\" content=\"4 minutes\" \/>\n<!-- \/ Yoast SEO Premium plugin. -->","yoast_head_json":{"title":"Dans l\u2019\u0153il de la recherche : pour voir les sciences autrement - Communiqu\u00e9 de presse | Mus\u00e9e de la civilisation","description":"Dans l\u2019\u0153il de la recherche : pour voir les sciences autrement- communiqu\u00e9 de presse du Mus\u00e9e de la civilisation \u00e0 Qu\u00e9bec.","robots":{"index":"index","follow":"follow","max-snippet":"max-snippet:-1","max-image-preview":"max-image-preview:large","max-video-preview":"max-video-preview:-1"},"canonical":"https:\/\/mcq.org\/en\/a-propos\/medias\/communiques\/dans-loeil-de-la-recherche-pour-voir-les-sciences-autrement\/","og_locale":"en_US","og_type":"article","og_title":"Dans l\u2019\u0153il de la recherche : pour voir les sciences autrement - Communiqu\u00e9 de presse | Mus\u00e9e de la civilisation","og_description":"Dans l\u2019\u0153il de la recherche : pour voir les sciences autrement- communiqu\u00e9 de presse du Mus\u00e9e de la civilisation \u00e0 Qu\u00e9bec.","og_url":"https:\/\/mcq.org\/en\/a-propos\/medias\/communiques\/dans-loeil-de-la-recherche-pour-voir-les-sciences-autrement\/","og_site_name":"Mus\u00e9e de la civilisation","article_publisher":"https:\/\/www.facebook.com\/mcqorg","article_modified_time":"2024-04-11T14:10:46+00:00","og_image":[{"width":600,"height":600,"url":"https:\/\/mcq.org\/wp-content\/uploads\/2024\/04\/exposition-dans-oeil-science.jpg","type":"image\/jpeg"}],"twitter_card":"summary_large_image","twitter_site":"@mcqorg","twitter_misc":{"Est. reading time":"4 minutes"},"schema":{"@context":"https:\/\/schema.org","@graph":[{"@type":"WebPage","@id":"https:\/\/mcq.org\/en\/a-propos\/medias\/communiques\/dans-loeil-de-la-recherche-pour-voir-les-sciences-autrement\/","url":"https:\/\/mcq.org\/en\/a-propos\/medias\/communiques\/dans-loeil-de-la-recherche-pour-voir-les-sciences-autrement\/","name":"Dans l\u2019\u0153il de la recherche : pour voir les sciences autrement - Communiqu\u00e9 de presse | Mus\u00e9e de la civilisation","isPartOf":{"@id":"https:\/\/mcq.org\/en\/#website"},"datePublished":"2024-04-10T13:54:46+00:00","dateModified":"2024-04-11T14:10:46+00:00","description":"Dans l\u2019\u0153il de la recherche : pour voir les sciences autrement- communiqu\u00e9 de presse du Mus\u00e9e de la civilisation \u00e0 Qu\u00e9bec.","breadcrumb":{"@id":"https:\/\/mcq.org\/en\/a-propos\/medias\/communiques\/dans-loeil-de-la-recherche-pour-voir-les-sciences-autrement\/#breadcrumb"},"inLanguage":"en-US","potentialAction":[{"@type":"ReadAction","target":["https:\/\/mcq.org\/en\/a-propos\/medias\/communiques\/dans-loeil-de-la-recherche-pour-voir-les-sciences-autrement\/"]}]},{"@type":"BreadcrumbList","@id":"https:\/\/mcq.org\/en\/a-propos\/medias\/communiques\/dans-loeil-de-la-recherche-pour-voir-les-sciences-autrement\/#breadcrumb","itemListElement":[{"@type":"ListItem","position":1,"name":"Home","item":"https:\/\/mcq.org\/en\/"},{"@type":"ListItem","position":2,"name":"Communiqu\u00e9s presse","item":"https:\/\/mcq.org\/en\/a-propos\/medias\/communiques\/"},{"@type":"ListItem","position":3,"name":"Dans l\u2019\u0153il de la recherche : pour voir les sciences autrement"}]},{"@type":"WebSite","@id":"https:\/\/mcq.org\/en\/#website","url":"https:\/\/mcq.org\/en\/","name":"Mus\u00e9e de la civilisation","description":"Le Mus\u00e9e de la civilisation explore les diff\u00e9rentes facettes de la r\u00e9alit\u00e9 humaine avec sa d\u00e9marche unique qui combine enchantement, connaissance et r\u00e9flexion.","publisher":{"@id":"https:\/\/mcq.org\/en\/#organization"},"alternateName":"MCQ","potentialAction":[{"@type":"SearchAction","target":{"@type":"EntryPoint","urlTemplate":"https:\/\/mcq.org\/en\/?s={search_term_string}"},"query-input":{"@type":"PropertyValueSpecification","valueRequired":true,"valueName":"search_term_string"}}],"inLanguage":"en-US"},{"@type":"Organization","@id":"https:\/\/mcq.org\/en\/#organization","name":"Mus\u00e9e de la civilisation","alternateName":"MCQ","url":"https:\/\/mcq.org\/en\/","logo":{"@type":"ImageObject","inLanguage":"en-US","@id":"https:\/\/mcq.org\/en\/#\/schema\/logo\/image\/","url":"https:\/\/mcq.org\/wp-content\/uploads\/2023\/04\/logo-mcq-300x123-1.png","contentUrl":"https:\/\/mcq.org\/wp-content\/uploads\/2023\/04\/logo-mcq-300x123-1.png","width":300,"height":123,"caption":"Mus\u00e9e de la civilisation"},"image":{"@id":"https:\/\/mcq.org\/en\/#\/schema\/logo\/image\/"},"sameAs":["https:\/\/www.facebook.com\/mcqorg","https:\/\/x.com\/mcqorg","https:\/\/www.instagram.com\/mcqorg\/","https:\/\/www.linkedin.com\/company\/mcqorg\/"]}]}},"_links":{"self":[{"href":"https:\/\/mcq.org\/en\/wp-json\/wp\/v2\/presse\/15812","targetHints":{"allow":["GET"]}}],"collection":[{"href":"https:\/\/mcq.org\/en\/wp-json\/wp\/v2\/presse"}],"about":[{"href":"https:\/\/mcq.org\/en\/wp-json\/wp\/v2\/types\/presse"}],"version-history":[{"count":1,"href":"https:\/\/mcq.org\/en\/wp-json\/wp\/v2\/presse\/15812\/revisions"}],"predecessor-version":[{"id":15813,"href":"https:\/\/mcq.org\/en\/wp-json\/wp\/v2\/presse\/15812\/revisions\/15813"}],"wp:attachment":[{"href":"https:\/\/mcq.org\/en\/wp-json\/wp\/v2\/media?parent=15812"}],"wp:term":[{"taxonomy":"comm-tax","embeddable":true,"href":"https:\/\/mcq.org\/en\/wp-json\/wp\/v2\/comm-tax?post=15812"}],"curies":[{"name":"wp","href":"https:\/\/api.w.org\/{rel}","templated":true}]}}