{"id":15458,"date":"2024-03-26T16:29:38","date_gmt":"2024-03-26T20:29:38","guid":{"rendered":"https:\/\/mcq.org\/?post_type=presse&#038;p=15458"},"modified":"2024-03-26T16:30:13","modified_gmt":"2024-03-26T20:30:13","slug":"cest-le-retour-du-printemps-et-du-traditionnel-week-end-de-paques-au-musee","status":"publish","type":"presse","link":"https:\/\/mcq.org\/en\/a-propos\/medias\/communiques\/cest-le-retour-du-printemps-et-du-traditionnel-week-end-de-paques-au-musee\/","title":{"rendered":"C&#8217;est le retour du printemps&#8230; et du traditionnel week-end de P\u00e2ques au Mus\u00e9e!"},"content":{"rendered":"<div  class=\"container contenu-centre\">\n  <div class=\"row justify-content-center\">\n    <div class=\"col-lg-10 col-xl-8\">\n      \n        \n\n<p>Pour une huiti\u00e8me ann\u00e9e, le fameux Week-end de P\u00e2ques Chocolats Favoris, pr\u00e9sent\u00e9 par Desjardins, revient au Mus\u00e9e de la civilisation les 30 et 31 mars prochains. Ce populaire \u00e9v\u00e9nement, au profit de la <a href=\"https:\/\/mcq.org\/soutenir\/fondation\/?gad_source=1&amp;gclid=CjwKCAiA_tuuBhAUEiwAvxkgTrxqIXhMOIoTsHmYDcy50LMgwdIFmDepSzUstApb_ilvK60jI_ePtRoCLVUQAvD_BwE\">Fondation du Mus\u00e9e de la civilisation<\/a>, attire de nombreuses familles, ann\u00e9e apr\u00e8s ann\u00e9e, et permet aux plus petits comme aux plus grands de profiter de nombreuses activit\u00e9s, dont un spectacle, une conf\u00e9rence, un atelier Coco D\u00e9co offert par <a href=\"https:\/\/www.chocolatsfavoris.com\/\" target=\"_blank\" rel=\"noopener\">Chocolats Favoris,<\/a> une chasse aux cocos et une exposition sur le chocolat\u2009!<\/p>\n<h2>Sous le signe du partage<\/h2>\n<p><strong>De 9\u00a0h \u00e0 midi<\/strong>, l\u2019\u00e9v\u00e9nement accueillera exclusivement des centaines de familles provenant d\u2019organismes communautaires de la r\u00e9gion de Qu\u00e9bec et de L\u00e9vis. Ces familles pourront vivre une f\u00eate de P\u00e2ques sucr\u00e9e, chaleureuse, pleine de surprises et enti\u00e8rement gratuite\u2009!<\/p>\n<p>Mais, parce que tout est meilleur lorsqu\u2019on partage, le Mus\u00e9e ouvrira ses portes au grand public, <strong>d\u00e8s midi,<\/strong> et toutes les activit\u00e9s seront offertes gratuitement avec le droit d\u2019entr\u00e9e. Une partie des <a href=\"https:\/\/www.jedonneenligne.org\/fondationmcq\/FORMWEB\/\">revenus amass\u00e9s<\/a> \u00e0 la billetterie du Mus\u00e9e lors de cette fin de semaine sera remise \u00e0 la Fondation, qui \u0153uvre depuis pr\u00e8s de 32\u00a0ans \u00e0 rendre la culture accessible au plus grand nombre, particuli\u00e8rement aux enfants et aux familles en situation de besoins particuliers.<\/p>\n<p>Encore cette ann\u00e9e, le <a href=\"https:\/\/mcq.org\/soutenir\/fondation\/activites-et-campagnes-de-financement\/paques\/\">Week-end de P\u00e2ques Chocolats Favoris<\/a> est rendu possible gr\u00e2ce \u00e0 <a href=\"https:\/\/www.desjardins.com\/qc\/fr.html\" target=\"_blank\" rel=\"noopener\">Desjardins<\/a>, <a href=\"https:\/\/www.barry-callebaut.com\/fr-CA\" target=\"_blank\" rel=\"noopener\">Barry Callebaut<\/a>, la <a href=\"https:\/\/fdg.ca\/\" target=\"_blank\" rel=\"noopener\">Fondation Dufresne et Gauthier,<\/a> <a href=\"https:\/\/quebec.wknd.fm\/\" target=\"_blank\" rel=\"noopener\">WKND 91.9<\/a> et de nombreuses autres entreprises qui s\u2019impliquent en don, en pr\u00e9sence ou en commandite, que le Mus\u00e9e de la civilisation et sa fondation remercient chaleureusement.<\/p>\n<h2>Une d\u00e9licieuse programmation est offerte au grand public \u00e0 partir de 12 h<\/h2>\n<p><strong>Spectacle <em>Juju et Marcelle et l\u2019incroyable heure du bain<br \/><\/em><\/strong><strong>14 h<\/strong><\/p>\n<p>Les jumelles Juju et Marcelle font tout pour retarder l\u2019heure du bain. Leur salle de bain, hors du commun, est un lieu de d\u00e9couvertes, des petits bonheurs du quotidien et un terrain d\u2019exploration infini pour leurs id\u00e9es farfelues\u2026 Vont-elles finir par se tremper le pied\u2009? Une production du Th\u00e9\u00e2tre Omnivore.<\/p>\n<p><em>Pr\u00e9sent\u00e9 par la <a href=\"https:\/\/fdg.ca\/\" target=\"_blank\" rel=\"noopener\">Fondation Dufresne et Gauthier<\/a><\/em><\/p>\n<p><strong>Atelier <em>Coco D\u00e9co<br \/><\/em><\/strong><strong>12 h \u00e0 16 h<\/strong><\/p>\n<p>D\u00e9corer des cocos, c\u2019est amusant. D\u00e9corer des cocos en chocolat, c\u2019est amusant et all\u00e9chant\u2009! Laissez libre cours \u00e0 votre cr\u00e9ativit\u00e9 et repartez avec un souvenir gourmand.<\/p>\n<p><em>Pr\u00e9sent\u00e9 par <a href=\"https:\/\/quebec.wknd.fm\/\" target=\"_blank\" rel=\"noopener\">WKND 91.9<\/a><\/em><\/p>\n<p><strong>Atelier de danse hip-hop<br \/><\/strong><strong>13\u00a0h\u00a015, 14\u00a0h, 14\u00a0h\u00a045, 15\u00a0h\u00a030<\/strong><\/p>\n<p>Apprenez \u00e0 ex\u00e9cuter des mouvements de danse qui vous feront sentir comme les futures \u00e9toiles de la danse hip-hop\u2009avec le <a href=\"https:\/\/www.studiopartytime.com\/\" target=\"_blank\" rel=\"noopener\">Studio Party Time<\/a>\u2009!<\/p>\n<p><em>Pr\u00e9sent\u00e9 par <a href=\"https:\/\/www.beneva.ca\/fr\" target=\"_blank\" rel=\"noopener\">Beneva<\/a><\/em><\/p>\n<p><strong>Conf\u00e9rence <em>Ma plan\u00e8te fait de la fi\u00e8vre<\/em>, par Florence L\u00e9a Siry<br \/><\/strong><strong>12\u00a0h et 14\u00a0h\u00a030<\/strong><\/p>\n<p>L\u2019experte de la lutte contre le gaspillage alimentaire et de la r\u00e9duction des d\u00e9chets, Florence-L\u00e9a Siry, vous pr\u00e9sente des trucs et astuces pour prendre soin de notre plan\u00e8te.<\/p>\n<p><strong>Atelier de bricolage<br \/><\/strong><strong>12\u00a0h \u00e0 16\u00a0h<\/strong><\/p>\n<p>En lien avec l\u2019exposition <a href=\"https:\/\/mcq.org\/decouvrir\/expositions\/lutte-le-quebec-dans-larene\/\"><em>Lutte. Le Qu\u00e9bec dans l\u2019ar\u00e8ne<\/em><\/a>, venez bricoler votre propre masque de lutteur\u2009!<\/p>\n<p><em>Pr\u00e9sent\u00e9 par <a href=\"https:\/\/martindessert.com\/\" target=\"_blank\" rel=\"noopener\">Martin Dessert<\/a><\/em><\/p>\n<p><strong>Atelier de peinture<br \/><\/strong><strong>Samedi 30 mars\u00a0: 12\u00a0h\u00a015, 14\u00a0h<br \/><\/strong><strong>Dimanche 31 mars\u00a0: 12\u00a0h, 13\u00a0h<\/strong><\/p>\n<p>En s\u2019inspirant de l\u2019exposition <a href=\"https:\/\/mcq.org\/decouvrir\/expositions\/ma-maison\/\"><em>Ma maison<\/em><\/a>, laissez aller votre cr\u00e9ativit\u00e9 dans un atelier de peinture en compagnie de la jeune artiste <a href=\"https:\/\/www.megartiste.com\/\">Meg<\/a>.<\/p>\n<p><strong>Chasse aux cocos<br \/><\/strong><strong>En continu de 12\u00a0h \u00e0 17\u00a0h<\/strong><\/p>\n<p>\u00c0 travers le Mus\u00e9e, trouvez les r\u00e9ponses aux \u00e9nigmes. Inscrivez vos r\u00e9ponses et obtenez une r\u00e9compense\u2009!<\/p>\n<p><strong>D\u00e9monstration : Vive le chocolat\u2009!<br \/><\/strong><strong>12\u00a0h \u00e0 16\u00a0h<\/strong><\/p>\n<p>D\u00e9couvrez le processus de transformation du chocolat par le biais d\u2019une installation cr\u00e9\u00e9e tout sp\u00e9cialement pour l\u2019occasion et profitez-en pour d\u00e9guster un d\u00e9licieux chocolat chaud\u2009!<\/p>\n<p><em>Pr\u00e9sent\u00e9e par <a href=\"https:\/\/www.barry-callebaut.com\/fr-CA\" target=\"_blank\" rel=\"noopener\">Barry Callebaut<\/a><br \/><br \/><\/em><\/p>\n<p><strong>Organismes partenaires du Week-end de P\u00e2ques 2024<\/strong><\/p>\n<ul>\n<li>Autisme Qu\u00e9bec<\/li>\n<li>CAPJ L\u00e9vis, Centre d\u2019aide et pr\u00e9vention jeunesse<\/li>\n<li>Carrefour des enfants de Saint-Malo<\/li>\n<li>Centre Durocher<\/li>\n<li>Centre Famille Haute-Ville<\/li>\n<li>Centre de p\u00e9diatrie sociale de L\u00e9vis<\/li>\n<li>Centre de p\u00e9diatrie sociale de Qu\u00e9bec<\/li>\n<li>Centre ressources Jardin de Familles<\/li>\n<li>Entraide Agap\u00e8<\/li>\n<li>Entraide Cabrini<\/li>\n<li>Fondation Dufresne &amp; Gauthier<\/li>\n<li>Fondation Petits bonheurs d\u2019\u00e9cole<\/li>\n<li>Fondation Le Petit Blanchon<\/li>\n<li>Fondation Sourdine<\/li>\n<li>Joujouth\u00e8que Basse-ville<\/li>\n<li>Laura L\u00e9merveil<\/li>\n<li>La Boussole<\/li>\n<li>Le Pignon Bleu<\/li>\n<li>Le Pivot<\/li>\n<li>Le Tremplin<\/li>\n<li>Maison de la Famille Rive-Sud<\/li>\n<li>Maison des enfants de Saint-Roch<\/li>\n<li>Regroupement Actions Familles \u00e0 Lac-Saint-Charles<\/li>\n<li>Service d\u2019entraide de St-Jean-Chrysostome<\/li>\n<li>Ressources Parents Vanier<\/li>\n<li>Solidarit\u00e9 Famille<\/li>\n<\/ul>\n<p>\u00a0<\/p>\n<p style=\"text-align: center;\">-30-<\/p>\n<p>\u00a0<\/p>\n<p><strong>Relations de presse<\/strong><\/p>\n<p><strong>Qu\u00e9bec<\/strong><\/p>\n<p>Anne-Sophie Desmeules\u00a0: 418\u00a0643-2158, poste\u00a0208\u2009; courriel\u00a0: <a href=\"mailto:anne-sophie.desmeules@mcq.org\">anne-sophie.desmeules@mcq.org<\/a><\/p>\n<p>Agn\u00e8s Dufour\u00a0: 418\u00a0643-2158, poste 433\u2009; courriel\u00a0: <a href=\"mailto:agnes.dufour@mcq.org\">agnes.dufour@mcq.org<\/a><\/p>\n\n\n          <\/div>\n  <\/div>\n<\/div>","protected":false},"excerpt":{"rendered":"","protected":false},"featured_media":0,"parent":0,"menu_order":0,"template":"","comm-tax":[8],"class_list":["post-15458","presse","type-presse","status-publish","hentry","comm-tax-communique"],"acf":[],"yoast_head":"<!-- This site is optimized with the Yoast SEO Premium plugin v27.3 (Yoast SEO v27.3) - https:\/\/yoast.com\/product\/yoast-seo-premium-wordpress\/ -->\n<title>C&#039;est le retour du printemps... et du traditionnel week-end de P\u00e2ques au Mus\u00e9e! - Communiqu\u00e9 de presse | Mus\u00e9e de la civilisation<\/title>\n<meta name=\"description\" content=\"C&#039;est le retour du printemps... et du traditionnel week-end de P\u00e2ques au Mus\u00e9e!- communiqu\u00e9 de presse du Mus\u00e9e de la civilisation \u00e0 Qu\u00e9bec.\" \/>\n<meta name=\"robots\" content=\"index, follow, max-snippet:-1, max-image-preview:large, max-video-preview:-1\" \/>\n<link rel=\"canonical\" href=\"https:\/\/mcq.org\/en\/a-propos\/medias\/communiques\/cest-le-retour-du-printemps-et-du-traditionnel-week-end-de-paques-au-musee\/\" \/>\n<meta property=\"og:locale\" content=\"en_US\" \/>\n<meta property=\"og:type\" content=\"article\" \/>\n<meta property=\"og:title\" content=\"C&#039;est le retour du printemps... et du traditionnel week-end de P\u00e2ques au Mus\u00e9e! - Communiqu\u00e9 de presse | Mus\u00e9e de la civilisation\" \/>\n<meta property=\"og:description\" content=\"C&#039;est le retour du printemps... et du traditionnel week-end de P\u00e2ques au Mus\u00e9e!- communiqu\u00e9 de presse du Mus\u00e9e de la civilisation \u00e0 Qu\u00e9bec.\" \/>\n<meta property=\"og:url\" content=\"https:\/\/mcq.org\/en\/a-propos\/medias\/communiques\/cest-le-retour-du-printemps-et-du-traditionnel-week-end-de-paques-au-musee\/\" \/>\n<meta property=\"og:site_name\" content=\"Mus\u00e9e de la civilisation\" \/>\n<meta property=\"article:publisher\" content=\"https:\/\/www.facebook.com\/mcqorg\" \/>\n<meta property=\"article:modified_time\" content=\"2024-03-26T20:30:13+00:00\" \/>\n<meta property=\"og:image\" content=\"https:\/\/mcq.org\/wp-content\/uploads\/2024\/02\/Paques-2024.jpg\" \/>\n\t<meta property=\"og:image:width\" content=\"600\" \/>\n\t<meta property=\"og:image:height\" content=\"600\" \/>\n\t<meta property=\"og:image:type\" content=\"image\/jpeg\" \/>\n<meta name=\"twitter:card\" content=\"summary_large_image\" \/>\n<meta name=\"twitter:site\" content=\"@mcqorg\" \/>\n<meta name=\"twitter:label1\" content=\"Est. reading time\" \/>\n\t<meta name=\"twitter:data1\" content=\"4 minutes\" \/>\n<!-- \/ Yoast SEO Premium plugin. -->","yoast_head_json":{"title":"C'est le retour du printemps... et du traditionnel week-end de P\u00e2ques au Mus\u00e9e! - Communiqu\u00e9 de presse | Mus\u00e9e de la civilisation","description":"C'est le retour du printemps... et du traditionnel week-end de P\u00e2ques au Mus\u00e9e!- communiqu\u00e9 de presse du Mus\u00e9e de la civilisation \u00e0 Qu\u00e9bec.","robots":{"index":"index","follow":"follow","max-snippet":"max-snippet:-1","max-image-preview":"max-image-preview:large","max-video-preview":"max-video-preview:-1"},"canonical":"https:\/\/mcq.org\/en\/a-propos\/medias\/communiques\/cest-le-retour-du-printemps-et-du-traditionnel-week-end-de-paques-au-musee\/","og_locale":"en_US","og_type":"article","og_title":"C'est le retour du printemps... et du traditionnel week-end de P\u00e2ques au Mus\u00e9e! - Communiqu\u00e9 de presse | Mus\u00e9e de la civilisation","og_description":"C'est le retour du printemps... et du traditionnel week-end de P\u00e2ques au Mus\u00e9e!- communiqu\u00e9 de presse du Mus\u00e9e de la civilisation \u00e0 Qu\u00e9bec.","og_url":"https:\/\/mcq.org\/en\/a-propos\/medias\/communiques\/cest-le-retour-du-printemps-et-du-traditionnel-week-end-de-paques-au-musee\/","og_site_name":"Mus\u00e9e de la civilisation","article_publisher":"https:\/\/www.facebook.com\/mcqorg","article_modified_time":"2024-03-26T20:30:13+00:00","og_image":[{"width":600,"height":600,"url":"https:\/\/mcq.org\/wp-content\/uploads\/2024\/02\/Paques-2024.jpg","type":"image\/jpeg"}],"twitter_card":"summary_large_image","twitter_site":"@mcqorg","twitter_misc":{"Est. reading time":"4 minutes"},"schema":{"@context":"https:\/\/schema.org","@graph":[{"@type":"WebPage","@id":"https:\/\/mcq.org\/en\/a-propos\/medias\/communiques\/cest-le-retour-du-printemps-et-du-traditionnel-week-end-de-paques-au-musee\/","url":"https:\/\/mcq.org\/en\/a-propos\/medias\/communiques\/cest-le-retour-du-printemps-et-du-traditionnel-week-end-de-paques-au-musee\/","name":"C'est le retour du printemps... et du traditionnel week-end de P\u00e2ques au Mus\u00e9e! - Communiqu\u00e9 de presse | Mus\u00e9e de la civilisation","isPartOf":{"@id":"https:\/\/mcq.org\/en\/#website"},"datePublished":"2024-03-26T20:29:38+00:00","dateModified":"2024-03-26T20:30:13+00:00","description":"C'est le retour du printemps... et du traditionnel week-end de P\u00e2ques au Mus\u00e9e!- communiqu\u00e9 de presse du Mus\u00e9e de la civilisation \u00e0 Qu\u00e9bec.","breadcrumb":{"@id":"https:\/\/mcq.org\/en\/a-propos\/medias\/communiques\/cest-le-retour-du-printemps-et-du-traditionnel-week-end-de-paques-au-musee\/#breadcrumb"},"inLanguage":"en-US","potentialAction":[{"@type":"ReadAction","target":["https:\/\/mcq.org\/en\/a-propos\/medias\/communiques\/cest-le-retour-du-printemps-et-du-traditionnel-week-end-de-paques-au-musee\/"]}]},{"@type":"BreadcrumbList","@id":"https:\/\/mcq.org\/en\/a-propos\/medias\/communiques\/cest-le-retour-du-printemps-et-du-traditionnel-week-end-de-paques-au-musee\/#breadcrumb","itemListElement":[{"@type":"ListItem","position":1,"name":"Home","item":"https:\/\/mcq.org\/en\/"},{"@type":"ListItem","position":2,"name":"Communiqu\u00e9s presse","item":"https:\/\/mcq.org\/en\/a-propos\/medias\/communiques\/"},{"@type":"ListItem","position":3,"name":"C&rsquo;est le retour du printemps&#8230; et du traditionnel week-end de P\u00e2ques au Mus\u00e9e!"}]},{"@type":"WebSite","@id":"https:\/\/mcq.org\/en\/#website","url":"https:\/\/mcq.org\/en\/","name":"Mus\u00e9e de la civilisation","description":"Le Mus\u00e9e de la civilisation explore les diff\u00e9rentes facettes de la r\u00e9alit\u00e9 humaine avec sa d\u00e9marche unique qui combine enchantement, connaissance et r\u00e9flexion.","publisher":{"@id":"https:\/\/mcq.org\/en\/#organization"},"alternateName":"MCQ","potentialAction":[{"@type":"SearchAction","target":{"@type":"EntryPoint","urlTemplate":"https:\/\/mcq.org\/en\/?s={search_term_string}"},"query-input":{"@type":"PropertyValueSpecification","valueRequired":true,"valueName":"search_term_string"}}],"inLanguage":"en-US"},{"@type":"Organization","@id":"https:\/\/mcq.org\/en\/#organization","name":"Mus\u00e9e de la civilisation","alternateName":"MCQ","url":"https:\/\/mcq.org\/en\/","logo":{"@type":"ImageObject","inLanguage":"en-US","@id":"https:\/\/mcq.org\/en\/#\/schema\/logo\/image\/","url":"https:\/\/mcq.org\/wp-content\/uploads\/2023\/04\/logo-mcq-300x123-1.png","contentUrl":"https:\/\/mcq.org\/wp-content\/uploads\/2023\/04\/logo-mcq-300x123-1.png","width":300,"height":123,"caption":"Mus\u00e9e de la civilisation"},"image":{"@id":"https:\/\/mcq.org\/en\/#\/schema\/logo\/image\/"},"sameAs":["https:\/\/www.facebook.com\/mcqorg","https:\/\/x.com\/mcqorg","https:\/\/www.instagram.com\/mcqorg\/","https:\/\/www.linkedin.com\/company\/mcqorg\/"]}]}},"_links":{"self":[{"href":"https:\/\/mcq.org\/en\/wp-json\/wp\/v2\/presse\/15458","targetHints":{"allow":["GET"]}}],"collection":[{"href":"https:\/\/mcq.org\/en\/wp-json\/wp\/v2\/presse"}],"about":[{"href":"https:\/\/mcq.org\/en\/wp-json\/wp\/v2\/types\/presse"}],"version-history":[{"count":2,"href":"https:\/\/mcq.org\/en\/wp-json\/wp\/v2\/presse\/15458\/revisions"}],"predecessor-version":[{"id":15460,"href":"https:\/\/mcq.org\/en\/wp-json\/wp\/v2\/presse\/15458\/revisions\/15460"}],"wp:attachment":[{"href":"https:\/\/mcq.org\/en\/wp-json\/wp\/v2\/media?parent=15458"}],"wp:term":[{"taxonomy":"comm-tax","embeddable":true,"href":"https:\/\/mcq.org\/en\/wp-json\/wp\/v2\/comm-tax?post=15458"}],"curies":[{"name":"wp","href":"https:\/\/api.w.org\/{rel}","templated":true}]}}