{"id":15335,"date":"2024-03-19T10:30:00","date_gmt":"2024-03-19T14:30:00","guid":{"rendered":"https:\/\/mcq.org\/?post_type=presse&#038;p=15335"},"modified":"2024-03-18T17:25:17","modified_gmt":"2024-03-18T21:25:17","slug":"la-lutte-au-musee-avec-ex-machina-et-robert-lepage","status":"publish","type":"presse","link":"https:\/\/mcq.org\/en\/a-propos\/medias\/communiques\/la-lutte-au-musee-avec-ex-machina-et-robert-lepage\/","title":{"rendered":"La lutte au Mus\u00e9e avec Ex Machina et Robert Lepage"},"content":{"rendered":"<div  class=\"container contenu-centre\">\n  <div class=\"row justify-content-center\">\n    <div class=\"col-lg-10 col-xl-8\">\n      \n        \n\n<p>Le Mus\u00e9e de la civilisation, la compagnie de cr\u00e9ation Ex Machina et son directeur artistique Robert Lepage pr\u00e9sentent <a href=\"https:\/\/mcq.org\/decouvrir\/expositions\/lutte-le-quebec-dans-larene\/\"><em>Lutte. Le Qu\u00e9bec dans l\u2019ar\u00e8ne<\/em><\/a>, une exposition o\u00f9 art th\u00e9\u00e2tral et mus\u00e9ologie s\u2019imbriquent pour mettre en sc\u00e8ne la lutte, ses personnages et son \u00e9volution au Qu\u00e9bec, comme on ne l\u2019a jamais vu. Th\u00e9matique rarement mise en valeur dans l\u2019histoire de la mus\u00e9ologie au Qu\u00e9bec, elle est ici mise \u00e0 l\u2019avant-sc\u00e8ne dans une sc\u00e9nographie fid\u00e8le aux approches et \u00e0 l\u2019audace d\u2019Ex Machina, de Robert Lepage et du Mus\u00e9e de la civilisation, \u00e0 la fa\u00e7on d\u2019un th\u00e9\u00e2tre d\u2019images et d\u2019effets d\u2019optique, doubl\u00e9 d\u2019une fresque historique, sociale et culturelle.<\/p>\n<p>Nul besoin d\u2019\u00eatre <em>fan<\/em> de lutte pour deviner \u00e0 quel point cet univers est particulier. Sport\u2009? Divertissement\u2009? Th\u00e9\u00e2tre\u2009? Cirque\u2009? Toutes ces d\u00e9finitions peuvent \u00eatre justes, et d\u00e9pendent du regard que l\u2019on pose sur le sujet. Pratiqu\u00e9e depuis des temps imm\u00e9moriaux et dans toutes les cultures, la lutte exprime un instinct primitif pr\u00e9sent en chacun de nous, qui va bien au-del\u00e0 des artifices que l\u2019on y associe. Elle prend son sens autant <em>sur <\/em>le ring<em> qu\u2019autour <\/em>du ring, cr\u00e9ant une catharsis, du moins une \u00e9motion certaine, chez les spectateurs et spectatrices, de tous horizons.<\/p>\n<p>Voil\u00e0 la pr\u00e9misse sur laquelle s\u2019articule cette exposition originale qui permet \u00e9galement de voir en filigrane les mutations sociales et culturelles de la soci\u00e9t\u00e9 qu\u00e9b\u00e9coise par le truchement de l\u2019\u00e9volution de la lutte, un prisme d\u2019observation insoup\u00e7onn\u00e9 mais fascinant, qui nous fait voir \u00e0 quel point ces deux dimensions se conjuguent et se r\u00e9pondent.<\/p>\n<p>De la grange au Madison Square Garden, dont on peut notamment exp\u00e9rimenter un dispositif reproduisant \u00e0 l\u2019\u00e9chelle cet amphith\u00e9\u00e2tre mythique dans l\u2019exposition, on y traverse les \u00e9poques charni\u00e8res de la pratique de la lutte, de son industrie et de ses lieux et symboles. Des Louis Cyr et autres hommes (et femmes\u2009!) fort.es qui ont captiv\u00e9 les publics par leurs d\u00e9monstrations surhumaines, on se d\u00e9place de la campagne \u00e0 la ville, en passant par l\u2019av\u00e8nement de la t\u00e9l\u00e9vision, cr\u00e9ant un ph\u00e9nom\u00e8ne et \u00e9levant les lutteurs et lutteuses au rang de vedette internationale. Les diff\u00e9rentes prises de luttes, les types de lutte dans le monde et dans l\u2019histoire des civilisations et autres dimensions anthropologiques et culturelles sont des notions \u00e9galement abord\u00e9es dans cette exposition rassembleuse.<\/p>\n<p>L\u2019approche de cr\u00e9ation, si distinctive d\u2019Ex Machina et Robert Lepage, s\u2019y retrouve. On raconte une histoire par le biais de dispositifs jouant avec les perspectives et qui nous \u00e9merveillent, recourant aux technologies visuelles anciennes telles que le mutoscope, le praxinoscope ou la lanterne magique, la st\u00e9r\u00e9oscopie ou encore le fant\u00f4me de\u00a0Pepper\u00a0ou spectre de\u00a0Pepper\u00a0(<strong><em>Pepper\u2019s\u00a0ghost). <\/em><\/strong>Pr\u00e8s de 500 objets composent un corpus \u00e9clectique, dont 363 proviennent de la collection de Jean-Fran\u00e7ois Leduc, collectionneur de Montr\u00e9al. Les autres \u00e9l\u00e9ments sont issus des collections du Mus\u00e9e de la civilisation ou ont \u00e9t\u00e9 emprunt\u00e9s \u00e0 diverses personnes, mus\u00e9es, organisations, dont la mythique WWE, et \u00e9videmment \u00e0 plusieurs anciens lutteurs professionnels.<\/p>\n<p>\u00ab\u2009Cette exposition, c\u2019est le spectacle au mus\u00e9e, c\u2019est la lutte comme une histoire qu\u2019on raconte. Autant le sujet que la fa\u00e7on dont il est abord\u00e9 fascinent, \u00e0 l\u2019image de la magie que cr\u00e9e toujours Ex Machina et Robert Lepage. Le Mus\u00e9e a eu un r\u00e9el bonheur de collaborer avec cette \u00e9quipe, de partager nos expertises et livrer, ensemble, <em>Lutte. Le Qu\u00e9bec dans l\u2019ar\u00e8ne, <\/em>qui explore la lutte, mais qui nous expose aussi, comme humains et comme soci\u00e9t\u00e9, \u00e0 la mani\u00e8re d\u2019un r\u00e9v\u00e9lateur.\u2009\u00bb <strong><em>St\u00e9phan La Roche, pr\u00e9sident-directeur g\u00e9n\u00e9ral, Mus\u00e9e de la civilisation<\/em><\/strong><\/p>\n<p>\u00ab\u2009La lutte est \u00e0 mes yeux une discipline artistique extr\u00eame, mariant l\u2019art du combat avec les arts du cirque et du th\u00e9\u00e2tre. En m\u2019int\u00e9ressant de plus pr\u00e8s \u00e0 son histoire, j\u2019ai constat\u00e9 qu\u2019elle exprime aussi toute la culture d\u2019un peuple. La lutte est une autre fa\u00e7on de raconter les grandes \u00e9poques de l\u2019histoire du Qu\u00e9bec, \u00e0 partir des hommes forts des si\u00e8cles derniers jusqu\u2019\u00e0 nos h\u00e9ros-lutteurs contemporains.\u2009\u00bb <strong><em>Robert Lepage, directeur artistique, Ex Machina<\/em><\/strong><\/p>\n<p><strong>Faits saillants\u00a0: <\/strong><\/p>\n<ul>\n<li>C\u2019est le th\u00e8me de la lutte qui a inspir\u00e9 Ex Machina et le Mus\u00e9e de la civilisation \u00e0 unir leurs talents dans le cadre de cette troisi\u00e8me collaboration, apr\u00e8s <em>M\u00e9tissages <\/em>(2000) et <a href=\"https:\/\/mcq.org\/decouvrir\/expositions\/la-bibliotheque-la-nuit\/\"><em>La biblioth\u00e8que, la nuit<\/em><\/a> (2016). Les pourparlers entre le Mus\u00e9e de la civilisation, Ex Machina et Robert Lepage, passionn\u00e9 par cet art de combat, se sont amorc\u00e9s en 2020.<\/li>\n<li>Plusieurs des objets expos\u00e9s repr\u00e9sentent de v\u00e9ritables tr\u00e9sors historiques de la lutte au Qu\u00e9bec. Sur un total de 493 objets composant le corpus, 57 proviennent des collections du Mus\u00e9e de la civilisation, 70 ont \u00e9t\u00e9 emprunt\u00e9s \u00e0 divers personnes, lutteurs, mus\u00e9es et organisations et 363 proviennent de la collection de Jean-Fran\u00e7ois Leduc, collectionneur de Montr\u00e9al. Ce pr\u00eat a rendu possible l\u2019exposition des costumes de Tiger Jackson (Claude Giroux, de son vrai nom) et de nombreux produits d\u00e9riv\u00e9s et objets de collection rares qui rappelleront des souvenirs \u00e9mouvants aux amateurs et amatrices de lutte et fascineront les esprits curieux.<\/li>\n<li>Parmi les pr\u00eateurs, on retrouve \u00e9galement Raymond Rougeau, Jacques Rougeau, Richard Vigneault alias Rick Martel, Gino Brito, Lionel Provost, des membres de la famille de Yvon Robert, ainsi que le c\u00e9l\u00e8bre lutteur qu\u00e9b\u00e9cois Kevin Owens.<\/li>\n<li>Pat Laprade, animateur et historien de la lutte, a \u00e9galement contribu\u00e9 par l\u2019apport de ses collections personnelles et en nous permettant d\u2019entrer en contact avec des personnalit\u00e9s de la lutte, en plus d\u2019agir \u00e0 titre de consultant au cours de la cr\u00e9ation.<\/li>\n<li>La World Wrestling Entertainment a pr\u00eat\u00e9 des objets ayant appartenu \u00e0 Andr\u00e9 The Giant, bien connu au Qu\u00e9bec sous le nom du G\u00e9ant Ferr\u00e9, Pat Patterson, Luna Vachon, Ivan Koloff, Rick Martel, Kevin Owens, Sami Zayn et Jacques Rougeau dans son personnage<em> \u00ab\u2009<\/em>The Mountie\u2009<em>\u00bb.<\/em><\/li>\n<li>Le <a href=\"https:\/\/www.rom.on.ca\/\" target=\"_blank\" rel=\"noopener\">Royal Ontario Museum<\/a> de Toronto et le <a href=\"https:\/\/saintraymond.toulouse.fr\/\" target=\"_blank\" rel=\"noopener\">Mus\u00e9e Saint-Raymond de Toulouse<\/a> (France) ont g\u00e9n\u00e9reusement accept\u00e9 de pr\u00eater des objets pr\u00e9cieux de la Gr\u00e8ce antique. Ceux-ci sont mis en valeur dans un environnement o\u00f9 le public peut observer diff\u00e9rents t\u00e9moins mat\u00e9riels repr\u00e9sentant quelques formes de luttes pratiqu\u00e9es dans l\u2019histoire et les cultures du monde. \u00c0 ce titre, l\u2019olympien et judoka Nicolas Gill a pr\u00eat\u00e9 son judogi afin de pr\u00e9senter le judo, art martial japonais bien connu.<\/li>\n<li>Repr\u00e9sentatif de la rigueur exceptionnelle dont ont fait preuve les \u00e9quipes de cr\u00e9ation et de r\u00e9alisation, les reconstitutions pr\u00e9sent\u00e9es dans l\u2019exposition via des maquettes de toutes tailles ont \u00e9t\u00e9 r\u00e9alis\u00e9es avec un grand souci du d\u00e9tail, tant au niveau des proportions architecturales que des mat\u00e9riaux utilis\u00e9s.<\/li>\n<li>La North Shore Pro Wrestling, nomm\u00e9e meilleure f\u00e9d\u00e9ration de l\u2019ann\u00e9e au Qu\u00e9bec au cours des 13 derni\u00e8res ann\u00e9es, fait la promotion de la lutte professionnelle au Qu\u00e9bec depuis 15 ans. Du Centre Horizon de Limoilou au <a href=\"https:\/\/www.lediamant.ca\/\" target=\"_blank\" rel=\"noopener\">Diamant<\/a>, sa popularit\u00e9 ne cesse de cro\u00eetre, avec un bassin d\u2019amateurs et d\u2019amatrices de plus en plus grand et diversifi\u00e9. Ses lutteurs Marko Estrada, Travis Toxic et Loue O\u2019Farrell ont particip\u00e9 au tournage d\u2019une projection d\u2019envergure qui occupe une place centrale dans l\u2019exposition et qui pr\u00e9sente diff\u00e9rentes prises de luttes.<\/li>\n<\/ul>\n<p><a href=\"https:\/\/exmachina.ca\/ex-machina\"><strong>\u00c0 propos d\u2019Ex Machina<\/strong><\/a><strong> et Robert Lepage<\/strong><\/p>\n<p>Sous la direction artistique du metteur en sc\u00e8ne Robert Lepage, Ex Machina cr\u00e9e, produit et diffuse des \u0153uvres artistiques multidisciplinaires, le plus souvent \u00e0 dominante th\u00e9\u00e2trale. La compagnie regroupe des cr\u00e9ateurs et cr\u00e9atrices de plusieurs champs d\u2019activit\u00e9 et offre une production artistique vari\u00e9e\u00a0: pi\u00e8ces de th\u00e9\u00e2tre originales \u00e9crites et interpr\u00e9t\u00e9es en solo ou collectivement\u2009; pi\u00e8ces fond\u00e9es sur des textes existants\u2009; productions o\u00f9 diverses disciplines (danse, musique, mus\u00e9ologie) se m\u00ealent au th\u00e9\u00e2tre\u2009; des op\u00e9ras et des productions multim\u00e9dias o\u00f9 la dimension technologique est pr\u00e9pond\u00e9rante. Artiste multidisciplinaire, Robert Lepage est \u00e0 la fois acteur, r\u00e9alisateur, auteur dramatique et metteur en sc\u00e8ne. Salu\u00e9es par la critique internationale, ses \u0153uvres originales, contemporaines et insolites, inspir\u00e9es par l\u2019histoire r\u00e9cente, transcendent les fronti\u00e8res et bouleversent les standards en mati\u00e8re d\u2019\u00e9criture sc\u00e9nique, notamment par l\u2019utilisation des nouvelles technologies.<\/p>\n<p><strong>Au sujet du Mus\u00e9e de la civilisation<\/strong><\/p>\n<p>Le Mus\u00e9e de la civilisation propose une exp\u00e9rience culturelle \u00e9ducative et interactive qui fait na\u00eetre l\u2019\u00e9motion et laisse le public transform\u00e9 depuis plus de trois d\u00e9cennies. Lieu de savoir et d\u2019id\u00e9es, ce mus\u00e9e de soci\u00e9t\u00e9 jette un regard neuf, souvent inattendu, sur l\u2019exp\u00e9rience humaine. Gr\u00e2ce \u00e0 ses expositions originales et audacieuses, petits et grands sont transport\u00e9s dans de multiples univers, au centre des grandes villes du monde, au milieu de mouvements socioculturels marquants, au c\u0153ur de la soci\u00e9t\u00e9 qu\u00e9b\u00e9coise ou de moments marquants de l\u2019histoire. Un lieu o\u00f9 l\u2019on se rassemble pour mieux comprendre le pass\u00e9, construire le pr\u00e9sent, r\u00eaver \u00e0 l\u2019avenir et vivre le monde, ensemble.<\/p>\n<p>\u00a0<\/p>\n<p style=\"text-align: center;\">-30-<\/p>\n<p>\u00a0<\/p>\n<p><strong>Relations de presse<\/strong><\/p>\n<p><strong>Mus\u00e9e de la civilisation<\/strong><\/p>\n<p><strong>Qu\u00e9bec<br \/><\/strong>Anne-Sophie Desmeules\u00a0: 418\u00a0643-2158, poste\u00a0208\u2009; courriel\u00a0: <a href=\"mailto:anne-sophie.desmeules@mcq.org\">anne-sophie.desmeules@mcq.org<\/a><\/p>\n<p>Agn\u00e8s Dufour : 418\u00a0643-2158, poste 433\u2009; courriel\u00a0: <a href=\"mailto:agnes.dufour@mcq.org\">agnes.dufour@mcq.org<\/a><\/p>\n<p><strong>Montr\u00e9al<br \/><\/strong>Rosemonde Gingras\u00a0: 514\u00a0458-8355\u2009; courriel\u00a0: <a href=\"mailto:rosemonde@rosemondecommunications.com\">rosemonde@rosemondecommunications.com<\/a><\/p>\n<p><u>\u00a0<\/u><\/p>\n<p><strong>Ex Machina<br \/><\/strong>Nina Lauren\u00a0: 418\u00a0933-6219\u2009; courriel\u00a0: <a href=\"mailto:nlauren@exmachina.ca\">nlauren@exmachina.ca<\/a><\/p>\n\n\n          <\/div>\n  <\/div>\n<\/div>","protected":false},"excerpt":{"rendered":"","protected":false},"featured_media":15115,"parent":0,"menu_order":0,"template":"","comm-tax":[8],"class_list":["post-15335","presse","type-presse","status-publish","has-post-thumbnail","hentry","comm-tax-communique"],"acf":[],"yoast_head":"<!-- This site is optimized with the Yoast SEO Premium plugin v27.3 (Yoast SEO v27.3) - https:\/\/yoast.com\/product\/yoast-seo-premium-wordpress\/ -->\n<title>La lutte au Mus\u00e9e avec Ex Machina et Robert Lepage - Communiqu\u00e9 de presse | Mus\u00e9e de la civilisation<\/title>\n<meta name=\"description\" content=\"La lutte au Mus\u00e9e avec Ex Machina et Robert Lepage- communiqu\u00e9 de presse du Mus\u00e9e de la civilisation \u00e0 Qu\u00e9bec.\" \/>\n<meta name=\"robots\" content=\"index, follow, max-snippet:-1, max-image-preview:large, max-video-preview:-1\" \/>\n<link rel=\"canonical\" href=\"https:\/\/mcq.org\/en\/a-propos\/medias\/communiques\/la-lutte-au-musee-avec-ex-machina-et-robert-lepage\/\" \/>\n<meta property=\"og:locale\" content=\"en_US\" \/>\n<meta property=\"og:type\" content=\"article\" \/>\n<meta property=\"og:title\" content=\"La lutte au Mus\u00e9e avec Ex Machina et Robert Lepage - Communiqu\u00e9 de presse | Mus\u00e9e de la civilisation\" \/>\n<meta property=\"og:description\" content=\"La lutte au Mus\u00e9e avec Ex Machina et Robert Lepage- communiqu\u00e9 de presse du Mus\u00e9e de la civilisation \u00e0 Qu\u00e9bec.\" \/>\n<meta property=\"og:url\" content=\"https:\/\/mcq.org\/en\/a-propos\/medias\/communiques\/la-lutte-au-musee-avec-ex-machina-et-robert-lepage\/\" \/>\n<meta property=\"og:site_name\" content=\"Mus\u00e9e de la civilisation\" \/>\n<meta property=\"article:publisher\" content=\"https:\/\/www.facebook.com\/mcqorg\" \/>\n<meta property=\"og:image\" content=\"https:\/\/mcq.org\/wp-content\/uploads\/2024\/02\/lutte-image-carre.png\" \/>\n\t<meta property=\"og:image:width\" content=\"600\" \/>\n\t<meta property=\"og:image:height\" content=\"600\" \/>\n\t<meta property=\"og:image:type\" content=\"image\/png\" \/>\n<meta name=\"twitter:card\" content=\"summary_large_image\" \/>\n<meta name=\"twitter:site\" content=\"@mcqorg\" \/>\n<meta name=\"twitter:label1\" content=\"Est. reading time\" \/>\n\t<meta name=\"twitter:data1\" content=\"8 minutes\" \/>\n<!-- \/ Yoast SEO Premium plugin. -->","yoast_head_json":{"title":"La lutte au Mus\u00e9e avec Ex Machina et Robert Lepage - Communiqu\u00e9 de presse | Mus\u00e9e de la civilisation","description":"La lutte au Mus\u00e9e avec Ex Machina et Robert Lepage- communiqu\u00e9 de presse du Mus\u00e9e de la civilisation \u00e0 Qu\u00e9bec.","robots":{"index":"index","follow":"follow","max-snippet":"max-snippet:-1","max-image-preview":"max-image-preview:large","max-video-preview":"max-video-preview:-1"},"canonical":"https:\/\/mcq.org\/en\/a-propos\/medias\/communiques\/la-lutte-au-musee-avec-ex-machina-et-robert-lepage\/","og_locale":"en_US","og_type":"article","og_title":"La lutte au Mus\u00e9e avec Ex Machina et Robert Lepage - Communiqu\u00e9 de presse | Mus\u00e9e de la civilisation","og_description":"La lutte au Mus\u00e9e avec Ex Machina et Robert Lepage- communiqu\u00e9 de presse du Mus\u00e9e de la civilisation \u00e0 Qu\u00e9bec.","og_url":"https:\/\/mcq.org\/en\/a-propos\/medias\/communiques\/la-lutte-au-musee-avec-ex-machina-et-robert-lepage\/","og_site_name":"Mus\u00e9e de la civilisation","article_publisher":"https:\/\/www.facebook.com\/mcqorg","og_image":[{"width":600,"height":600,"url":"https:\/\/mcq.org\/wp-content\/uploads\/2024\/02\/lutte-image-carre.png","type":"image\/png"}],"twitter_card":"summary_large_image","twitter_site":"@mcqorg","twitter_misc":{"Est. reading time":"8 minutes"},"schema":{"@context":"https:\/\/schema.org","@graph":[{"@type":"WebPage","@id":"https:\/\/mcq.org\/en\/a-propos\/medias\/communiques\/la-lutte-au-musee-avec-ex-machina-et-robert-lepage\/","url":"https:\/\/mcq.org\/en\/a-propos\/medias\/communiques\/la-lutte-au-musee-avec-ex-machina-et-robert-lepage\/","name":"La lutte au Mus\u00e9e avec Ex Machina et Robert Lepage - Communiqu\u00e9 de presse | Mus\u00e9e de la civilisation","isPartOf":{"@id":"https:\/\/mcq.org\/en\/#website"},"primaryImageOfPage":{"@id":"https:\/\/mcq.org\/en\/a-propos\/medias\/communiques\/la-lutte-au-musee-avec-ex-machina-et-robert-lepage\/#primaryimage"},"image":{"@id":"https:\/\/mcq.org\/en\/a-propos\/medias\/communiques\/la-lutte-au-musee-avec-ex-machina-et-robert-lepage\/#primaryimage"},"thumbnailUrl":"https:\/\/mcq.org\/wp-content\/uploads\/2024\/02\/lutte-image-carre.png","datePublished":"2024-03-19T14:30:00+00:00","description":"La lutte au Mus\u00e9e avec Ex Machina et Robert Lepage- communiqu\u00e9 de presse du Mus\u00e9e de la civilisation \u00e0 Qu\u00e9bec.","breadcrumb":{"@id":"https:\/\/mcq.org\/en\/a-propos\/medias\/communiques\/la-lutte-au-musee-avec-ex-machina-et-robert-lepage\/#breadcrumb"},"inLanguage":"en-US","potentialAction":[{"@type":"ReadAction","target":["https:\/\/mcq.org\/en\/a-propos\/medias\/communiques\/la-lutte-au-musee-avec-ex-machina-et-robert-lepage\/"]}]},{"@type":"ImageObject","inLanguage":"en-US","@id":"https:\/\/mcq.org\/en\/a-propos\/medias\/communiques\/la-lutte-au-musee-avec-ex-machina-et-robert-lepage\/#primaryimage","url":"https:\/\/mcq.org\/wp-content\/uploads\/2024\/02\/lutte-image-carre.png","contentUrl":"https:\/\/mcq.org\/wp-content\/uploads\/2024\/02\/lutte-image-carre.png","width":600,"height":600,"caption":"Deux lutteurs en mouvement sont face \u00e0 face. Celui de gauche est en noir et blanc, celui de droite porte un masque et un pantalon fushia et dor\u00e9."},{"@type":"BreadcrumbList","@id":"https:\/\/mcq.org\/en\/a-propos\/medias\/communiques\/la-lutte-au-musee-avec-ex-machina-et-robert-lepage\/#breadcrumb","itemListElement":[{"@type":"ListItem","position":1,"name":"Home","item":"https:\/\/mcq.org\/en\/"},{"@type":"ListItem","position":2,"name":"Communiqu\u00e9s presse","item":"https:\/\/mcq.org\/en\/a-propos\/medias\/communiques\/"},{"@type":"ListItem","position":3,"name":"La lutte au Mus\u00e9e avec Ex Machina et Robert Lepage"}]},{"@type":"WebSite","@id":"https:\/\/mcq.org\/en\/#website","url":"https:\/\/mcq.org\/en\/","name":"Mus\u00e9e de la civilisation","description":"Le Mus\u00e9e de la civilisation explore les diff\u00e9rentes facettes de la r\u00e9alit\u00e9 humaine avec sa d\u00e9marche unique qui combine enchantement, connaissance et r\u00e9flexion.","publisher":{"@id":"https:\/\/mcq.org\/en\/#organization"},"alternateName":"MCQ","potentialAction":[{"@type":"SearchAction","target":{"@type":"EntryPoint","urlTemplate":"https:\/\/mcq.org\/en\/?s={search_term_string}"},"query-input":{"@type":"PropertyValueSpecification","valueRequired":true,"valueName":"search_term_string"}}],"inLanguage":"en-US"},{"@type":"Organization","@id":"https:\/\/mcq.org\/en\/#organization","name":"Mus\u00e9e de la civilisation","alternateName":"MCQ","url":"https:\/\/mcq.org\/en\/","logo":{"@type":"ImageObject","inLanguage":"en-US","@id":"https:\/\/mcq.org\/en\/#\/schema\/logo\/image\/","url":"https:\/\/mcq.org\/wp-content\/uploads\/2023\/04\/logo-mcq-300x123-1.png","contentUrl":"https:\/\/mcq.org\/wp-content\/uploads\/2023\/04\/logo-mcq-300x123-1.png","width":300,"height":123,"caption":"Mus\u00e9e de la civilisation"},"image":{"@id":"https:\/\/mcq.org\/en\/#\/schema\/logo\/image\/"},"sameAs":["https:\/\/www.facebook.com\/mcqorg","https:\/\/x.com\/mcqorg","https:\/\/www.instagram.com\/mcqorg\/","https:\/\/www.linkedin.com\/company\/mcqorg\/"]}]}},"_links":{"self":[{"href":"https:\/\/mcq.org\/en\/wp-json\/wp\/v2\/presse\/15335","targetHints":{"allow":["GET"]}}],"collection":[{"href":"https:\/\/mcq.org\/en\/wp-json\/wp\/v2\/presse"}],"about":[{"href":"https:\/\/mcq.org\/en\/wp-json\/wp\/v2\/types\/presse"}],"version-history":[{"count":3,"href":"https:\/\/mcq.org\/en\/wp-json\/wp\/v2\/presse\/15335\/revisions"}],"predecessor-version":[{"id":15339,"href":"https:\/\/mcq.org\/en\/wp-json\/wp\/v2\/presse\/15335\/revisions\/15339"}],"wp:featuredmedia":[{"embeddable":true,"href":"https:\/\/mcq.org\/en\/wp-json\/wp\/v2\/media\/15115"}],"wp:attachment":[{"href":"https:\/\/mcq.org\/en\/wp-json\/wp\/v2\/media?parent=15335"}],"wp:term":[{"taxonomy":"comm-tax","embeddable":true,"href":"https:\/\/mcq.org\/en\/wp-json\/wp\/v2\/comm-tax?post=15335"}],"curies":[{"name":"wp","href":"https:\/\/api.w.org\/{rel}","templated":true}]}}