{"id":15028,"date":"2024-02-19T16:27:46","date_gmt":"2024-02-19T21:27:46","guid":{"rendered":"https:\/\/mcq.org\/?post_type=presse&#038;p=15028"},"modified":"2024-02-19T16:28:25","modified_gmt":"2024-02-19T21:28:25","slug":"un-premier-projet-retenu-par-le-fonds-de-mise-en-valeur-et-danimation-de-place-royale","status":"publish","type":"presse","link":"https:\/\/mcq.org\/en\/a-propos\/medias\/communiques\/un-premier-projet-retenu-par-le-fonds-de-mise-en-valeur-et-danimation-de-place-royale\/","title":{"rendered":"Un premier projet retenu par le Fonds de mise en valeur et d\u2019animation de Place-Royale"},"content":{"rendered":"<div  class=\"container contenu-centre\">\n  <div class=\"row justify-content-center\">\n    <div class=\"col-lg-10 col-xl-8\">\n      \n        \n\n<p>\u00c0 la suite d\u2019un appel de propositions aux promoteurs patrimoniaux, culturels, artistiques et touristiques lanc\u00e9 au printemps dernier, le Mus\u00e9e de la civilisation est heureux d\u2019annoncer que la proposition d\u2019<a href=\"https:\/\/exmuro.com\/organisme\/\"><strong>EXMURO arts publics<\/strong><\/a>, un organisme \u00e0 but non lucratif qui a pour mission de concevoir, produire, diffuser et mettre en circulation des projets d\u2019art actuel dans l\u2019espace public, a \u00e9t\u00e9 retenue.<\/p>\n<p>EXMURO propose un projet d\u2019envergure qui fera de la Maison Hazeur et de Place-Royale un p\u00f4le cr\u00e9atif et artistique de production, diffusion et rayonnement des artistes qu\u00e9b\u00e9cois et internationaux. Par le biais d\u2019installations, de projections, d\u2019exp\u00e9riences num\u00e9riques et d\u2019\u00e9v\u00e9nements ponctuels, les \u0153uvres pr\u00e9sent\u00e9es porteront un regard nouveau sur notre relation \u00e0 l\u2019espace public, l\u2019histoire et le patrimoine. EXMURO soutiendra l\u2019innovation en art actuel tout en entretenant des relations \u00e9troites et accessibles avec les visiteurs et les visiteuses ainsi qu\u2019avec les r\u00e9sidents et les r\u00e9sidentes du secteur avec ce projet, dont les d\u00e9tails et l\u2019\u00e9ch\u00e9ancier de mise en \u0153uvre seront divulgu\u00e9s prochainement par EXMURO.<\/p>\n<p>Un comit\u00e9 de s\u00e9lection compos\u00e9 de cinq membres issus, entre autres, des secteurs culturel et patrimonial a fait son analyse en fonction des crit\u00e8res clairement d\u00e9crits dans l\u2019appel de propositions, notamment le caract\u00e8re distinctif du projet et sa faisabilit\u00e9.<\/p>\n<p>Le financement provient du Fonds de mise en valeur et d\u2019animation de Place-Royale. En novembre 2021, le Mus\u00e9e de la civilisation a re\u00e7u une subvention de 2,2\u00a0M$ du gouvernement du Qu\u00e9bec pour cr\u00e9er et administrer ce fonds qui vise \u00e0 mettre en valeur le cadre historique, patrimonial et architectural de Place-Royale par la mise en \u0153uvre de projets d\u2019animation et d\u2019interpr\u00e9tation innovants.<\/p>\n<p>De ce montant, une somme totale et non r\u00e9currente de 1,5\u00a0M$ est d\u00e9di\u00e9e \u00e0 appuyer la mise en \u0153uvre <strong>d\u2019un minimum de trois projets diff\u00e9rents<\/strong> et le montant restant servira \u00e0 la poursuite et \u00e0 la bonification des activit\u00e9s estivales d\u00e9j\u00e0 existantes, aux communications et au soutien de projets ponctuels d\u2019animation pour les prochaines ann\u00e9es. Un second appel de propositions sera lanc\u00e9 dans les prochaines semaines.<\/p>\n<p>Le Mus\u00e9e de la civilisation souhaite stimuler des projets novateurs de valorisation et de vitalisation historique, patrimoniale et architecturale de Place-Royale, site fondateur de la Nouvelle-France, dans le respect des caract\u00e9ristiques uniques du site et de la qualit\u00e9 de vie des citoyens et des citoyennes qui l\u2019habitent \u00e0 l\u2019ann\u00e9e.<\/p>\n<p style=\"text-align: center;\">\u2013\u00a030\u00a0\u2013<\/p>\n<p>Relations de presse\u00a0:<\/p>\n<p>Anne-Sophie Desmeules\u00a0: 418\u00a0643-2158, poste 208\u2009<\/p>\n<p>Courriel\u00a0: <a href=\"mailto:anne-sophie.desmeules@mcq.org\">anne-sophie.desmeules@mcq.org<\/a><\/p>\n\n\n          <\/div>\n  <\/div>\n<\/div>","protected":false},"excerpt":{"rendered":"","protected":false},"featured_media":14360,"parent":0,"menu_order":0,"template":"","comm-tax":[8],"class_list":["post-15028","presse","type-presse","status-publish","has-post-thumbnail","hentry","comm-tax-communique"],"acf":[],"yoast_head":"<!-- This site is optimized with the Yoast SEO Premium plugin v27.3 (Yoast SEO v27.3) - https:\/\/yoast.com\/product\/yoast-seo-premium-wordpress\/ -->\n<title>Un premier projet retenu par le Fonds de mise en valeur et d\u2019animation de Place-Royale - Communiqu\u00e9 de presse | Mus\u00e9e de la civilisation<\/title>\n<meta name=\"description\" content=\"Un premier projet retenu par le Fonds de mise en valeur et d\u2019animation de Place-Royale- communiqu\u00e9 de presse du Mus\u00e9e de la civilisation \u00e0 Qu\u00e9bec.\" \/>\n<meta name=\"robots\" content=\"index, follow, max-snippet:-1, max-image-preview:large, max-video-preview:-1\" \/>\n<link rel=\"canonical\" href=\"https:\/\/mcq.org\/en\/a-propos\/medias\/communiques\/un-premier-projet-retenu-par-le-fonds-de-mise-en-valeur-et-danimation-de-place-royale\/\" \/>\n<meta property=\"og:locale\" content=\"en_US\" \/>\n<meta property=\"og:type\" content=\"article\" \/>\n<meta property=\"og:title\" content=\"Un premier projet retenu par le Fonds de mise en valeur et d\u2019animation de Place-Royale - Communiqu\u00e9 de presse | Mus\u00e9e de la civilisation\" \/>\n<meta property=\"og:description\" content=\"Un premier projet retenu par le Fonds de mise en valeur et d\u2019animation de Place-Royale- communiqu\u00e9 de presse du Mus\u00e9e de la civilisation \u00e0 Qu\u00e9bec.\" \/>\n<meta property=\"og:url\" content=\"https:\/\/mcq.org\/en\/a-propos\/medias\/communiques\/un-premier-projet-retenu-par-le-fonds-de-mise-en-valeur-et-danimation-de-place-royale\/\" \/>\n<meta property=\"og:site_name\" content=\"Mus\u00e9e de la civilisation\" \/>\n<meta property=\"article:publisher\" content=\"https:\/\/www.facebook.com\/mcqorg\" \/>\n<meta property=\"article:modified_time\" content=\"2024-02-19T21:28:25+00:00\" \/>\n<meta property=\"og:image\" content=\"https:\/\/mcq.org\/wp-content\/uploads\/2024\/01\/place-royale-hiver.jpg\" \/>\n\t<meta property=\"og:image:width\" content=\"600\" \/>\n\t<meta property=\"og:image:height\" content=\"600\" \/>\n\t<meta property=\"og:image:type\" content=\"image\/jpeg\" \/>\n<meta name=\"twitter:card\" content=\"summary_large_image\" \/>\n<meta name=\"twitter:site\" content=\"@mcqorg\" \/>\n<meta name=\"twitter:label1\" content=\"Est. reading time\" \/>\n\t<meta name=\"twitter:data1\" content=\"3 minutes\" \/>\n<!-- \/ Yoast SEO Premium plugin. -->","yoast_head_json":{"title":"Un premier projet retenu par le Fonds de mise en valeur et d\u2019animation de Place-Royale - Communiqu\u00e9 de presse | Mus\u00e9e de la civilisation","description":"Un premier projet retenu par le Fonds de mise en valeur et d\u2019animation de Place-Royale- communiqu\u00e9 de presse du Mus\u00e9e de la civilisation \u00e0 Qu\u00e9bec.","robots":{"index":"index","follow":"follow","max-snippet":"max-snippet:-1","max-image-preview":"max-image-preview:large","max-video-preview":"max-video-preview:-1"},"canonical":"https:\/\/mcq.org\/en\/a-propos\/medias\/communiques\/un-premier-projet-retenu-par-le-fonds-de-mise-en-valeur-et-danimation-de-place-royale\/","og_locale":"en_US","og_type":"article","og_title":"Un premier projet retenu par le Fonds de mise en valeur et d\u2019animation de Place-Royale - Communiqu\u00e9 de presse | Mus\u00e9e de la civilisation","og_description":"Un premier projet retenu par le Fonds de mise en valeur et d\u2019animation de Place-Royale- communiqu\u00e9 de presse du Mus\u00e9e de la civilisation \u00e0 Qu\u00e9bec.","og_url":"https:\/\/mcq.org\/en\/a-propos\/medias\/communiques\/un-premier-projet-retenu-par-le-fonds-de-mise-en-valeur-et-danimation-de-place-royale\/","og_site_name":"Mus\u00e9e de la civilisation","article_publisher":"https:\/\/www.facebook.com\/mcqorg","article_modified_time":"2024-02-19T21:28:25+00:00","og_image":[{"width":600,"height":600,"url":"https:\/\/mcq.org\/wp-content\/uploads\/2024\/01\/place-royale-hiver.jpg","type":"image\/jpeg"}],"twitter_card":"summary_large_image","twitter_site":"@mcqorg","twitter_misc":{"Est. reading time":"3 minutes"},"schema":{"@context":"https:\/\/schema.org","@graph":[{"@type":"WebPage","@id":"https:\/\/mcq.org\/en\/a-propos\/medias\/communiques\/un-premier-projet-retenu-par-le-fonds-de-mise-en-valeur-et-danimation-de-place-royale\/","url":"https:\/\/mcq.org\/en\/a-propos\/medias\/communiques\/un-premier-projet-retenu-par-le-fonds-de-mise-en-valeur-et-danimation-de-place-royale\/","name":"Un premier projet retenu par le Fonds de mise en valeur et d\u2019animation de Place-Royale - Communiqu\u00e9 de presse | Mus\u00e9e de la civilisation","isPartOf":{"@id":"https:\/\/mcq.org\/en\/#website"},"primaryImageOfPage":{"@id":"https:\/\/mcq.org\/en\/a-propos\/medias\/communiques\/un-premier-projet-retenu-par-le-fonds-de-mise-en-valeur-et-danimation-de-place-royale\/#primaryimage"},"image":{"@id":"https:\/\/mcq.org\/en\/a-propos\/medias\/communiques\/un-premier-projet-retenu-par-le-fonds-de-mise-en-valeur-et-danimation-de-place-royale\/#primaryimage"},"thumbnailUrl":"https:\/\/mcq.org\/wp-content\/uploads\/2024\/01\/place-royale-hiver.jpg","datePublished":"2024-02-19T21:27:46+00:00","dateModified":"2024-02-19T21:28:25+00:00","description":"Un premier projet retenu par le Fonds de mise en valeur et d\u2019animation de Place-Royale- communiqu\u00e9 de presse du Mus\u00e9e de la civilisation \u00e0 Qu\u00e9bec.","breadcrumb":{"@id":"https:\/\/mcq.org\/en\/a-propos\/medias\/communiques\/un-premier-projet-retenu-par-le-fonds-de-mise-en-valeur-et-danimation-de-place-royale\/#breadcrumb"},"inLanguage":"en-US","potentialAction":[{"@type":"ReadAction","target":["https:\/\/mcq.org\/en\/a-propos\/medias\/communiques\/un-premier-projet-retenu-par-le-fonds-de-mise-en-valeur-et-danimation-de-place-royale\/"]}]},{"@type":"ImageObject","inLanguage":"en-US","@id":"https:\/\/mcq.org\/en\/a-propos\/medias\/communiques\/un-premier-projet-retenu-par-le-fonds-de-mise-en-valeur-et-danimation-de-place-royale\/#primaryimage","url":"https:\/\/mcq.org\/wp-content\/uploads\/2024\/01\/place-royale-hiver.jpg","contentUrl":"https:\/\/mcq.org\/wp-content\/uploads\/2024\/01\/place-royale-hiver.jpg","width":600,"height":600,"caption":"vue de l'\u00e9glise et des \u00e9difices environnants de Place-Royale en hiver o\u00f9 l'on voit la neige sur les toits"},{"@type":"BreadcrumbList","@id":"https:\/\/mcq.org\/en\/a-propos\/medias\/communiques\/un-premier-projet-retenu-par-le-fonds-de-mise-en-valeur-et-danimation-de-place-royale\/#breadcrumb","itemListElement":[{"@type":"ListItem","position":1,"name":"Home","item":"https:\/\/mcq.org\/en\/"},{"@type":"ListItem","position":2,"name":"Communiqu\u00e9s presse","item":"https:\/\/mcq.org\/en\/a-propos\/medias\/communiques\/"},{"@type":"ListItem","position":3,"name":"Un premier projet retenu par le Fonds de mise en valeur et d\u2019animation de Place-Royale"}]},{"@type":"WebSite","@id":"https:\/\/mcq.org\/en\/#website","url":"https:\/\/mcq.org\/en\/","name":"Mus\u00e9e de la civilisation","description":"Le Mus\u00e9e de la civilisation explore les diff\u00e9rentes facettes de la r\u00e9alit\u00e9 humaine avec sa d\u00e9marche unique qui combine enchantement, connaissance et r\u00e9flexion.","publisher":{"@id":"https:\/\/mcq.org\/en\/#organization"},"alternateName":"MCQ","potentialAction":[{"@type":"SearchAction","target":{"@type":"EntryPoint","urlTemplate":"https:\/\/mcq.org\/en\/?s={search_term_string}"},"query-input":{"@type":"PropertyValueSpecification","valueRequired":true,"valueName":"search_term_string"}}],"inLanguage":"en-US"},{"@type":"Organization","@id":"https:\/\/mcq.org\/en\/#organization","name":"Mus\u00e9e de la civilisation","alternateName":"MCQ","url":"https:\/\/mcq.org\/en\/","logo":{"@type":"ImageObject","inLanguage":"en-US","@id":"https:\/\/mcq.org\/en\/#\/schema\/logo\/image\/","url":"https:\/\/mcq.org\/wp-content\/uploads\/2023\/04\/logo-mcq-300x123-1.png","contentUrl":"https:\/\/mcq.org\/wp-content\/uploads\/2023\/04\/logo-mcq-300x123-1.png","width":300,"height":123,"caption":"Mus\u00e9e de la civilisation"},"image":{"@id":"https:\/\/mcq.org\/en\/#\/schema\/logo\/image\/"},"sameAs":["https:\/\/www.facebook.com\/mcqorg","https:\/\/x.com\/mcqorg","https:\/\/www.instagram.com\/mcqorg\/","https:\/\/www.linkedin.com\/company\/mcqorg\/"]}]}},"_links":{"self":[{"href":"https:\/\/mcq.org\/en\/wp-json\/wp\/v2\/presse\/15028","targetHints":{"allow":["GET"]}}],"collection":[{"href":"https:\/\/mcq.org\/en\/wp-json\/wp\/v2\/presse"}],"about":[{"href":"https:\/\/mcq.org\/en\/wp-json\/wp\/v2\/types\/presse"}],"version-history":[{"count":1,"href":"https:\/\/mcq.org\/en\/wp-json\/wp\/v2\/presse\/15028\/revisions"}],"predecessor-version":[{"id":15029,"href":"https:\/\/mcq.org\/en\/wp-json\/wp\/v2\/presse\/15028\/revisions\/15029"}],"wp:featuredmedia":[{"embeddable":true,"href":"https:\/\/mcq.org\/en\/wp-json\/wp\/v2\/media\/14360"}],"wp:attachment":[{"href":"https:\/\/mcq.org\/en\/wp-json\/wp\/v2\/media?parent=15028"}],"wp:term":[{"taxonomy":"comm-tax","embeddable":true,"href":"https:\/\/mcq.org\/en\/wp-json\/wp\/v2\/comm-tax?post=15028"}],"curies":[{"name":"wp","href":"https:\/\/api.w.org\/{rel}","templated":true}]}}