{"id":14988,"date":"2024-02-13T14:12:15","date_gmt":"2024-02-13T19:12:15","guid":{"rendered":"https:\/\/mcq.org\/?post_type=presse&#038;p=14988"},"modified":"2024-02-13T14:13:25","modified_gmt":"2024-02-13T19:13:25","slug":"le-hip-hop-fait-vibrer-le-musee-de-la-civilisation-pour-la-relache","status":"publish","type":"presse","link":"https:\/\/mcq.org\/en\/a-propos\/medias\/communiques\/le-hip-hop-fait-vibrer-le-musee-de-la-civilisation-pour-la-relache\/","title":{"rendered":"Le hip-hop fait vibrer le Mus\u00e9e de la civilisation pour la rel\u00e2che\u00a0"},"content":{"rendered":"<div  class=\"container contenu-centre\">\n  <div class=\"row justify-content-center\">\n    <div class=\"col-lg-10 col-xl-8\">\n      \n        \n\n<p>Envie de bouger et de plonger dans l\u2019univers palpitant du hip-hop? Alors, rendez-vous au Mus\u00e9e de la civilisation \u00e0 Qu\u00e9bec pendant la semaine de rel\u00e2che, du 2 au 10 mars prochains! Inspir\u00e9e par l\u2019exposition <a href=\"https:\/\/mcq.org\/decouvrir\/expositions\/sur-paroles\/\"><em>Sur paroles. Le son du rap queb<\/em><\/a>, l\u2019\u00e9quipe du Mus\u00e9e a concoct\u00e9 une programmation o\u00f9 s\u2019encha\u00eenent les ateliers d\u2019\u00e9criture, de danse, de musique, de tatouage, un spectacle enlevant du Studio Party Time et une qu\u00eate \u00e0 travers le Mus\u00e9e. M\u00eame une cour d\u2019\u00e9cole a \u00e9t\u00e9 recr\u00e9\u00e9e pour le plus grand plaisir des familles. Hip hip-hop hourra! <em>La programmation de la rel\u00e2che scolaire au Mus\u00e9e de la civilisation est une pr\u00e9sentation d\u2019<a href=\"https:\/\/www.hydroquebec.com\/\" target=\"_blank\" rel=\"noopener\">Hydro-Qu\u00e9bec<\/a>. <\/em><\/p>\n<p>Du samedi 2 mars au dimanche 10 mars, le Mus\u00e9e sera ouvert tous les jours de 10\u00a0h \u00e0 17\u00a0h, incluant le lundi 4 mars. Toutes les activit\u00e9s sont incluses avec le droit d\u2019entr\u00e9e. Il est recommand\u00e9 de faire la r\u00e9servation de son billet en ligne. <strong>Les activit\u00e9s avec un * requi\u00e8rent une inscription obligatoire au comptoir d\u2019information.<\/strong><\/p>\n<p><strong>Des jeunes VIP choy\u00e9s gr\u00e2ce \u00e0 la Fondation du Mus\u00e9e<br \/><\/strong>Saviez-vous que\u2026, \u00e0 travers les diff\u00e9rentes client\u00e8les de la rel\u00e2che au Mus\u00e9e, figurent 250 jeunes VIP\u2009? Depuis 2017, gr\u00e2ce \u00e0 sa campagne de financement participatif <a href=\"https:\/\/mcq.org\/soutenir\/fondation\/activites-et-campagnes-de-financement\/tout-un-monde\/\"><em>Tout un monde<\/em><\/a>, la Fondation ouvre grandes les portes du Mus\u00e9e de la civilisation pour permettre \u00e0 des enfants provenant de milieux moins favoris\u00e9s de vivre une journ\u00e9e toute sp\u00e9ciale pendant le cong\u00e9 scolaire\u2009! Ces jeunes ont un acc\u00e8s privil\u00e9gi\u00e9 aux activit\u00e9s sp\u00e9ciales li\u00e9es \u00e0 la rel\u00e2che, l\u2019accompagnement d\u2019un ou d\u2019une guide, une collation, un lunch sant\u00e9, un cadeau souvenir et le transport. Pour faire un don \u00e0 cette campagne\u00a0: <a href=\"https:\/\/laruchequebec.com\/fr\/projet\/tout-un-monde-une-journee-unique-au-musee\" target=\"_blank\" rel=\"noopener\">La Ruche<\/a>.<strong>\u00a0<\/strong><\/p>\n<h3><strong>Programmation d\u00e9taill\u00e9e<\/strong><\/h3>\n<p><strong>Spectacle de danse du Studio Party Time &#8211; 12 h 30\u00a0<\/strong><\/p>\n<p>Renomm\u00e9s pour leur dynamisme enlevant et contagieux, les membres du Studio Party Time tracent de fa\u00e7on spectaculaire sur sc\u00e8ne les diff\u00e9rentes p\u00e9riodes de l\u2019histoire de la danse hip-hop.<\/p>\n<p><strong>*Atelier de danse hip-hop par Studio Party Time \u00a0<\/strong>10\u00a0h\u00a015\/11\u00a0h\/11\u00a0h\u00a045\/13\u00a0h\u00a030\/14\u00a0h\u00a015\/15\u00a0h\/15\u00a0h\u00a045<\/p>\n<p>En compagnie d\u2019\u00e9l\u00e8ves avanc\u00e9s du programme du <a href=\"https:\/\/www.studiopartytime.com\/\" target=\"_blank\" rel=\"noopener\">Studio Party Time<\/a>, les participants et participantes apprennent \u00e0 ex\u00e9cuter des mouvements de danse qui leur donneront le sentiment d\u2019\u00eatre de futures \u00e9toiles de la danse hip-hop! Plaisir et fous rires garantis! <strong>Inscription obligatoire au comptoir d\u2019information.<\/strong><strong>\u00a0<\/strong><\/p>\n<p><strong>Atelier de musique et de graffitis<br \/><\/strong>En continu de 10\u00a0h\u00a045 \u00e0 12\u00a0h\u00a030 et de 13\u00a0h\u00a030 \u00e0 16\u00a0h\u00a045<\/p>\n<p>Cr\u00e9ez des rythmes \u00e0 partir de ballons, de manivelles et de pitons, des interactifs qui forment de la musique \u00e0 partir des mouvements du corps. Les artistes en herbe seront surpris de voir leurs propres \u0153uvres faites avec des tables de graffitis sur sable. <br \/>Un atelier anim\u00e9 par <a href=\"https:\/\/www.facebook.com\/GeneralPatente\" target=\"_blank\" rel=\"noopener\">G\u00e9n\u00e9ral Patente<\/a> et <em>pr\u00e9sent\u00e9 par Hydro-Qu\u00e9bec<\/em>.<\/p>\n<p><strong>* Atelier de <em>BeatLab<\/em>\u00a0<br \/><\/strong>10\u00a0h\u00a015\/11\u00a0h\/11\u00a0h\u00a045\/13\u00a0h\u00a030\/14\u00a0h\u00a015\/15\u00a0h\/15\u00a0h\u00a045 &#8211; 8 ans et plus<\/p>\n<p>\u00c0 l\u2019aide d\u2019ordinateurs, de consoles MIDI et de sons pr\u00e9enregistr\u00e9s, construisez un rythme, de l\u2019\u00e9chantillon \u00e0 la m\u00e9lodie. Les personnes les plus audacieuses pourront m\u00eame s\u2019initier aux bases du rap\u2009! <strong>Inscription obligatoire au comptoir d\u2019information.<\/strong><\/p>\n<p><strong>* Atelier d\u2019\u00e9criture <em>Rime ton rap<\/em> <\/strong>10\u00a0h\u00a015\/11\u00a0h\/11\u00a0h\u00a045\/13\u00a0h\u00a030\/14\u00a0h\u00a015\/15\u00a0h\/15\u00a0h\u00a045<\/p>\n<p>Apprenez les bases de l\u2019\u00e9criture rap et l\u2019origine du langage utilis\u00e9 puis r\u00e9digez votre propre couplet! <strong>Inscription obligatoire au comptoir d\u2019information.<\/strong><\/p>\n<p><strong>Qu\u00eate <em>Le rap s\u2019attrape<\/em>\u00a0<br \/><\/strong>En continu de 10\u00a0h \u00e0 16\u00a0h\u00a030<\/p>\n<p>Cinq mots se cachent dans les expositions et les espaces publics du Mus\u00e9e. \u00c0 l\u2019aide d\u2019indices offerts lors des activit\u00e9s, trouvez les r\u00e9ponses et formez un couplet d\u2019un rap qu\u00e9b\u00e9cois. \u00a0\u00a0<\/p>\n<p><strong>La cour d\u2019\u00e9cole\u00a0<br \/><\/strong>En continu de 10\u00a0h \u00e0 16\u00a0h\u00a030<\/p>\n<p>La cour d\u2019\u00e9cole fait partie de l\u2019univers des rappeurs et rappeuses. D\u00e9foulez-vous avec les mini paniers de basketball et jeux de marelle et faites tourner les t\u00eates avec vos habilet\u00e9s en aki\u2009!<\/p>\n<p><strong>Photo-souvenir <em>Cr\u00e9e ta pochette d\u2019album<\/em><\/strong>\u00a0<br \/>En continu de 10\u00a0h \u00e0 16\u00a0h\u00a030<\/p>\n<p>Imaginez votre propre pochette d\u2019album et recr\u00e9ez-la dans un d\u00e9cor de graffitis en utilisant diff\u00e9rents accessoires.<\/p>\n<p><strong><em>Le studio de tatouage<\/em> <br \/><\/strong>En continu de 10\u00a0h \u00e0 16\u00a0h\u00a030<\/p>\n<p>Cr\u00e9ez votre propre tatouage (temporaire\u2009!) et portez-le fi\u00e8rement comme un vrai rappeur,<\/p>\n<p><strong><em>La cour arri\u00e8re de Ma Maison<\/em><em> \u2013<\/em> les 6 et 7 mars \u2013 <\/strong>En continu de 10\u00a0h \u00e0 16\u00a0h\u00a030 <strong>&#8211; <\/strong>Pr\u00e9sent\u00e9e par Via Capitale, Radio-Canada, Mode Choc et Kaleido<\/p>\n<p>Les partenaires de l\u2019exposition <em><a href=\"https:\/\/mcq.org\/decouvrir\/expositions\/ma-maison\/\">Ma maison<\/a> <\/em>invitent les familles \u00e0 participer \u00e0 un atelier de dessins et ainsi courir la chance de remporter des prix de pr\u00e9sence et m\u00eame un REEE de 1\u2009000 $ offert par <a href=\"https:\/\/www.kaleido.ca\/\" target=\"_blank\" rel=\"noopener\">Kaleido<\/a> et <a href=\"http:\/\/viacapitalevendu.com\" target=\"_blank\" rel=\"noopener\">Via Capitale<\/a>!<\/p>\n<p style=\"text-align: center;\">30 &#8211;<\/p>\n<p><strong>Relations de presse\u00a0:<\/strong><\/p>\n<p><strong>Qu\u00e9bec\u00a0<br \/><\/strong>Agn\u00e8s Dufour\u00a0: 418\u00a0643-2158, poste 433\u2009; courriel\u00a0:<a href=\"mailto:%20agnes.dufour@mcq.org\"> agnes.dufour@mcq.org<\/a><\/p>\n<p><strong>Montr\u00e9al<br \/><\/strong>Rosemonde Gingras\u00a0: 514\u00a0458-8355\u2009; courriel\u00a0: <a href=\"mailto:rosemonde@rosemondecommunications.com\">rosemonde@rosemondecommunications.com<\/a><\/p>\n<p><strong>\u00a0<\/strong><\/p>\n\n\n          <\/div>\n  <\/div>\n<\/div>","protected":false},"excerpt":{"rendered":"","protected":false},"featured_media":0,"parent":0,"menu_order":0,"template":"","comm-tax":[8],"class_list":["post-14988","presse","type-presse","status-publish","hentry","comm-tax-communique"],"acf":[],"yoast_head":"<!-- This site is optimized with the Yoast SEO Premium plugin v27.3 (Yoast SEO v27.3) - https:\/\/yoast.com\/product\/yoast-seo-premium-wordpress\/ -->\n<title>Le hip-hop fait vibrer le Mus\u00e9e de la civilisation pour la rel\u00e2che\u00a0 - Communiqu\u00e9 de presse | Mus\u00e9e de la civilisation<\/title>\n<meta name=\"description\" content=\"Le hip-hop fait vibrer le Mus\u00e9e de la civilisation pour la rel\u00e2che\u00a0- communiqu\u00e9 de presse du Mus\u00e9e de la civilisation \u00e0 Qu\u00e9bec.\" \/>\n<meta name=\"robots\" content=\"index, follow, max-snippet:-1, max-image-preview:large, max-video-preview:-1\" \/>\n<link rel=\"canonical\" href=\"https:\/\/mcq.org\/en\/a-propos\/medias\/communiques\/le-hip-hop-fait-vibrer-le-musee-de-la-civilisation-pour-la-relache\/\" \/>\n<meta property=\"og:locale\" content=\"en_US\" \/>\n<meta property=\"og:type\" content=\"article\" \/>\n<meta property=\"og:title\" content=\"Le hip-hop fait vibrer le Mus\u00e9e de la civilisation pour la rel\u00e2che\u00a0 - Communiqu\u00e9 de presse | Mus\u00e9e de la civilisation\" \/>\n<meta property=\"og:description\" content=\"Le hip-hop fait vibrer le Mus\u00e9e de la civilisation pour la rel\u00e2che\u00a0- communiqu\u00e9 de presse du Mus\u00e9e de la civilisation \u00e0 Qu\u00e9bec.\" \/>\n<meta property=\"og:url\" content=\"https:\/\/mcq.org\/en\/a-propos\/medias\/communiques\/le-hip-hop-fait-vibrer-le-musee-de-la-civilisation-pour-la-relache\/\" \/>\n<meta property=\"og:site_name\" content=\"Mus\u00e9e de la civilisation\" \/>\n<meta property=\"article:publisher\" content=\"https:\/\/www.facebook.com\/mcqorg\" \/>\n<meta property=\"article:modified_time\" content=\"2024-02-13T19:13:25+00:00\" \/>\n<meta property=\"og:image\" content=\"https:\/\/mcq.org\/wp-content\/uploads\/2024\/02\/image-partage-relache.png?ver=1707426049\" \/>\n\t<meta property=\"og:image:width\" content=\"600\" \/>\n\t<meta property=\"og:image:height\" content=\"600\" \/>\n\t<meta property=\"og:image:type\" content=\"image\/png\" \/>\n<meta name=\"twitter:card\" content=\"summary_large_image\" \/>\n<meta name=\"twitter:site\" content=\"@mcqorg\" \/>\n<meta name=\"twitter:label1\" content=\"Est. reading time\" \/>\n\t<meta name=\"twitter:data1\" content=\"5 minutes\" \/>\n<!-- \/ Yoast SEO Premium plugin. -->","yoast_head_json":{"title":"Le hip-hop fait vibrer le Mus\u00e9e de la civilisation pour la rel\u00e2che\u00a0 - Communiqu\u00e9 de presse | Mus\u00e9e de la civilisation","description":"Le hip-hop fait vibrer le Mus\u00e9e de la civilisation pour la rel\u00e2che\u00a0- communiqu\u00e9 de presse du Mus\u00e9e de la civilisation \u00e0 Qu\u00e9bec.","robots":{"index":"index","follow":"follow","max-snippet":"max-snippet:-1","max-image-preview":"max-image-preview:large","max-video-preview":"max-video-preview:-1"},"canonical":"https:\/\/mcq.org\/en\/a-propos\/medias\/communiques\/le-hip-hop-fait-vibrer-le-musee-de-la-civilisation-pour-la-relache\/","og_locale":"en_US","og_type":"article","og_title":"Le hip-hop fait vibrer le Mus\u00e9e de la civilisation pour la rel\u00e2che\u00a0 - Communiqu\u00e9 de presse | Mus\u00e9e de la civilisation","og_description":"Le hip-hop fait vibrer le Mus\u00e9e de la civilisation pour la rel\u00e2che\u00a0- communiqu\u00e9 de presse du Mus\u00e9e de la civilisation \u00e0 Qu\u00e9bec.","og_url":"https:\/\/mcq.org\/en\/a-propos\/medias\/communiques\/le-hip-hop-fait-vibrer-le-musee-de-la-civilisation-pour-la-relache\/","og_site_name":"Mus\u00e9e de la civilisation","article_publisher":"https:\/\/www.facebook.com\/mcqorg","article_modified_time":"2024-02-13T19:13:25+00:00","og_image":[{"width":600,"height":600,"url":"https:\/\/mcq.org\/wp-content\/uploads\/2024\/02\/image-partage-relache.png?ver=1707426049","type":"image\/png"}],"twitter_card":"summary_large_image","twitter_site":"@mcqorg","twitter_misc":{"Est. reading time":"5 minutes"},"schema":{"@context":"https:\/\/schema.org","@graph":[{"@type":"WebPage","@id":"https:\/\/mcq.org\/en\/a-propos\/medias\/communiques\/le-hip-hop-fait-vibrer-le-musee-de-la-civilisation-pour-la-relache\/","url":"https:\/\/mcq.org\/en\/a-propos\/medias\/communiques\/le-hip-hop-fait-vibrer-le-musee-de-la-civilisation-pour-la-relache\/","name":"Le hip-hop fait vibrer le Mus\u00e9e de la civilisation pour la rel\u00e2che\u00a0 - Communiqu\u00e9 de presse | Mus\u00e9e de la civilisation","isPartOf":{"@id":"https:\/\/mcq.org\/en\/#website"},"datePublished":"2024-02-13T19:12:15+00:00","dateModified":"2024-02-13T19:13:25+00:00","description":"Le hip-hop fait vibrer le Mus\u00e9e de la civilisation pour la rel\u00e2che\u00a0- communiqu\u00e9 de presse du Mus\u00e9e de la civilisation \u00e0 Qu\u00e9bec.","breadcrumb":{"@id":"https:\/\/mcq.org\/en\/a-propos\/medias\/communiques\/le-hip-hop-fait-vibrer-le-musee-de-la-civilisation-pour-la-relache\/#breadcrumb"},"inLanguage":"en-US","potentialAction":[{"@type":"ReadAction","target":["https:\/\/mcq.org\/en\/a-propos\/medias\/communiques\/le-hip-hop-fait-vibrer-le-musee-de-la-civilisation-pour-la-relache\/"]}]},{"@type":"BreadcrumbList","@id":"https:\/\/mcq.org\/en\/a-propos\/medias\/communiques\/le-hip-hop-fait-vibrer-le-musee-de-la-civilisation-pour-la-relache\/#breadcrumb","itemListElement":[{"@type":"ListItem","position":1,"name":"Home","item":"https:\/\/mcq.org\/en\/"},{"@type":"ListItem","position":2,"name":"Communiqu\u00e9s presse","item":"https:\/\/mcq.org\/en\/a-propos\/medias\/communiques\/"},{"@type":"ListItem","position":3,"name":"Le hip-hop fait vibrer le Mus\u00e9e de la civilisation pour la rel\u00e2che\u00a0"}]},{"@type":"WebSite","@id":"https:\/\/mcq.org\/en\/#website","url":"https:\/\/mcq.org\/en\/","name":"Mus\u00e9e de la civilisation","description":"Le Mus\u00e9e de la civilisation explore les diff\u00e9rentes facettes de la r\u00e9alit\u00e9 humaine avec sa d\u00e9marche unique qui combine enchantement, connaissance et r\u00e9flexion.","publisher":{"@id":"https:\/\/mcq.org\/en\/#organization"},"alternateName":"MCQ","potentialAction":[{"@type":"SearchAction","target":{"@type":"EntryPoint","urlTemplate":"https:\/\/mcq.org\/en\/?s={search_term_string}"},"query-input":{"@type":"PropertyValueSpecification","valueRequired":true,"valueName":"search_term_string"}}],"inLanguage":"en-US"},{"@type":"Organization","@id":"https:\/\/mcq.org\/en\/#organization","name":"Mus\u00e9e de la civilisation","alternateName":"MCQ","url":"https:\/\/mcq.org\/en\/","logo":{"@type":"ImageObject","inLanguage":"en-US","@id":"https:\/\/mcq.org\/en\/#\/schema\/logo\/image\/","url":"https:\/\/mcq.org\/wp-content\/uploads\/2023\/04\/logo-mcq-300x123-1.png","contentUrl":"https:\/\/mcq.org\/wp-content\/uploads\/2023\/04\/logo-mcq-300x123-1.png","width":300,"height":123,"caption":"Mus\u00e9e de la civilisation"},"image":{"@id":"https:\/\/mcq.org\/en\/#\/schema\/logo\/image\/"},"sameAs":["https:\/\/www.facebook.com\/mcqorg","https:\/\/x.com\/mcqorg","https:\/\/www.instagram.com\/mcqorg\/","https:\/\/www.linkedin.com\/company\/mcqorg\/"]}]}},"_links":{"self":[{"href":"https:\/\/mcq.org\/en\/wp-json\/wp\/v2\/presse\/14988","targetHints":{"allow":["GET"]}}],"collection":[{"href":"https:\/\/mcq.org\/en\/wp-json\/wp\/v2\/presse"}],"about":[{"href":"https:\/\/mcq.org\/en\/wp-json\/wp\/v2\/types\/presse"}],"version-history":[{"count":2,"href":"https:\/\/mcq.org\/en\/wp-json\/wp\/v2\/presse\/14988\/revisions"}],"predecessor-version":[{"id":14990,"href":"https:\/\/mcq.org\/en\/wp-json\/wp\/v2\/presse\/14988\/revisions\/14990"}],"wp:attachment":[{"href":"https:\/\/mcq.org\/en\/wp-json\/wp\/v2\/media?parent=14988"}],"wp:term":[{"taxonomy":"comm-tax","embeddable":true,"href":"https:\/\/mcq.org\/en\/wp-json\/wp\/v2\/comm-tax?post=14988"}],"curies":[{"name":"wp","href":"https:\/\/api.w.org\/{rel}","templated":true}]}}