{"id":14636,"date":"2024-01-24T09:00:00","date_gmt":"2024-01-24T14:00:00","guid":{"rendered":"https:\/\/mcq.org\/?post_type=presse&#038;p=14636"},"modified":"2024-01-23T15:39:36","modified_gmt":"2024-01-23T20:39:36","slug":"gladiateurs-heros-du-colisee-un-univers-insoupconne-a-decouvrir-des-le-21-juin-au-musee-de-la-civilisation","status":"publish","type":"presse","link":"https:\/\/mcq.org\/en\/a-propos\/medias\/communiques\/gladiateurs-heros-du-colisee-un-univers-insoupconne-a-decouvrir-des-le-21-juin-au-musee-de-la-civilisation\/","title":{"rendered":"Gladiateurs\u00a0: H\u00e9ros du Colis\u00e9e, un univers insoup\u00e7onn\u00e9 \u00e0 d\u00e9couvrir d\u00e8s le 21 juin au Mus\u00e9e de la civilisation"},"content":{"rendered":"<div  class=\"container contenu-centre\">\n  <div class=\"row justify-content-center\">\n    <div class=\"col-lg-10 col-xl-8\">\n      \n        \n\n<p>Le Mus\u00e9e de la civilisation enrichit sa programmation estivale 2024 de fa\u00e7on magistrale en y ajoutant <em>Gladiateurs\u00a0: H\u00e9ros du Colis\u00e9e<\/em>. Cette exposition d\u2019envergure internationale se veut une incursion in\u00e9dite dans le quotidien de ces combattants au destin particulier et dans les coulisses du plus grandiose amphith\u00e9\u00e2tre qui soit, le Colis\u00e9e de Rome!<\/p>\n<p><em>Une exposition con\u00e7ue et produite par Contemporanea Progetti et Expona, organis\u00e9e par la Dre Rossella Rea, arch\u00e9ologue et ancienne directrice du Colis\u00e9e de Rome, en collaboration avec la Dre Federica Rinaldi (Parc arch\u00e9ologique du Colis\u00e9e, Rome), la Dre Sara Colantonio et la Dre Carlotta Caruso (Mus\u00e9e National Romain, Rome).<\/em><\/p>\n<p>En parcourant cette r\u00e9alisation d\u2019une qualit\u00e9 exceptionnelle, qui va bien au-del\u00e0 de l\u2019image sanglante trop souvent trop souvent perp\u00e9tu\u00e9e dans la culture populaire, les diff\u00e9rents publics du Mus\u00e9e de la civilisation d\u00e9couvriront les origines des combats de gladiateurs, le code de vie pr\u00e9cis et bien \u00e9tabli qui r\u00e9gissait la vie comme la mort de ces hommes ainsi que toute l\u2019admiration qu\u2019ils suscitaient chez leurs contemporains. Leur force et leur courage l\u00e9gendaires \u00e9taient c\u00e9l\u00e9br\u00e9s et immortalis\u00e9s notamment par le biais de l\u2019art comme en t\u00e9moigne la pr\u00e9sence de pr\u00e9cieuses pi\u00e8ces datant de l\u2019\u00e9poque de la Rome antique et tir\u00e9es des collections de six (6) prestigieux mus\u00e9es italiens.<\/p>\n<p>Mis en valeur \u00e0 l\u2019int\u00e9rieur d\u2019un design enveloppant, ces magnifiques objets c\u00f4toient des reproductions modernes, con\u00e7ues selon une solide documentation scientifique, et d\u2019autres dispositifs multim\u00e9dias. Les personnes passionn\u00e9es par le sujet pourront m\u00eame rev\u00eatir les costumes et accessoires caract\u00e9risant les diff\u00e9rents types de gladiateurs.<\/p>\n<h3>Citation<\/h3>\n<p>\u00ab\u2009Encore cette ann\u00e9e, nous sommes absolument ravis de pouvoir offrir \u00e0 nos publics une exposition internationale de grande envergure, li\u00e9e \u00e0 un aspect m\u00e9connu d\u2019une civilisation ancienne. Nous les savons particuli\u00e8rement friands de ces sujets comme l\u2019ont d\u00e9montr\u00e9 \u00e9loquemment les succ\u00e8s de foule engendr\u00e9s par les expositions du genre pr\u00e9sent\u00e9es au cours des trois derni\u00e8res ann\u00e9es. <em>Gladiateurs\u00a0: H\u00e9ros du Colis\u00e9e <\/em>s\u00e9duira, d\u2019une part, par son propos rigoureux mettant en relief l\u2019\u00eatre humain et, d\u2019autre part, parce qu\u2019elle fera \u00e9cho \u00e0 <em>Lutte.<\/em> <em>Le Qu\u00e9bec dans l\u2019ar\u00e8ne<\/em>, coproduite avec Ex Machina et Robert Lepage. Une heureuse co\u00efncidence qui sera sans doute appr\u00e9ci\u00e9e.\u2009\u00bb &#8211; <em>St\u00e9phan La Roche, pr\u00e9sident-directeur g\u00e9n\u00e9ral du Mus\u00e9e de la civilisation.<\/em><\/p>\n<h3>Faits saillants<\/h3>\n<ul>\n<li>Parmi les 160 magnifiques pi\u00e8ces formant le corpus de l\u2019exposition, dont plusieurs proviennent des sites arch\u00e9ologiques de Paestum, de Pomp\u00e9i et du Colis\u00e9e de Rome, figurent\u00a0:\n<ul>\n<li>des casques, des jambi\u00e8res, des armes\u2009;<\/li>\n<li>des instruments chirurgicaux li\u00e9s aux soins des blessure subies au combat;<\/li>\n<li>le portrait de certains empereurs romains ayant marqu\u00e9 l\u2019\u00e9volution de ce type de combat\u2009;<\/li>\n<li>des objets du quotidien\u00a0(ustensiles, amphore, fioles d\u2019huile, lampes)\u2009;<\/li>\n<li>des pi\u00e8ces de monnaie \u00e0 l\u2019effigie de grands empereurs\u2009 romains;<\/li>\n<li>des bijoux en or.<\/li>\n<\/ul>\n<\/li>\n<li>Le contenu de l\u2019exposition <em>Gladiateurs\u00a0: H\u00e9ros du Colis\u00e9e<\/em> a \u00e9t\u00e9 \u00e9labor\u00e9 sous l\u2019\u00e9gide de l\u2019arch\u00e9ologue Rossella Rea, directrice du Colis\u00e9e de Rome entre 1995 et 2017.<\/li>\n<li>La firme italienne CONTEMPORANEA PROGETTI fait partie du circuit international de maisons de conception et de r\u00e9alisation d\u2019expositions itin\u00e9rantes tandis que l\u2019entreprise EXPONA en assure la diffusion au sein des plus grandes institutions mus\u00e9ales \u00e0 travers le monde.<\/li>\n<li>Depuis 2013, <em>Gladiateurs\u00a0: H\u00e9ros du Colis\u00e9e<\/em> a \u00e9t\u00e9 pr\u00e9sent\u00e9e en Allemagne, au Liechtenstein, en Finlande, en Belgique, au Danemark, en France, aux Pays-Bas, en Australie et aux \u00c9tats-Unis, attirant des milliers de personnes. En 2015, le Mus\u00e9e de la guerre, \u00e0 Ottawa, a pr\u00e9sent\u00e9 une version plus modeste de cette exposition. Depuis, le contenu s\u2019est particuli\u00e8rement enrichi.<\/li>\n<li>Les expositions internationales<em> Pomp\u00e9i. Cit\u00e9 immortelle<\/em> (2021-2022) et <em>Le temps des pharaons<\/em> (2022-2023) ont g\u00e9n\u00e9r\u00e9 de forts achalandages aux portes du Mus\u00e9e de la civilisation en plus de susciter un taux d\u2019appr\u00e9ciation respectivement de 90\u00a0% et 88 %.<\/li>\n<li>Un tarif sp\u00e9cifique \u00e0 <em>Gladiateurs : H\u00e9ros du Colis\u00e9e\u00a0<\/em>sera appliqu\u00e9. Par exemple, pour une personne \u00e2g\u00e9e entre 35 et 64 ans, il en coutera 30 $ pour visiter l\u2019ensemble des expositions en cours. Un achat de billet en ligne r\u00e9duit le co\u00fbt jusqu\u2019\u00e0 3 $. Billets en vente \u00e0 la fin du printemps.<\/li>\n<li>L\u2019exposition<em> Le Qu\u00e9bec dans l\u2019ar\u00e8ne <\/em>ouvrira ses portes le 20 mars tandis que <em>Gladiateurs : H\u00e9ros du Colis\u00e9e\u00a0<\/em>sera accessible d\u00e8s le 21 juin.<\/li>\n<\/ul>\n<p>\u00a0<\/p>\n<p><strong>Liens connexes\u00a0:<\/strong><\/p>\n<p>Contemporanea Progetti : <a href=\"https:\/\/www.contemporaneaprogetti.it\/\" target=\"_blank\" rel=\"noopener\">www.contemporaneaprogetti.it<\/a><\/p>\n<p>Expona\u00a0: <a href=\"C:\\Users\\nblanco\\AppData\\Local\\Microsoft\\Windows\\INetCache\\Content.Outlook\\RQCNPX9K\\www.expona.net\">www.expona.net<\/a><\/p>\n<p>\u00a0<\/p>\n<p style=\"text-align: center;\">\u2013\u00a030\u00a0\u2013<\/p>\n<p>\u00a0<\/p>\n<p><strong>Relations de presse<\/strong><\/p>\n<p><strong>Qu\u00e9bec\u00a0:<\/strong><\/p>\n<p>Agn\u00e8s Dufour, 418\u00a0643-2158 poste 433\u2009; courriel\u00a0: <a href=\"mailto:agnes.dufour@mcq.org\">agnes.dufour@mcq.org<\/a><\/p>\n<p>Anne-Sophie Desmeules\u00a0: 418\u00a0643-2158, poste 208\u2009; courriel\u00a0:<a href=\"mailto:anne-sophie.desmeules@mcq.org\"> anne-sophie.desmeules@mcq.org<\/a><\/p>\n<p><strong>Montr\u00e9al\u00a0<\/strong>:<\/p>\n<p>Rosemonde Gingras\u00a0: 514\u00a0458-8355\u2009; courriel\u00a0: <a href=\"mailto:rosemonde@rosemondecommunications.com\">rosemonde@rosemondecommunications.com<\/a><\/p>\n\n\n          <\/div>\n  <\/div>\n<\/div>","protected":false},"excerpt":{"rendered":"","protected":false},"featured_media":14634,"parent":0,"menu_order":0,"template":"","comm-tax":[8],"class_list":["post-14636","presse","type-presse","status-publish","has-post-thumbnail","hentry","comm-tax-communique"],"acf":[],"yoast_head":"<!-- This site is optimized with the Yoast SEO Premium plugin v27.3 (Yoast SEO v27.3) - https:\/\/yoast.com\/product\/yoast-seo-premium-wordpress\/ -->\n<title>Gladiateurs\u00a0: H\u00e9ros du Colis\u00e9e, un univers insoup\u00e7onn\u00e9 \u00e0 d\u00e9couvrir d\u00e8s le 21 juin au Mus\u00e9e de la civilisation - Communiqu\u00e9 de presse | Mus\u00e9e de la civilisation<\/title>\n<meta name=\"description\" content=\"Gladiateurs\u00a0: H\u00e9ros du Colis\u00e9e, un univers insoup\u00e7onn\u00e9 \u00e0 d\u00e9couvrir d\u00e8s le 21 juin au Mus\u00e9e de la civilisation- communiqu\u00e9 de presse du Mus\u00e9e de la civilisation \u00e0 Qu\u00e9bec.\" \/>\n<meta name=\"robots\" content=\"index, follow, max-snippet:-1, max-image-preview:large, max-video-preview:-1\" \/>\n<link rel=\"canonical\" href=\"https:\/\/mcq.org\/en\/a-propos\/medias\/communiques\/gladiateurs-heros-du-colisee-un-univers-insoupconne-a-decouvrir-des-le-21-juin-au-musee-de-la-civilisation\/\" \/>\n<meta property=\"og:locale\" content=\"en_US\" \/>\n<meta property=\"og:type\" content=\"article\" \/>\n<meta property=\"og:title\" content=\"Gladiateurs\u00a0: H\u00e9ros du Colis\u00e9e, un univers insoup\u00e7onn\u00e9 \u00e0 d\u00e9couvrir d\u00e8s le 21 juin au Mus\u00e9e de la civilisation - Communiqu\u00e9 de presse | Mus\u00e9e de la civilisation\" \/>\n<meta property=\"og:description\" content=\"Gladiateurs\u00a0: H\u00e9ros du Colis\u00e9e, un univers insoup\u00e7onn\u00e9 \u00e0 d\u00e9couvrir d\u00e8s le 21 juin au Mus\u00e9e de la civilisation- communiqu\u00e9 de presse du Mus\u00e9e de la civilisation \u00e0 Qu\u00e9bec.\" \/>\n<meta property=\"og:url\" content=\"https:\/\/mcq.org\/en\/a-propos\/medias\/communiques\/gladiateurs-heros-du-colisee-un-univers-insoupconne-a-decouvrir-des-le-21-juin-au-musee-de-la-civilisation\/\" \/>\n<meta property=\"og:site_name\" content=\"Mus\u00e9e de la civilisation\" \/>\n<meta property=\"article:publisher\" content=\"https:\/\/www.facebook.com\/mcqorg\" \/>\n<meta property=\"og:image\" content=\"https:\/\/mcq.org\/wp-content\/uploads\/2024\/01\/galdiateurs-annonce-presse.jpg\" \/>\n\t<meta property=\"og:image:width\" content=\"600\" \/>\n\t<meta property=\"og:image:height\" content=\"600\" \/>\n\t<meta property=\"og:image:type\" content=\"image\/jpeg\" \/>\n<meta name=\"twitter:card\" content=\"summary_large_image\" \/>\n<meta name=\"twitter:site\" content=\"@mcqorg\" \/>\n<meta name=\"twitter:label1\" content=\"Est. reading time\" \/>\n\t<meta name=\"twitter:data1\" content=\"4 minutes\" \/>\n<!-- \/ Yoast SEO Premium plugin. -->","yoast_head_json":{"title":"Gladiateurs\u00a0: H\u00e9ros du Colis\u00e9e, un univers insoup\u00e7onn\u00e9 \u00e0 d\u00e9couvrir d\u00e8s le 21 juin au Mus\u00e9e de la civilisation - Communiqu\u00e9 de presse | Mus\u00e9e de la civilisation","description":"Gladiateurs\u00a0: H\u00e9ros du Colis\u00e9e, un univers insoup\u00e7onn\u00e9 \u00e0 d\u00e9couvrir d\u00e8s le 21 juin au Mus\u00e9e de la civilisation- communiqu\u00e9 de presse du Mus\u00e9e de la civilisation \u00e0 Qu\u00e9bec.","robots":{"index":"index","follow":"follow","max-snippet":"max-snippet:-1","max-image-preview":"max-image-preview:large","max-video-preview":"max-video-preview:-1"},"canonical":"https:\/\/mcq.org\/en\/a-propos\/medias\/communiques\/gladiateurs-heros-du-colisee-un-univers-insoupconne-a-decouvrir-des-le-21-juin-au-musee-de-la-civilisation\/","og_locale":"en_US","og_type":"article","og_title":"Gladiateurs\u00a0: H\u00e9ros du Colis\u00e9e, un univers insoup\u00e7onn\u00e9 \u00e0 d\u00e9couvrir d\u00e8s le 21 juin au Mus\u00e9e de la civilisation - Communiqu\u00e9 de presse | Mus\u00e9e de la civilisation","og_description":"Gladiateurs\u00a0: H\u00e9ros du Colis\u00e9e, un univers insoup\u00e7onn\u00e9 \u00e0 d\u00e9couvrir d\u00e8s le 21 juin au Mus\u00e9e de la civilisation- communiqu\u00e9 de presse du Mus\u00e9e de la civilisation \u00e0 Qu\u00e9bec.","og_url":"https:\/\/mcq.org\/en\/a-propos\/medias\/communiques\/gladiateurs-heros-du-colisee-un-univers-insoupconne-a-decouvrir-des-le-21-juin-au-musee-de-la-civilisation\/","og_site_name":"Mus\u00e9e de la civilisation","article_publisher":"https:\/\/www.facebook.com\/mcqorg","og_image":[{"width":600,"height":600,"url":"https:\/\/mcq.org\/wp-content\/uploads\/2024\/01\/galdiateurs-annonce-presse.jpg","type":"image\/jpeg"}],"twitter_card":"summary_large_image","twitter_site":"@mcqorg","twitter_misc":{"Est. reading time":"4 minutes"},"schema":{"@context":"https:\/\/schema.org","@graph":[{"@type":"WebPage","@id":"https:\/\/mcq.org\/en\/a-propos\/medias\/communiques\/gladiateurs-heros-du-colisee-un-univers-insoupconne-a-decouvrir-des-le-21-juin-au-musee-de-la-civilisation\/","url":"https:\/\/mcq.org\/en\/a-propos\/medias\/communiques\/gladiateurs-heros-du-colisee-un-univers-insoupconne-a-decouvrir-des-le-21-juin-au-musee-de-la-civilisation\/","name":"Gladiateurs\u00a0: H\u00e9ros du Colis\u00e9e, un univers insoup\u00e7onn\u00e9 \u00e0 d\u00e9couvrir d\u00e8s le 21 juin au Mus\u00e9e de la civilisation - Communiqu\u00e9 de presse | Mus\u00e9e de la civilisation","isPartOf":{"@id":"https:\/\/mcq.org\/en\/#website"},"primaryImageOfPage":{"@id":"https:\/\/mcq.org\/en\/a-propos\/medias\/communiques\/gladiateurs-heros-du-colisee-un-univers-insoupconne-a-decouvrir-des-le-21-juin-au-musee-de-la-civilisation\/#primaryimage"},"image":{"@id":"https:\/\/mcq.org\/en\/a-propos\/medias\/communiques\/gladiateurs-heros-du-colisee-un-univers-insoupconne-a-decouvrir-des-le-21-juin-au-musee-de-la-civilisation\/#primaryimage"},"thumbnailUrl":"https:\/\/mcq.org\/wp-content\/uploads\/2024\/01\/galdiateurs-annonce-presse.jpg","datePublished":"2024-01-24T14:00:00+00:00","description":"Gladiateurs\u00a0: H\u00e9ros du Colis\u00e9e, un univers insoup\u00e7onn\u00e9 \u00e0 d\u00e9couvrir d\u00e8s le 21 juin au Mus\u00e9e de la civilisation- communiqu\u00e9 de presse du Mus\u00e9e de la civilisation \u00e0 Qu\u00e9bec.","breadcrumb":{"@id":"https:\/\/mcq.org\/en\/a-propos\/medias\/communiques\/gladiateurs-heros-du-colisee-un-univers-insoupconne-a-decouvrir-des-le-21-juin-au-musee-de-la-civilisation\/#breadcrumb"},"inLanguage":"en-US","potentialAction":[{"@type":"ReadAction","target":["https:\/\/mcq.org\/en\/a-propos\/medias\/communiques\/gladiateurs-heros-du-colisee-un-univers-insoupconne-a-decouvrir-des-le-21-juin-au-musee-de-la-civilisation\/"]}]},{"@type":"ImageObject","inLanguage":"en-US","@id":"https:\/\/mcq.org\/en\/a-propos\/medias\/communiques\/gladiateurs-heros-du-colisee-un-univers-insoupconne-a-decouvrir-des-le-21-juin-au-musee-de-la-civilisation\/#primaryimage","url":"https:\/\/mcq.org\/wp-content\/uploads\/2024\/01\/galdiateurs-annonce-presse.jpg","contentUrl":"https:\/\/mcq.org\/wp-content\/uploads\/2024\/01\/galdiateurs-annonce-presse.jpg","width":600,"height":600,"caption":"Casque de gladiateurs en fer sur fond noir"},{"@type":"BreadcrumbList","@id":"https:\/\/mcq.org\/en\/a-propos\/medias\/communiques\/gladiateurs-heros-du-colisee-un-univers-insoupconne-a-decouvrir-des-le-21-juin-au-musee-de-la-civilisation\/#breadcrumb","itemListElement":[{"@type":"ListItem","position":1,"name":"Home","item":"https:\/\/mcq.org\/en\/"},{"@type":"ListItem","position":2,"name":"Communiqu\u00e9s presse","item":"https:\/\/mcq.org\/en\/a-propos\/medias\/communiques\/"},{"@type":"ListItem","position":3,"name":"Gladiateurs\u00a0: H\u00e9ros du Colis\u00e9e, un univers insoup\u00e7onn\u00e9 \u00e0 d\u00e9couvrir d\u00e8s le 21 juin au Mus\u00e9e de la civilisation"}]},{"@type":"WebSite","@id":"https:\/\/mcq.org\/en\/#website","url":"https:\/\/mcq.org\/en\/","name":"Mus\u00e9e de la civilisation","description":"Le Mus\u00e9e de la civilisation explore les diff\u00e9rentes facettes de la r\u00e9alit\u00e9 humaine avec sa d\u00e9marche unique qui combine enchantement, connaissance et r\u00e9flexion.","publisher":{"@id":"https:\/\/mcq.org\/en\/#organization"},"alternateName":"MCQ","potentialAction":[{"@type":"SearchAction","target":{"@type":"EntryPoint","urlTemplate":"https:\/\/mcq.org\/en\/?s={search_term_string}"},"query-input":{"@type":"PropertyValueSpecification","valueRequired":true,"valueName":"search_term_string"}}],"inLanguage":"en-US"},{"@type":"Organization","@id":"https:\/\/mcq.org\/en\/#organization","name":"Mus\u00e9e de la civilisation","alternateName":"MCQ","url":"https:\/\/mcq.org\/en\/","logo":{"@type":"ImageObject","inLanguage":"en-US","@id":"https:\/\/mcq.org\/en\/#\/schema\/logo\/image\/","url":"https:\/\/mcq.org\/wp-content\/uploads\/2023\/04\/logo-mcq-300x123-1.png","contentUrl":"https:\/\/mcq.org\/wp-content\/uploads\/2023\/04\/logo-mcq-300x123-1.png","width":300,"height":123,"caption":"Mus\u00e9e de la civilisation"},"image":{"@id":"https:\/\/mcq.org\/en\/#\/schema\/logo\/image\/"},"sameAs":["https:\/\/www.facebook.com\/mcqorg","https:\/\/x.com\/mcqorg","https:\/\/www.instagram.com\/mcqorg\/","https:\/\/www.linkedin.com\/company\/mcqorg\/"]}]}},"_links":{"self":[{"href":"https:\/\/mcq.org\/en\/wp-json\/wp\/v2\/presse\/14636","targetHints":{"allow":["GET"]}}],"collection":[{"href":"https:\/\/mcq.org\/en\/wp-json\/wp\/v2\/presse"}],"about":[{"href":"https:\/\/mcq.org\/en\/wp-json\/wp\/v2\/types\/presse"}],"version-history":[{"count":2,"href":"https:\/\/mcq.org\/en\/wp-json\/wp\/v2\/presse\/14636\/revisions"}],"predecessor-version":[{"id":14638,"href":"https:\/\/mcq.org\/en\/wp-json\/wp\/v2\/presse\/14636\/revisions\/14638"}],"wp:featuredmedia":[{"embeddable":true,"href":"https:\/\/mcq.org\/en\/wp-json\/wp\/v2\/media\/14634"}],"wp:attachment":[{"href":"https:\/\/mcq.org\/en\/wp-json\/wp\/v2\/media?parent=14636"}],"wp:term":[{"taxonomy":"comm-tax","embeddable":true,"href":"https:\/\/mcq.org\/en\/wp-json\/wp\/v2\/comm-tax?post=14636"}],"curies":[{"name":"wp","href":"https:\/\/api.w.org\/{rel}","templated":true}]}}