{"id":14141,"date":"2023-12-12T15:11:58","date_gmt":"2023-12-12T20:11:58","guid":{"rendered":"https:\/\/mcq.org\/?post_type=presse&#038;p=14141"},"modified":"2023-12-12T15:14:40","modified_gmt":"2023-12-12T20:14:40","slug":"pour-un-temps-des-fetes-enchanteur-un-arret-au-musee-de-la-civilisation-simpose","status":"publish","type":"presse","link":"https:\/\/mcq.org\/en\/a-propos\/medias\/communiques\/pour-un-temps-des-fetes-enchanteur-un-arret-au-musee-de-la-civilisation-simpose\/","title":{"rendered":"Pour un temps des F\u00eates enchanteur, un arr\u00eat au Mus\u00e9e de la civilisation s\u2019impose!"},"content":{"rendered":"<div  class=\"container contenu-centre\">\n  <div class=\"row justify-content-center\">\n    <div class=\"col-lg-10 col-xl-8\">\n      \n        \n\n<p>Partager de bons moments avec ceux et celles qu\u2019on aime au Mus\u00e9e de la civilisation fait partie des traditions du temps des F\u00eates\u2009! En plus des expositions en cours et de leurs activit\u00e9s culturelles et \u00e9ducatives respectives, une programmation sp\u00e9ciale des F\u00eates sera pr\u00e9sent\u00e9e du 26 au 31 d\u00e9cembre. Les activit\u00e9s sont en lien avec l\u2019exposition <em>Pour demain<\/em> tout comme les ornements formant de grosses cocottes fabriqu\u00e9es \u00e0 partir de boites cadeaux inutilis\u00e9es de la Boutique. Pour ceux et celles qui souhaitent faire des d\u00e9couvertes ext\u00e9rieures, une visite de Place-Royale sera aussi disponible du 26 d\u00e9cembre au 7 janvier.<\/p>\n<p>Le Mus\u00e9e de la civilisation sera ouvert tous les jours, de 10\u00a0h \u00e0 17\u00a0h, du 26 d\u00e9cembre au 7 janvier, sauf le lundi 1<sup>er<\/sup> janvier. De plus, on peut \u00e9conomiser jusqu\u2019\u00e0 3 $ \u00e0 l\u2019achat d\u2019un <a href=\"https:\/\/boutique.mcq.org\/tickets\">billet en ligne.<\/a><\/p>\n<h1>Du 26 d\u00e9cembre au 31 d\u00e9cembre, trois activit\u00e9s du temps des F\u00eates\u00a0:<\/h1>\n<p><strong>Spectacle familial <em>Apporter demain<\/em><\/strong>, \u00e0 12\u00a0h\u00a030 et \u00e0 14\u00a0h &#8211; Gratuit<\/p>\n<p>Depuis l\u2019ouverture de l\u2019exposition <em>Pour demain<\/em>, les personnages loufoques d\u2019Hydro et d\u2019Oxy ont investi le Mus\u00e9e, car ils veulent sauver la plan\u00e8te\u2026 et ils r\u00e9ussissent\u2009! Cependant, cette nouvelle aventure des F\u00eates les pousse \u00e0 partir sur les traces du Capitaine Bidouille qui semble avoir disparu\u2009! Chemin faisant, ils d\u00e9couvrent l\u2019importance de l\u2019amiti\u00e9. <em>Une production de Par \u00c9pisode<\/em>.<\/p>\n<p><strong>Atelier de d\u00e9coration de biscuits<\/strong>, entre 12\u00a0h et 15\u00a0h &#8211; Gratuit<\/p>\n<p>Quel mod\u00e8le de biscuits les petits et les grands enfants choisiront-ils pour laisser aller leur imagination\u00a0? Celui en forme de plan\u00e8te Terre ou celui avec un arbre au centre\u2009? Peu importe, cette d\u00e9coration originale sera aussi d\u00e9licieuse que source de r\u00e9flexion.<\/p>\n<p><strong>Confection de carte postale<\/strong> \u2013 Gratuit avec le droit d\u2019entr\u00e9e<\/p>\n<p>Pour souligner le passage vers la nouvelle ann\u00e9e, pourquoi ne pas venir confectionner une carte postale empreinte d\u2019amour et d\u2019espoir pour un \u00eatre cher\u2009? Bien install\u00e9 dans l\u2019espace collectif <em>Voie libre<\/em>, l\u2019inspiration viendra toute seule\u2009!<\/p>\n<p>\u00a0<\/p>\n<h1>Du 26 d\u00e9cembre au 7 janvier\u00a0sur r\u00e9servation<\/h1>\n<p><a href=\"https:\/\/mcq.org\/decouvrir\/activites\/visite-de-place-royale-a-la-saveur-des-fetes\/\"><strong>Visite guid\u00e9e de Place-Royale<\/strong><\/a>, 3 \u00e0 4 d\u00e9parts par jour &#8211; Gratuit avec le droit d\u2019entr\u00e9e<\/p>\n<p>En plus de son d\u00e9cor f\u00e9\u00e9rique d\u2019hiver, Place-Royale est un endroit charg\u00e9 d\u2019histoires in\u00e9dites, de personnages et d\u2019\u00e9v\u00e9nements marquants. D\u00e9couvrez-les en compagnie d\u2019un ou d\u2019une guide et, par la suite, d\u00e9gustez un bon caf\u00e9 ou une boisson chocolat\u00e9e bien chaude\u2009! D\u00e9part du Mus\u00e9e de la civilisation. <span class=\"vignette\">Inscription au comptoir d&#8217;information du Mus\u00e9e<\/span>.<\/p>\n<h1>Une pause \u00e0 l\u2019Espace saveurs par Nollen, l\u2019aire de restauration du Mus\u00e9e<\/h1>\n<p>Entre deux activit\u00e9s, prenez le temps de faire un arr\u00eat \u00e0 l\u2019<a href=\"https:\/\/mcq.org\/visiter\/restaurant\/\">Espace saveurs<\/a> par Nollen. Chaleureux et r\u00e9confortant, c\u2019est l\u2019endroit id\u00e9al pour prendre une pause, casser la cro\u00fbte et profiter d\u2019un menu diversifi\u00e9 et de breuvages chauds \u00e0 th\u00e9matique des F\u00eates tels qu\u2019un chocolat chaud \u00e0 la guimauve grill\u00e9e, un moka \u00e0 la canne de bonbon, un latte au lait de poule \u00e0 l\u2019avoine ou, si le c\u0153ur vous en dit, un cappuccino alcoolis\u00e9 au Coureur des bois. \u00c7a vaut le d\u00e9tour\u2009!<\/p>\n<h1>Expositions en cours\u00a0<\/h1>\n<p><strong><a href=\"https:\/\/mcq.org\/decouvrir\/expositions\/ma-maison\/\"><em>Ma maison<\/em><\/a> <\/strong>est con\u00e7ue pour les enfants de 3 \u00e0 8 ans. Ils peuvent explorer tous les recoins de ce lieu pas comme les autres\u2009!<\/p>\n<p><strong><a href=\"https:\/\/mcq.org\/decouvrir\/expositions\/pour-demain\/\"><em>Pour demain<\/em> <\/a><\/strong>propose des solutions concr\u00e8tes et accessibles face aux changements climatiques pour am\u00e9liorer le sort de la plan\u00e8te. <strong>Se termine le 7 janvier prochain.<\/strong><\/p>\n<p><a href=\"https:\/\/mcq.org\/decouvrir\/expositions\/sur-paroles\/\"><strong><em>Sur paroles. Le son du rap queb<\/em><\/strong><\/a> offre un parcours sonore immersif o\u00f9 l\u2019on retrace l\u2019histoire de la culture hip-hop au Qu\u00e9bec et des personnes qui ont trac\u00e9 la voie \u00e0 cette forme d\u2019expression musicale.<\/p>\n<p><strong><a href=\"https:\/\/mcq.org\/decouvrir\/expositions\/unique-en-son-genre\/\"><em>Unique en son genre<\/em><\/a> <\/strong>explore les multiples r\u00e9alit\u00e9s li\u00e9es aux identit\u00e9s de genre.\u00a0<\/p>\n<p><strong><a href=\"https:\/\/mcq.org\/decouvrir\/expositions\/cest-notre-histoire\/\"><em>C\u2019est notre histoire<\/em><\/a> <\/strong>pr\u00e9sente la r\u00e9alit\u00e9 contemporaine des 11 nations autochtones pr\u00e9sentes sur le territoire qui forme le Qu\u00e9bec \u00e0 travers leur histoire, leurs r\u00e9cits et leurs r\u00e9alisations artistiques.<br \/><br \/><\/p>\n<p><strong>Relations de presse<br \/><\/strong>Anne-Sophie Desmeules\u00a0: 418\u00a0643-2158, poste 208\u2009; courriel\u00a0:<a href=\"mailto:anne-sophie.desmeules@mcq.org\"> anne-sophie.desmeules@mcq.org<\/a><br \/>Agn\u00e8s Dufour, 418\u00a0643-2158 poste 433\u2009; courriel\u00a0: <a href=\"mailto:agnes.dufour@mcq.org\">agnes.dufour@mcq.org<\/a><\/p>\n<p>\u00a0<\/p>\n<p>\u00a0<\/p>\n\n\n          <\/div>\n  <\/div>\n<\/div>","protected":false},"excerpt":{"rendered":"","protected":false},"featured_media":0,"parent":0,"menu_order":0,"template":"","comm-tax":[8],"class_list":["post-14141","presse","type-presse","status-publish","hentry","comm-tax-communique"],"acf":[],"yoast_head":"<!-- This site is optimized with the Yoast SEO Premium plugin v27.3 (Yoast SEO v27.3) - https:\/\/yoast.com\/product\/yoast-seo-premium-wordpress\/ -->\n<title>Pour un temps des F\u00eates enchanteur, un arr\u00eat au Mus\u00e9e de la civilisation s\u2019impose! - Communiqu\u00e9 de presse | Mus\u00e9e de la civilisation<\/title>\n<meta name=\"description\" content=\"Pour un temps des F\u00eates enchanteur, un arr\u00eat au Mus\u00e9e de la civilisation s\u2019impose!- communiqu\u00e9 de presse du Mus\u00e9e de la civilisation \u00e0 Qu\u00e9bec.\" \/>\n<meta name=\"robots\" content=\"index, follow, max-snippet:-1, max-image-preview:large, max-video-preview:-1\" \/>\n<link rel=\"canonical\" href=\"https:\/\/mcq.org\/en\/a-propos\/medias\/communiques\/pour-un-temps-des-fetes-enchanteur-un-arret-au-musee-de-la-civilisation-simpose\/\" \/>\n<meta property=\"og:locale\" content=\"en_US\" \/>\n<meta property=\"og:type\" content=\"article\" \/>\n<meta property=\"og:title\" content=\"Pour un temps des F\u00eates enchanteur, un arr\u00eat au Mus\u00e9e de la civilisation s\u2019impose! - Communiqu\u00e9 de presse | Mus\u00e9e de la civilisation\" \/>\n<meta property=\"og:description\" content=\"D\u00e9couvrez la programmation d\u2019activit\u00e9s familiales du Mus\u00e9e sp\u00e9cialement con\u00e7ue pour le temps des F\u00eates.\" \/>\n<meta property=\"og:url\" content=\"https:\/\/mcq.org\/en\/a-propos\/medias\/communiques\/pour-un-temps-des-fetes-enchanteur-un-arret-au-musee-de-la-civilisation-simpose\/\" \/>\n<meta property=\"og:site_name\" content=\"Mus\u00e9e de la civilisation\" \/>\n<meta property=\"article:publisher\" content=\"https:\/\/www.facebook.com\/mcqorg\" \/>\n<meta property=\"article:modified_time\" content=\"2023-12-12T20:14:40+00:00\" \/>\n<meta property=\"og:image\" content=\"https:\/\/mcq.org\/wp-content\/uploads\/2023\/11\/lesfetes-au-musee-2023.jpg?ver=1701209328\" \/>\n\t<meta property=\"og:image:width\" content=\"600\" \/>\n\t<meta property=\"og:image:height\" content=\"600\" \/>\n\t<meta property=\"og:image:type\" content=\"image\/jpeg\" \/>\n<meta name=\"twitter:card\" content=\"summary_large_image\" \/>\n<meta name=\"twitter:description\" content=\"Pour un temps des F\u00eates enchanteur, un arr\u00eat au Mus\u00e9e de la civilisation s\u2019impose!- communiqu\u00e9 de presse du Mus\u00e9e de la civilisation \u00e0 Qu\u00e9bec.\" \/>\n<meta name=\"twitter:site\" content=\"@mcqorg\" \/>\n<meta name=\"twitter:label1\" content=\"Est. reading time\" \/>\n\t<meta name=\"twitter:data1\" content=\"4 minutes\" \/>\n<!-- \/ Yoast SEO Premium plugin. -->","yoast_head_json":{"title":"Pour un temps des F\u00eates enchanteur, un arr\u00eat au Mus\u00e9e de la civilisation s\u2019impose! - Communiqu\u00e9 de presse | Mus\u00e9e de la civilisation","description":"Pour un temps des F\u00eates enchanteur, un arr\u00eat au Mus\u00e9e de la civilisation s\u2019impose!- communiqu\u00e9 de presse du Mus\u00e9e de la civilisation \u00e0 Qu\u00e9bec.","robots":{"index":"index","follow":"follow","max-snippet":"max-snippet:-1","max-image-preview":"max-image-preview:large","max-video-preview":"max-video-preview:-1"},"canonical":"https:\/\/mcq.org\/en\/a-propos\/medias\/communiques\/pour-un-temps-des-fetes-enchanteur-un-arret-au-musee-de-la-civilisation-simpose\/","og_locale":"en_US","og_type":"article","og_title":"Pour un temps des F\u00eates enchanteur, un arr\u00eat au Mus\u00e9e de la civilisation s\u2019impose! - Communiqu\u00e9 de presse | Mus\u00e9e de la civilisation","og_description":"D\u00e9couvrez la programmation d\u2019activit\u00e9s familiales du Mus\u00e9e sp\u00e9cialement con\u00e7ue pour le temps des F\u00eates.","og_url":"https:\/\/mcq.org\/en\/a-propos\/medias\/communiques\/pour-un-temps-des-fetes-enchanteur-un-arret-au-musee-de-la-civilisation-simpose\/","og_site_name":"Mus\u00e9e de la civilisation","article_publisher":"https:\/\/www.facebook.com\/mcqorg","article_modified_time":"2023-12-12T20:14:40+00:00","og_image":[{"width":600,"height":600,"url":"https:\/\/mcq.org\/wp-content\/uploads\/2023\/11\/lesfetes-au-musee-2023.jpg?ver=1701209328","type":"image\/jpeg"}],"twitter_card":"summary_large_image","twitter_description":"Pour un temps des F\u00eates enchanteur, un arr\u00eat au Mus\u00e9e de la civilisation s\u2019impose!- communiqu\u00e9 de presse du Mus\u00e9e de la civilisation \u00e0 Qu\u00e9bec.","twitter_site":"@mcqorg","twitter_misc":{"Est. reading time":"4 minutes"},"schema":{"@context":"https:\/\/schema.org","@graph":[{"@type":"WebPage","@id":"https:\/\/mcq.org\/en\/a-propos\/medias\/communiques\/pour-un-temps-des-fetes-enchanteur-un-arret-au-musee-de-la-civilisation-simpose\/","url":"https:\/\/mcq.org\/en\/a-propos\/medias\/communiques\/pour-un-temps-des-fetes-enchanteur-un-arret-au-musee-de-la-civilisation-simpose\/","name":"Pour un temps des F\u00eates enchanteur, un arr\u00eat au Mus\u00e9e de la civilisation s\u2019impose! - Communiqu\u00e9 de presse | Mus\u00e9e de la civilisation","isPartOf":{"@id":"https:\/\/mcq.org\/en\/#website"},"datePublished":"2023-12-12T20:11:58+00:00","dateModified":"2023-12-12T20:14:40+00:00","description":"Pour un temps des F\u00eates enchanteur, un arr\u00eat au Mus\u00e9e de la civilisation s\u2019impose!- communiqu\u00e9 de presse du Mus\u00e9e de la civilisation \u00e0 Qu\u00e9bec.","breadcrumb":{"@id":"https:\/\/mcq.org\/en\/a-propos\/medias\/communiques\/pour-un-temps-des-fetes-enchanteur-un-arret-au-musee-de-la-civilisation-simpose\/#breadcrumb"},"inLanguage":"en-US","potentialAction":[{"@type":"ReadAction","target":["https:\/\/mcq.org\/en\/a-propos\/medias\/communiques\/pour-un-temps-des-fetes-enchanteur-un-arret-au-musee-de-la-civilisation-simpose\/"]}]},{"@type":"BreadcrumbList","@id":"https:\/\/mcq.org\/en\/a-propos\/medias\/communiques\/pour-un-temps-des-fetes-enchanteur-un-arret-au-musee-de-la-civilisation-simpose\/#breadcrumb","itemListElement":[{"@type":"ListItem","position":1,"name":"Home","item":"https:\/\/mcq.org\/en\/"},{"@type":"ListItem","position":2,"name":"Communiqu\u00e9s presse","item":"https:\/\/mcq.org\/en\/a-propos\/medias\/communiques\/"},{"@type":"ListItem","position":3,"name":"Pour un temps des F\u00eates enchanteur, un arr\u00eat au Mus\u00e9e de la civilisation s\u2019impose!"}]},{"@type":"WebSite","@id":"https:\/\/mcq.org\/en\/#website","url":"https:\/\/mcq.org\/en\/","name":"Mus\u00e9e de la civilisation","description":"Le Mus\u00e9e de la civilisation explore les diff\u00e9rentes facettes de la r\u00e9alit\u00e9 humaine avec sa d\u00e9marche unique qui combine enchantement, connaissance et r\u00e9flexion.","publisher":{"@id":"https:\/\/mcq.org\/en\/#organization"},"alternateName":"MCQ","potentialAction":[{"@type":"SearchAction","target":{"@type":"EntryPoint","urlTemplate":"https:\/\/mcq.org\/en\/?s={search_term_string}"},"query-input":{"@type":"PropertyValueSpecification","valueRequired":true,"valueName":"search_term_string"}}],"inLanguage":"en-US"},{"@type":"Organization","@id":"https:\/\/mcq.org\/en\/#organization","name":"Mus\u00e9e de la civilisation","alternateName":"MCQ","url":"https:\/\/mcq.org\/en\/","logo":{"@type":"ImageObject","inLanguage":"en-US","@id":"https:\/\/mcq.org\/en\/#\/schema\/logo\/image\/","url":"https:\/\/mcq.org\/wp-content\/uploads\/2023\/04\/logo-mcq-300x123-1.png","contentUrl":"https:\/\/mcq.org\/wp-content\/uploads\/2023\/04\/logo-mcq-300x123-1.png","width":300,"height":123,"caption":"Mus\u00e9e de la civilisation"},"image":{"@id":"https:\/\/mcq.org\/en\/#\/schema\/logo\/image\/"},"sameAs":["https:\/\/www.facebook.com\/mcqorg","https:\/\/x.com\/mcqorg","https:\/\/www.instagram.com\/mcqorg\/","https:\/\/www.linkedin.com\/company\/mcqorg\/"]}]}},"_links":{"self":[{"href":"https:\/\/mcq.org\/en\/wp-json\/wp\/v2\/presse\/14141","targetHints":{"allow":["GET"]}}],"collection":[{"href":"https:\/\/mcq.org\/en\/wp-json\/wp\/v2\/presse"}],"about":[{"href":"https:\/\/mcq.org\/en\/wp-json\/wp\/v2\/types\/presse"}],"version-history":[{"count":6,"href":"https:\/\/mcq.org\/en\/wp-json\/wp\/v2\/presse\/14141\/revisions"}],"predecessor-version":[{"id":14147,"href":"https:\/\/mcq.org\/en\/wp-json\/wp\/v2\/presse\/14141\/revisions\/14147"}],"wp:attachment":[{"href":"https:\/\/mcq.org\/en\/wp-json\/wp\/v2\/media?parent=14141"}],"wp:term":[{"taxonomy":"comm-tax","embeddable":true,"href":"https:\/\/mcq.org\/en\/wp-json\/wp\/v2\/comm-tax?post=14141"}],"curies":[{"name":"wp","href":"https:\/\/api.w.org\/{rel}","templated":true}]}}