{"id":13695,"date":"2023-11-20T09:28:08","date_gmt":"2023-11-20T14:28:08","guid":{"rendered":"https:\/\/mcq.org\/?post_type=presse&#038;p=13695"},"modified":"2023-11-20T09:34:12","modified_gmt":"2023-11-20T14:34:12","slug":"19e-edition-du-grand-banquet-un-record-exceptionnel-de-500-000","status":"publish","type":"presse","link":"https:\/\/mcq.org\/en\/a-propos\/medias\/communiques\/19e-edition-du-grand-banquet-un-record-exceptionnel-de-500-000\/","title":{"rendered":"19e \u00e9dition du Grand Banquet\u00a0: Un record exceptionnel de 500\u00a0000$!"},"content":{"rendered":"<div  class=\"container contenu-centre\">\n  <div class=\"row justify-content-center\">\n    <div class=\"col-lg-10 col-xl-8\">\n      \n        \n\n<p>Vendredi soir dernier, dans un d\u00e9cor color\u00e9 \u00e9voquant la candeur et l\u2019imagination des enfants, et inspir\u00e9 de l\u2019exposition <em>Ma maison,<\/em> avait lieu la 19<sup>e<\/sup> \u00e9dition du Grand Banquet de <a href=\"https:\/\/www.mcq.org\/fr\/fondation\">la Fondation du Mus\u00e9e de la civilisation<\/a><em>. <\/em><strong>Sous la pr\u00e9sidence d\u2019honneur de monsieur Paul Desmarais III, pr\u00e9sident-directeur g\u00e9n\u00e9ral de Sagard<\/strong>, cette soir\u00e9e, \u00e9v\u00e9nement incontournable de la philanthropie qu\u00e9b\u00e9coise, a permis d\u2019amasser un b\u00e9n\u00e9fice record exceptionnel de 500 000\u00a0$.<\/p>\n<p>Repr\u00e9sentant les milieux \u00e9conomique, culturel et politique, plus de 450 invit\u00e9.es ont t\u00e9moign\u00e9 leur attachement \u00e0 la mission de la Fondation du Mus\u00e9e par leur pr\u00e9sence et leur engagement. Parmi les invit\u00e9.es d\u2019honneur se trouvaient Genevi\u00e8ve Guilbault, vice-premi\u00e8re ministre du Qu\u00e9bec et ministre des Transports et de la Mobilit\u00e9 durable, l\u2019honorable Jean-Yves Duclos, ministre des Services publics et de l\u2019Approvisionnement du Canada, Bruno Marchand, maire de Qu\u00e9bec ainsi que Sophie D\u2019Amours, rectrice de l\u2019Universit\u00e9 Laval.<\/p>\n<p>Les copr\u00e9sidents du cabinet de campagne de La Maison des sciences, Charles Emond, pr\u00e9sident et chef de la direction de la CDPQ, et Denis Ricard, pr\u00e9sident et chef de la direction d\u2019iA Groupe financier, \u00e9taient \u00e9galement pr\u00e9sents et ont d\u00e9voil\u00e9 un r\u00e9sultat spectaculaire de 5,5\u00a0M$, atteint en des temps records, d\u00e9passant m\u00eame l\u2019objectif initial de 5\u00a0M$. Le succ\u00e8s de cette premi\u00e8re grande \u00e9tape de financement confirme la volont\u00e9 de voir s\u2019implanter \u00e0 Qu\u00e9bec un lieu d\u00e9di\u00e9 \u00e0 la culture scientifique, \u00e0 sa vulgarisation et \u00e0 sa transmission aupr\u00e8s des citoyens et des citoyennes, et plus particuli\u00e8rement aupr\u00e8s des enfants. La Fondation poursuivra ses efforts ainsi que la campagne de financement visant \u00e0 concr\u00e9tiser ce magnifique projet. Les copr\u00e9sidents ainsi que la Fondation ont profit\u00e9 de l\u2019occasion pour saluer l\u2019engagement des membres du cabinet de campagne de La Maison des sciences, qui ont su convaincre plusieurs donateurs et donatrices de soutenir le d\u00e9veloppement de ce projet d\u2019envergure qui sera r\u00e9alis\u00e9 par le Mus\u00e9e de la civilisation.<\/p>\n<p>Cette soir\u00e9e fut aussi l\u2019occasion de souligner le 95<sup>e<\/sup> anniversaire et l\u2019engagement de l\u2019homme de th\u00e9\u00e2tre, grand m\u00e9c\u00e8ne et ami du Mus\u00e9e Roland Lepage avec des t\u00e9moignages vid\u00e9o de nombreuses personnalit\u00e9s publiques, principalement issues du milieu th\u00e9\u00e2tral. Avec Seb Lozon et Marie-Christine Champagne de Bell M\u00e9dia \u00e0 l\u2019animation, les invit\u00e9.es ont pu appr\u00e9cier une performance musicale d\u2019\u00c9mile Proulx-Cloutier, d\u00e9guster un repas unique du Montego Resto Club et participer au traditionnel encan \u00e0 la cri\u00e9e, anim\u00e9 cette ann\u00e9e par Mario Tessier, et dont les profits ont \u00e9t\u00e9 enti\u00e8rement remis \u00e0 la Fondation du Mus\u00e9e de la civilisation.<\/p>\n<p>Le 22 novembre 2024 aura lieu la 20<sup>e<\/sup> \u00e9dition du Grand Banquet, sous la pr\u00e9sidence d\u2019honneur de monsieur Gr\u00e9goire Baillargeon, pr\u00e9sident de BMO Groupe financier, Qu\u00e9bec.<\/p>\n<h2>Citations\u00a0:<\/h2>\n<p>\u00ab\u2009C\u2019est avec enthousiasme que j\u2019ai accept\u00e9 la pr\u00e9sidence d\u2019honneur du Grand Banquet 2023 de la Fondation du Mus\u00e9e de la civilisation. D\u2019embl\u00e9e, je me reconnais dans les valeurs de diffusion et de d\u00e9mocratisation de la culture que cet organisme porte haut et fort afin de la rendre accessible au<br \/>plus grand nombre. Je souhaite de tout c\u0153ur les partager, car ensemble, nous pouvons faire une diff\u00e9rence tangible dans le parcours de milliers d\u2019enfants et de leur famille.\u2009\u00bb <strong><em>&#8211; Paul Desmarais III, pr\u00e9sident-directeur g\u00e9n\u00e9ral de Sagard et pr\u00e9sident d\u2019honneur de la 19<sup>e<\/sup> \u00e9dition du Grand Banquet <\/em><\/strong><\/p>\n<p>\u00ab\u2009Notre c\u0153ur d\u2019enfant nous permet de voir le monde avec \u00e9merveillement et de croire que tout est possible. C\u2019est sur cela que se base la raison d\u2019\u00eatre de la Fondation du Mus\u00e9e de la civilisation : permettre \u00e0 tous, principalement aux enfants, d\u2019avoir acc\u00e8s au ressourcement et \u00e0 la stimulation que procure une visite au Mus\u00e9e et qui sont n\u00e9cessaires \u00e0 l\u2019\u00e9panouissement de notre soci\u00e9t\u00e9.\u2009\u00bb &#8211; <strong><em>Claude Choquette, pr\u00e9sident de HDG et du Groupe Le Massif et pr\u00e9sident de la Fondation du Mus\u00e9e de la civilisation<\/em><\/strong><\/p>\n<p>\u00a0<\/p>\n<h2>\u00c0 propos de la <a href=\"https:\/\/mcq.org\/soutenir\/fondation\/a-propos\/\">Fondation du Mus\u00e9e de la civilisation<\/a><\/h2>\n<p>L\u2019impact de la culture est ind\u00e9niable dans le d\u00e9veloppement social et \u00e9ducatif des individus, particuli\u00e8rement des enfants, peu importe le milieu d\u2019o\u00f9 ils viennent, et \u00e0 plus forte raison en situation de besoins particuliers. La Fondation du Mus\u00e9e de la civilisation se donne pour mission, depuis plus de 30\u00a0ans, de soutenir l\u2019accessibilit\u00e9 aux activit\u00e9s du Mus\u00e9e \u00e0 des personnes aux horizons vari\u00e9s afin de leur faire vivre une exp\u00e9rience positive et enrichissante, tout en assurant la p\u00e9rennit\u00e9 du fonctionnement de l\u2019organisation.<\/p>\n<p>\u00a0<\/p>\n<p style=\"text-align: center;\">\u2013\u00a030\u00a0\u2013<\/p>\n<p>\u00a0<\/p>\n<p><strong>Relations de presse\u00a0:<\/strong><\/p>\n<p>Anne-Sophie Desmeules\u00a0: 418\u00a0643-2158, poste 208\u2009; courriel\u00a0: <a href=\"mailto:anne-sophie.desmeules@mcq.org\">anne-sophie.desmeules@mcq.org<\/a><\/p>\n<p>\u00a0<\/p>\n<p><strong>Pour plus d\u2019informations au sujet de la Fondation du Mus\u00e9e de la civilisation\u00a0:<\/strong><\/p>\n<p>Marie-\u00c8ve Abran\u00a0: 418\u00a0643-2158, poste 320\u2009; courriel\u00a0: <a href=\"mailto:marie-eve.abran@mcq.org\">marie-eve.abran@mcq.org<\/a><\/p>\n\n\n          <\/div>\n  <\/div>\n<\/div>","protected":false},"excerpt":{"rendered":"","protected":false},"featured_media":13697,"parent":0,"menu_order":0,"template":"","comm-tax":[8],"class_list":["post-13695","presse","type-presse","status-publish","has-post-thumbnail","hentry","comm-tax-communique"],"acf":[],"yoast_head":"<!-- This site is optimized with the Yoast SEO Premium plugin v27.3 (Yoast SEO v27.3) - https:\/\/yoast.com\/product\/yoast-seo-premium-wordpress\/ -->\n<title>19e \u00e9dition du Grand Banquet\u00a0: Un record exceptionnel de 500\u00a0000$! - Communiqu\u00e9 de presse | Mus\u00e9e de la civilisation<\/title>\n<meta name=\"description\" content=\"19e \u00e9dition du Grand Banquet\u00a0: Un record exceptionnel de 500\u00a0000$!- communiqu\u00e9 de presse du Mus\u00e9e de la civilisation \u00e0 Qu\u00e9bec.\" \/>\n<meta name=\"robots\" content=\"index, follow, max-snippet:-1, max-image-preview:large, max-video-preview:-1\" \/>\n<link rel=\"canonical\" href=\"https:\/\/mcq.org\/en\/a-propos\/medias\/communiques\/19e-edition-du-grand-banquet-un-record-exceptionnel-de-500-000\/\" \/>\n<meta property=\"og:locale\" content=\"en_US\" \/>\n<meta property=\"og:type\" content=\"article\" \/>\n<meta property=\"og:title\" content=\"19e \u00e9dition du Grand Banquet\u00a0: Un record exceptionnel de 500\u00a0000$! - Communiqu\u00e9 de presse | Mus\u00e9e de la civilisation\" \/>\n<meta property=\"og:description\" content=\"19e \u00e9dition du Grand Banquet\u00a0: Un record exceptionnel de 500\u00a0000$!- communiqu\u00e9 de presse du Mus\u00e9e de la civilisation \u00e0 Qu\u00e9bec.\" \/>\n<meta property=\"og:url\" content=\"https:\/\/mcq.org\/en\/a-propos\/medias\/communiques\/19e-edition-du-grand-banquet-un-record-exceptionnel-de-500-000\/\" \/>\n<meta property=\"og:site_name\" content=\"Mus\u00e9e de la civilisation\" \/>\n<meta property=\"article:publisher\" content=\"https:\/\/www.facebook.com\/mcqorg\" \/>\n<meta property=\"article:modified_time\" content=\"2023-11-20T14:34:12+00:00\" \/>\n<meta property=\"og:image\" content=\"https:\/\/mcq.org\/wp-content\/uploads\/2023\/11\/soiree-grand-banquet-2023.jpg\" \/>\n\t<meta property=\"og:image:width\" content=\"600\" \/>\n\t<meta property=\"og:image:height\" content=\"600\" \/>\n\t<meta property=\"og:image:type\" content=\"image\/jpeg\" \/>\n<meta name=\"twitter:card\" content=\"summary_large_image\" \/>\n<meta name=\"twitter:site\" content=\"@mcqorg\" \/>\n<meta name=\"twitter:label1\" content=\"Est. reading time\" \/>\n\t<meta name=\"twitter:data1\" content=\"4 minutes\" \/>\n<!-- \/ Yoast SEO Premium plugin. -->","yoast_head_json":{"title":"19e \u00e9dition du Grand Banquet\u00a0: Un record exceptionnel de 500\u00a0000$! - Communiqu\u00e9 de presse | Mus\u00e9e de la civilisation","description":"19e \u00e9dition du Grand Banquet\u00a0: Un record exceptionnel de 500\u00a0000$!- communiqu\u00e9 de presse du Mus\u00e9e de la civilisation \u00e0 Qu\u00e9bec.","robots":{"index":"index","follow":"follow","max-snippet":"max-snippet:-1","max-image-preview":"max-image-preview:large","max-video-preview":"max-video-preview:-1"},"canonical":"https:\/\/mcq.org\/en\/a-propos\/medias\/communiques\/19e-edition-du-grand-banquet-un-record-exceptionnel-de-500-000\/","og_locale":"en_US","og_type":"article","og_title":"19e \u00e9dition du Grand Banquet\u00a0: Un record exceptionnel de 500\u00a0000$! - Communiqu\u00e9 de presse | Mus\u00e9e de la civilisation","og_description":"19e \u00e9dition du Grand Banquet\u00a0: Un record exceptionnel de 500\u00a0000$!- communiqu\u00e9 de presse du Mus\u00e9e de la civilisation \u00e0 Qu\u00e9bec.","og_url":"https:\/\/mcq.org\/en\/a-propos\/medias\/communiques\/19e-edition-du-grand-banquet-un-record-exceptionnel-de-500-000\/","og_site_name":"Mus\u00e9e de la civilisation","article_publisher":"https:\/\/www.facebook.com\/mcqorg","article_modified_time":"2023-11-20T14:34:12+00:00","og_image":[{"width":600,"height":600,"url":"https:\/\/mcq.org\/wp-content\/uploads\/2023\/11\/soiree-grand-banquet-2023.jpg","type":"image\/jpeg"}],"twitter_card":"summary_large_image","twitter_site":"@mcqorg","twitter_misc":{"Est. reading time":"4 minutes"},"schema":{"@context":"https:\/\/schema.org","@graph":[{"@type":"WebPage","@id":"https:\/\/mcq.org\/en\/a-propos\/medias\/communiques\/19e-edition-du-grand-banquet-un-record-exceptionnel-de-500-000\/","url":"https:\/\/mcq.org\/en\/a-propos\/medias\/communiques\/19e-edition-du-grand-banquet-un-record-exceptionnel-de-500-000\/","name":"19e \u00e9dition du Grand Banquet\u00a0: Un record exceptionnel de 500\u00a0000$! - Communiqu\u00e9 de presse | Mus\u00e9e de la civilisation","isPartOf":{"@id":"https:\/\/mcq.org\/en\/#website"},"primaryImageOfPage":{"@id":"https:\/\/mcq.org\/en\/a-propos\/medias\/communiques\/19e-edition-du-grand-banquet-un-record-exceptionnel-de-500-000\/#primaryimage"},"image":{"@id":"https:\/\/mcq.org\/en\/a-propos\/medias\/communiques\/19e-edition-du-grand-banquet-un-record-exceptionnel-de-500-000\/#primaryimage"},"thumbnailUrl":"https:\/\/mcq.org\/wp-content\/uploads\/2023\/11\/soiree-grand-banquet-2023.jpg","datePublished":"2023-11-20T14:28:08+00:00","dateModified":"2023-11-20T14:34:12+00:00","description":"19e \u00e9dition du Grand Banquet\u00a0: Un record exceptionnel de 500\u00a0000$!- communiqu\u00e9 de presse du Mus\u00e9e de la civilisation \u00e0 Qu\u00e9bec.","breadcrumb":{"@id":"https:\/\/mcq.org\/en\/a-propos\/medias\/communiques\/19e-edition-du-grand-banquet-un-record-exceptionnel-de-500-000\/#breadcrumb"},"inLanguage":"en-US","potentialAction":[{"@type":"ReadAction","target":["https:\/\/mcq.org\/en\/a-propos\/medias\/communiques\/19e-edition-du-grand-banquet-un-record-exceptionnel-de-500-000\/"]}]},{"@type":"ImageObject","inLanguage":"en-US","@id":"https:\/\/mcq.org\/en\/a-propos\/medias\/communiques\/19e-edition-du-grand-banquet-un-record-exceptionnel-de-500-000\/#primaryimage","url":"https:\/\/mcq.org\/wp-content\/uploads\/2023\/11\/soiree-grand-banquet-2023.jpg","contentUrl":"https:\/\/mcq.org\/wp-content\/uploads\/2023\/11\/soiree-grand-banquet-2023.jpg","width":600,"height":600,"caption":"Plusieurs personnes sont assises dans le Hall du Mus\u00e9e derri\u00e8re eux, un d\u00e9cor avec des montgolfi\u00e8res multicolores."},{"@type":"BreadcrumbList","@id":"https:\/\/mcq.org\/en\/a-propos\/medias\/communiques\/19e-edition-du-grand-banquet-un-record-exceptionnel-de-500-000\/#breadcrumb","itemListElement":[{"@type":"ListItem","position":1,"name":"Home","item":"https:\/\/mcq.org\/en\/"},{"@type":"ListItem","position":2,"name":"Communiqu\u00e9s presse","item":"https:\/\/mcq.org\/en\/a-propos\/medias\/communiques\/"},{"@type":"ListItem","position":3,"name":"19e \u00e9dition du Grand Banquet\u00a0: Un record exceptionnel de 500\u00a0000$!"}]},{"@type":"WebSite","@id":"https:\/\/mcq.org\/en\/#website","url":"https:\/\/mcq.org\/en\/","name":"Mus\u00e9e de la civilisation","description":"Le Mus\u00e9e de la civilisation explore les diff\u00e9rentes facettes de la r\u00e9alit\u00e9 humaine avec sa d\u00e9marche unique qui combine enchantement, connaissance et r\u00e9flexion.","publisher":{"@id":"https:\/\/mcq.org\/en\/#organization"},"alternateName":"MCQ","potentialAction":[{"@type":"SearchAction","target":{"@type":"EntryPoint","urlTemplate":"https:\/\/mcq.org\/en\/?s={search_term_string}"},"query-input":{"@type":"PropertyValueSpecification","valueRequired":true,"valueName":"search_term_string"}}],"inLanguage":"en-US"},{"@type":"Organization","@id":"https:\/\/mcq.org\/en\/#organization","name":"Mus\u00e9e de la civilisation","alternateName":"MCQ","url":"https:\/\/mcq.org\/en\/","logo":{"@type":"ImageObject","inLanguage":"en-US","@id":"https:\/\/mcq.org\/en\/#\/schema\/logo\/image\/","url":"https:\/\/mcq.org\/wp-content\/uploads\/2023\/04\/logo-mcq-300x123-1.png","contentUrl":"https:\/\/mcq.org\/wp-content\/uploads\/2023\/04\/logo-mcq-300x123-1.png","width":300,"height":123,"caption":"Mus\u00e9e de la civilisation"},"image":{"@id":"https:\/\/mcq.org\/en\/#\/schema\/logo\/image\/"},"sameAs":["https:\/\/www.facebook.com\/mcqorg","https:\/\/x.com\/mcqorg","https:\/\/www.instagram.com\/mcqorg\/","https:\/\/www.linkedin.com\/company\/mcqorg\/"]}]}},"_links":{"self":[{"href":"https:\/\/mcq.org\/en\/wp-json\/wp\/v2\/presse\/13695","targetHints":{"allow":["GET"]}}],"collection":[{"href":"https:\/\/mcq.org\/en\/wp-json\/wp\/v2\/presse"}],"about":[{"href":"https:\/\/mcq.org\/en\/wp-json\/wp\/v2\/types\/presse"}],"version-history":[{"count":1,"href":"https:\/\/mcq.org\/en\/wp-json\/wp\/v2\/presse\/13695\/revisions"}],"predecessor-version":[{"id":13696,"href":"https:\/\/mcq.org\/en\/wp-json\/wp\/v2\/presse\/13695\/revisions\/13696"}],"wp:featuredmedia":[{"embeddable":true,"href":"https:\/\/mcq.org\/en\/wp-json\/wp\/v2\/media\/13697"}],"wp:attachment":[{"href":"https:\/\/mcq.org\/en\/wp-json\/wp\/v2\/media?parent=13695"}],"wp:term":[{"taxonomy":"comm-tax","embeddable":true,"href":"https:\/\/mcq.org\/en\/wp-json\/wp\/v2\/comm-tax?post=13695"}],"curies":[{"name":"wp","href":"https:\/\/api.w.org\/{rel}","templated":true}]}}