{"id":13463,"date":"2023-11-09T13:23:00","date_gmt":"2023-11-09T18:23:00","guid":{"rendered":"https:\/\/mcq.org\/?post_type=presse&#038;p=13463"},"modified":"2023-11-15T15:32:49","modified_gmt":"2023-11-15T20:32:49","slug":"sur-paroles-le-son-du-rap-queb-la-culture-hip-hop-dans-toutes-ses-dimensions","status":"publish","type":"presse","link":"https:\/\/mcq.org\/en\/a-propos\/medias\/communiques\/sur-paroles-le-son-du-rap-queb-la-culture-hip-hop-dans-toutes-ses-dimensions\/","title":{"rendered":"Sur paroles. Le son du rap queb\u00a0: la culture hip-hop dans toutes ses dimensions"},"content":{"rendered":"<div  class=\"container contenu-centre\">\n  <div class=\"row justify-content-center\">\n    <div class=\"col-lg-10 col-xl-8\">\n      \n        \n\n<p>Du 10 novembre 2023 au 2 septembre 2024, le Mus\u00e9e de la civilisation invite le public \u00e0 entrer dans une nouvelle \u00e8re du son avec <strong><em>Sur paroles. Le son du rap queb<\/em><\/strong>. Cette exposition, d\u00e9velopp\u00e9e en collaboration avec l\u2019artiste hip-hop et conf\u00e9rencier <a href=\"https:\/\/www.websterls.com\/\">Webster<\/a>, et \u00e0 laquelle de nombreux repr\u00e9sentants et repr\u00e9sentantes de la communaut\u00e9 hip-hop d\u2019hier et aujourd\u2019hui ont collabor\u00e9, retrace l\u2019histoire de ce mouvement culturel majeur, met en lumi\u00e8re ses artisan.es et d\u00e9montre comment leurs luttes et leurs propos ont influenc\u00e9 notre soci\u00e9t\u00e9 au fil du temps.<\/p>\n<p>Longtemps consid\u00e9r\u00e9 comme une culture marginale, le hip-hop est un univers dense, fruit d\u2019une diversit\u00e9 culturelle ind\u00e9niable qui fait r\u00e9sonner des pr\u00e9occupations sociales importantes. Son \u00e9mergence dans la soci\u00e9t\u00e9 qu\u00e9b\u00e9coise t\u00e9moigne du chemin parcouru, et de celui qu\u2019il reste \u00e0 faire, pour conna\u00eetre, reconna\u00eetre et faire entendre toutes ses voix dans leur riche pluralit\u00e9.<\/p>\n<p>Si aujourd\u2019hui il est possible d\u2019affirmer que le hip-hop fa\u00e7onne des changements dans la culture en g\u00e9n\u00e9ral, c\u2019est qu\u2019il s\u2019est s\u00e9rieusement imbriqu\u00e9 dans nos soci\u00e9t\u00e9s, faisant son apparition au Qu\u00e9bec au d\u00e9but des ann\u00e9es 1980. Pour souligner ses 40 ans, retracer son histoire et celle des artistes qui portent cette culture et ses revendications depuis ses d\u00e9buts, <strong><em>Sur paroles. Le son du rap queb<\/em><\/strong> en expose les multiples dimensions et permet de prendre la juste mesure de la place de ce mouvement dans la culture qu\u00e9b\u00e9coise.<\/p>\n<p>Plong\u00e9 en pleine r\u00e9alit\u00e9 sonore augment\u00e9e, gr\u00e2ce \u00e0 <a href=\"https:\/\/mcq.org\/wp-content\/uploads\/2023\/11\/teaser-sur-paroles.wav\">un parcours auditif spatialis\u00e9<\/a> support\u00e9 par une technologie de pointe novatrice d\u00e9velopp\u00e9e par le Mus\u00e9e, le public y d\u00e9couvre un corpus \u00e9clectique compos\u00e9 de pr\u00e8s de 200 objets r\u00e9colt\u00e9s aupr\u00e8s de 60 pr\u00eateurs, des t\u00e9moignages vivants, des textes riches et profonds, et surtout toute la po\u00e9sie, l\u2019engagement et la pertinence de ces artistes aux multiples talents. De ses origines dans le Bronx, \u00e0 New York, \u00e0 son \u00e9mergence au Qu\u00e9bec, <strong><em>Sur paroles. Le son du rap queb<\/em><\/strong> sonde non seulement les fondements du hip-hop qu\u00e9b\u00e9cois, mais aussi l\u2019importance des communaut\u00e9s afro-descendantes et leur influence sur ce mouvement, les d\u00e9buts de la diffusion et de la sc\u00e8ne hip-hop, les codes et les bases de cette culture et ses multiples expressions.<\/p>\n<p>Le Mus\u00e9e de la civilisation c\u00e9l\u00e8brera, le 24 novembre prochain, l\u2019ouverture de cette exposition en pr\u00e9sence de nombreux artistes, acteurs de la communaut\u00e9 et partenaires de cr\u00e9ation lors d\u2019une soir\u00e9e festive en musique avec DJ Nerve, DJ Sin Less, \u00c9rika Zarya, Manu Militari, Raccoon, Sans Pression et Taktika, \u00e0 laquelle le grand public a \u00e9t\u00e9 invit\u00e9 gratuitement et qui affiche <a href=\"https:\/\/www.facebook.com\/events\/1383860582342924\">d\u00e9j\u00e0 complet<\/a>\u2009!<\/p>\n<h2>Citations<\/h2>\n<p>\u00ab\u2009Il y a dans le hip-hop une dimension sociale, et en m\u00eame temps, une po\u00e9sie unique, qui nous remue. Nous avons eu envie d\u2019explorer cet univers et d\u2019en comprendre mieux les origines, de faire conna\u00eetre les artistes qui en font partie, et ce qu\u2019ils et elles ont \u00e0 dire. Le Mus\u00e9e c\u00e9l\u00e8bre cette ann\u00e9e ses 35 ans et est plus que jamais de son temps\u00a0: engag\u00e9, inclusif, innovant et audacieux. Notre programmation actuelle en t\u00e9moigne, et nous poursuivons dans cette trajectoire. <em>Sur paroles. Le son du rap queb<\/em> est une invitation \u00e0 d\u00e9passer les perceptions pour plonger dans une culture unique, vibrante et, ultimement, nous ouvrir \u00e0 l\u2019Autre.\u2009\u00bb &#8211; <strong><em>St\u00e9phan La Roche, pr\u00e9sident-directeur g\u00e9n\u00e9ral, Mus\u00e9e de la civilisation<\/em><\/strong><\/p>\n<p>\u00ab\u2009C\u2019est une grande fiert\u00e9 et un honneur pour moi de collaborer avec le Mus\u00e9e de la civilisation. D\u00e8s le d\u00e9part, je voulais faire de cette exposition un outil p\u00e9dagogique afin que la population en g\u00e9n\u00e9ral puisse mieux comprendre cette culture qui nous a tant apport\u00e9 et, par le fait m\u00eame, la mani\u00e8re dont les voix racis\u00e9es au Qu\u00e9bec ont pu \u00eatre amplifi\u00e9es gr\u00e2ce au hip-hop. J\u2019esp\u00e8re aussi que les adeptes de la premi\u00e8re heure, les <em>real hip-hop heads<\/em>, puissent se retrouver dans ce projet et se dire \u201coui, nous voil\u00e0.\u201d\u2009\u00bb &#8211; <strong><em>Webster<\/em><\/strong><\/p>\n<h2>Faits saillants<\/h2>\n<ul>\n<li>Aly Ndiaye, alias Webster, est n\u00e9 et a grandi dans le quartier Limoilou \u00e0 Qu\u00e9bec. Membre fondateur du collectif Limoilou Starz, il est un v\u00e9t\u00e9ran et l\u2019un des pionniers du mouvement hip-hop qu\u00e9b\u00e9cois et est reconnu pour la qualit\u00e9 de ses textes ainsi que l\u2019intelligence de ses propos. Militant, il s\u2019implique beaucoup socialement et donne r\u00e9guli\u00e8rement des conf\u00e9rences sur une multitude de sujets, dont l\u2019histoire de la pr\u00e9sence afro-descendante et l\u2019esclavage au Qu\u00e9bec et au Canada depuis l\u2019\u00e9poque de la Nouvelle-France.\n<\/li>\n<li>La r\u00e9alisation de cette exposition s\u2019inscrit dans le cadre d\u2019un projet de collaboration imagin\u00e9 par Webster visant \u00e0 c\u00e9l\u00e9brer les 40 ans du hip-hop au Qu\u00e9bec et faire conna\u00eetre ce mouvement dans sa r\u00e9alit\u00e9 qu\u00e9b\u00e9coise\u00a0par un diptyque qui inclut l\u2019Orchestre symphonique de Qu\u00e9bec, dont les spectacles ont \u00e9t\u00e9 pr\u00e9sent\u00e9s les 6 et 7 octobre derniers.\n<\/li>\n<li>Le Mus\u00e9e de la civilisation et trois entreprises de Qu\u00e9bec &#8211; ART&amp;D, Polaki interactif et Cocktails Solutions \u2013 ont d\u00e9velopp\u00e9 un casque d\u2019exp\u00e9rience sonore augment\u00e9e exclusif, fourni \u00e0 chaque visiteur.euse en d\u00e9but de parcours.\n<\/li>\n<li><a href=\"https:\/\/www.sagastrategie.com\/apropos-saga\">SAGA Strat\u00e9gie Sonore<\/a>, en collaboration avec le Mus\u00e9e de la civilisation, a con\u00e7u cet environnement auditif in\u00e9dit et innovant, qui emm\u00e8nent les visiteur. euses \u00e0 se replacer dans l\u2019espace au fur et \u00e0 mesure qu\u2019ils et elles d\u00e9couvrent diff\u00e9rents artefacts sonores (archives, t\u00e9moignages, etc.), des pi\u00e8ces musicales des artistes hip-hop, une trame musicale originale et des paysages sonores, loin de l\u2019exp\u00e9rience classique avec audioguide. SAGA a fait appel \u00e0 de nombreux.ses artistes pour la cr\u00e9ation de musique originale, dont DJ Nerve, DJ Horg, Kenzhelo, Nazbrok, Shash&#8217;u et Sora\u00ef. On y entend \u00e9galement Webster et Jenny Salgado (J-Kyll), du groupe Muzion, narrer des segments phares.\n<\/li>\n<li>L\u2019exposition <em>Sur Paroles. Le son du rap queb<\/em> a \u00e9t\u00e9 appuy\u00e9e par le Secr\u00e9tariat \u00e0 la Capitale-Nationale gr\u00e2ce \u00e0 son soutien \u00e0 <a href=\"https:\/\/mcq.org\/espace-professionnel\/incubateur\/\">l\u2019Incubateur d\u2019innovations mus\u00e9ales<\/a>, principalement en lien avec le d\u00e9veloppement des dispositifs sonores.\n<\/li>\n<li>De nombreux collaborateur. trices issu.es du milieu et de la sc\u00e8ne hip-hop ont particip\u00e9 \u00e0 l\u2019\u00e9laboration des contenus, dont un comit\u00e9 consultatif compos\u00e9 de\u00a0Vladimir Delva (Kapois Lamort), Aly Ndiaye (Webster), Philippe N\u00e9m\u00e9h-Nombr\u00e9 et Jenny Salgado (J-Kyll).\n<\/li>\n<li>Le Mus\u00e9e a fait appel \u00e0 Vincent Tourigny, un ancien graffeur de la sc\u00e8ne de Montr\u00e9al, en tant que collaborateur au design graphique de l\u2019exposition.\n<\/li>\n<li>En mode immersif, les visiteur. euses pourront notamment vivre l\u2019exp\u00e9rience d\u2019un <em>block party<\/em> avec DJ Nerve aux platines et ParkaOne et Spectrax \u00e0 l\u2019animation, ou encore assister \u00e0 un <em>battle de beat-box<\/em> dans les r\u00e8gles de l\u2019art entre Spectrax et Andre Gibson.\n<\/li>\n<li>Parmi les \u00e9l\u00e9ments du corpus, on retrouve des v\u00eatements et accessoires de sc\u00e8ne, du mat\u00e9riel d\u2019enregistrement, des archives photographiques, des manuscrits, des vid\u00e9os, de l\u2019art visuel, en plus du parcours sonore. En voici quelques exemples\u00a0:\n<ul>\n<li>Micro portatif de Anodajay, fondateur des Disques 7<sup>e<\/sup> Ciel, un des rappeurs pr\u00e9curseurs du mouvement\u2009;<\/li>\n<li><em>Test pressing<\/em> de l\u2019album <em>The Dark Side of the Groove<\/em>\u2009 de Zero Tolerance, une des premi\u00e8res productions associ\u00e9es au hip-hop \u00e0 Montr\u00e9al\u2009;<\/li>\n<li>Troph\u00e9e F\u00e9lix remis \u00e0 Sans Pression par le groupe Loco Locass, moment marquant de l\u2019histoire de la sc\u00e8ne hip-hop qu\u00e9b\u00e9coise\u2009;<\/li>\n<li>\u0152uvre <em>O.A. Rusted Steel\u2009<\/em> du graffeur Stare, un des graffeurs leaders du mouvement \u00e0 Montr\u00e9al au d\u00e9but des ann\u00e9es 2000\u2009;<\/li>\n<li>Tuque en forme de fleur de lys, cr\u00e9ation de Hans Moreau que Loco Locass a rendue c\u00e9l\u00e8bre\u2009;<\/li>\n<li>Teiwekan (Tambour \u00e0 main) de Samian, utilis\u00e9 au d\u00e9but de sa carri\u00e8re et qui affichait fi\u00e8rement son appartenance aux Premi\u00e8res Nations\u2009;<\/li>\n<li>Troph\u00e9e M\u00e9dia de l\u2019ann\u00e9e du gala Unistar, remport\u00e9 par les <em>ArShitechs du Son<\/em>, \u00e9mission de radio de Qu\u00e9bec pr\u00e9curseur du mouvement\u2009;<\/li>\n<li>Installation de <em>djing<\/em> de DJ Horg (platines, mixeur et clavier Ensoniq), un des artistes fondateurs du mouvement.<\/li>\n<\/ul>\n<\/li>\n<\/ul>\n<p style=\"text-align: center;\">&#8211; 30 &#8211;<\/p>\n<h2>Relations de presse<\/h2>\n<p><strong>Qu\u00e9bec\u00a0:<\/strong><\/p>\n<p>Anne-Sophie Desmeules\u00a0: 418\u00a0643-2158, poste 208\u2009; courriel\u00a0: <a href=\"mailto:anne-sophie.desmeules@mcq.org\">anne-sophie.desmeules@mcq.org<\/a><\/p>\n<p>Agn\u00e8s Dufour\u00a0: 418\u00a0643-2158 poste 433\u2009; courriel\u00a0: <a href=\"mailto:agnes.dufour@mcq.org\">agnes.dufour@mcq.org<\/a><\/p>\n<p><strong>Montr\u00e9al\u00a0:<\/strong><\/p>\n<p>Rosemonde Gingras\u00a0: 514\u00a0458-8355\u2009; courriel\u00a0: <a href=\"mailto:rosemonde@rosemondecommunications.com\">rosemonde@rosemondecommunications.com<\/a><\/p>\n\n\n          <\/div>\n  <\/div>\n<\/div>","protected":false},"excerpt":{"rendered":"","protected":false},"featured_media":13470,"parent":0,"menu_order":0,"template":"","comm-tax":[8],"class_list":["post-13463","presse","type-presse","status-publish","has-post-thumbnail","hentry","comm-tax-communique"],"acf":[],"yoast_head":"<!-- This site is optimized with the Yoast SEO Premium plugin v27.3 (Yoast SEO v27.3) - https:\/\/yoast.com\/product\/yoast-seo-premium-wordpress\/ -->\n<title>Sur paroles. Le son du rap queb\u00a0: la culture hip-hop dans toutes ses dimensions - Communiqu\u00e9 de presse | Mus\u00e9e de la civilisation<\/title>\n<meta name=\"description\" content=\"Sur paroles. Le son du rap queb\u00a0: la culture hip-hop dans toutes ses dimensions- communiqu\u00e9 de presse du Mus\u00e9e de la civilisation \u00e0 Qu\u00e9bec.\" \/>\n<meta name=\"robots\" content=\"index, follow, max-snippet:-1, max-image-preview:large, max-video-preview:-1\" \/>\n<link rel=\"canonical\" href=\"https:\/\/mcq.org\/en\/a-propos\/medias\/communiques\/sur-paroles-le-son-du-rap-queb-la-culture-hip-hop-dans-toutes-ses-dimensions\/\" \/>\n<meta property=\"og:locale\" content=\"en_US\" \/>\n<meta property=\"og:type\" content=\"article\" \/>\n<meta property=\"og:title\" content=\"Sur paroles. Le son du rap queb\u00a0: la culture hip-hop dans toutes ses dimensions - Communiqu\u00e9 de presse | Mus\u00e9e de la civilisation\" \/>\n<meta property=\"og:description\" content=\"Communiqu\u00e9 de presse de l&#039;exposition Sur paroles. Le son du rap queb. pr\u00e9sent\u00e9e au Mus\u00e9e de la civilisation \u00e0 Qu\u00e9bec\" \/>\n<meta property=\"og:url\" content=\"https:\/\/mcq.org\/en\/a-propos\/medias\/communiques\/sur-paroles-le-son-du-rap-queb-la-culture-hip-hop-dans-toutes-ses-dimensions\/\" \/>\n<meta property=\"og:site_name\" content=\"Mus\u00e9e de la civilisation\" \/>\n<meta property=\"article:publisher\" content=\"https:\/\/www.facebook.com\/mcqorg\" \/>\n<meta property=\"article:modified_time\" content=\"2023-11-15T20:32:49+00:00\" \/>\n<meta property=\"og:image\" content=\"https:\/\/mcq.org\/wp-content\/uploads\/2023\/11\/presse-sur-paroles-rap-queb.jpg\" \/>\n\t<meta property=\"og:image:width\" content=\"600\" \/>\n\t<meta property=\"og:image:height\" content=\"600\" \/>\n\t<meta property=\"og:image:type\" content=\"image\/jpeg\" \/>\n<meta name=\"twitter:card\" content=\"summary_large_image\" \/>\n<meta name=\"twitter:description\" content=\"Sur paroles. Le son du rap queb\u00a0: la culture hip-hop dans toutes ses dimensions- communiqu\u00e9 de presse du Mus\u00e9e de la civilisation \u00e0 Qu\u00e9bec.\" \/>\n<meta name=\"twitter:site\" content=\"@mcqorg\" \/>\n<meta name=\"twitter:label1\" content=\"Est. reading time\" \/>\n\t<meta name=\"twitter:data1\" content=\"7 minutes\" \/>\n<!-- \/ Yoast SEO Premium plugin. -->","yoast_head_json":{"title":"Sur paroles. Le son du rap queb\u00a0: la culture hip-hop dans toutes ses dimensions - Communiqu\u00e9 de presse | Mus\u00e9e de la civilisation","description":"Sur paroles. Le son du rap queb\u00a0: la culture hip-hop dans toutes ses dimensions- communiqu\u00e9 de presse du Mus\u00e9e de la civilisation \u00e0 Qu\u00e9bec.","robots":{"index":"index","follow":"follow","max-snippet":"max-snippet:-1","max-image-preview":"max-image-preview:large","max-video-preview":"max-video-preview:-1"},"canonical":"https:\/\/mcq.org\/en\/a-propos\/medias\/communiques\/sur-paroles-le-son-du-rap-queb-la-culture-hip-hop-dans-toutes-ses-dimensions\/","og_locale":"en_US","og_type":"article","og_title":"Sur paroles. Le son du rap queb\u00a0: la culture hip-hop dans toutes ses dimensions - Communiqu\u00e9 de presse | Mus\u00e9e de la civilisation","og_description":"Communiqu\u00e9 de presse de l'exposition Sur paroles. Le son du rap queb. pr\u00e9sent\u00e9e au Mus\u00e9e de la civilisation \u00e0 Qu\u00e9bec","og_url":"https:\/\/mcq.org\/en\/a-propos\/medias\/communiques\/sur-paroles-le-son-du-rap-queb-la-culture-hip-hop-dans-toutes-ses-dimensions\/","og_site_name":"Mus\u00e9e de la civilisation","article_publisher":"https:\/\/www.facebook.com\/mcqorg","article_modified_time":"2023-11-15T20:32:49+00:00","og_image":[{"width":600,"height":600,"url":"https:\/\/mcq.org\/wp-content\/uploads\/2023\/11\/presse-sur-paroles-rap-queb.jpg","type":"image\/jpeg"}],"twitter_card":"summary_large_image","twitter_description":"Sur paroles. Le son du rap queb\u00a0: la culture hip-hop dans toutes ses dimensions- communiqu\u00e9 de presse du Mus\u00e9e de la civilisation \u00e0 Qu\u00e9bec.","twitter_site":"@mcqorg","twitter_misc":{"Est. reading time":"7 minutes"},"schema":{"@context":"https:\/\/schema.org","@graph":[{"@type":"WebPage","@id":"https:\/\/mcq.org\/en\/a-propos\/medias\/communiques\/sur-paroles-le-son-du-rap-queb-la-culture-hip-hop-dans-toutes-ses-dimensions\/","url":"https:\/\/mcq.org\/en\/a-propos\/medias\/communiques\/sur-paroles-le-son-du-rap-queb-la-culture-hip-hop-dans-toutes-ses-dimensions\/","name":"Sur paroles. Le son du rap queb\u00a0: la culture hip-hop dans toutes ses dimensions - Communiqu\u00e9 de presse | Mus\u00e9e de la civilisation","isPartOf":{"@id":"https:\/\/mcq.org\/en\/#website"},"primaryImageOfPage":{"@id":"https:\/\/mcq.org\/en\/a-propos\/medias\/communiques\/sur-paroles-le-son-du-rap-queb-la-culture-hip-hop-dans-toutes-ses-dimensions\/#primaryimage"},"image":{"@id":"https:\/\/mcq.org\/en\/a-propos\/medias\/communiques\/sur-paroles-le-son-du-rap-queb-la-culture-hip-hop-dans-toutes-ses-dimensions\/#primaryimage"},"thumbnailUrl":"https:\/\/mcq.org\/wp-content\/uploads\/2023\/11\/presse-sur-paroles-rap-queb.jpg","datePublished":"2023-11-09T18:23:00+00:00","dateModified":"2023-11-15T20:32:49+00:00","description":"Sur paroles. Le son du rap queb\u00a0: la culture hip-hop dans toutes ses dimensions- communiqu\u00e9 de presse du Mus\u00e9e de la civilisation \u00e0 Qu\u00e9bec.","breadcrumb":{"@id":"https:\/\/mcq.org\/en\/a-propos\/medias\/communiques\/sur-paroles-le-son-du-rap-queb-la-culture-hip-hop-dans-toutes-ses-dimensions\/#breadcrumb"},"inLanguage":"en-US","potentialAction":[{"@type":"ReadAction","target":["https:\/\/mcq.org\/en\/a-propos\/medias\/communiques\/sur-paroles-le-son-du-rap-queb-la-culture-hip-hop-dans-toutes-ses-dimensions\/"]}]},{"@type":"ImageObject","inLanguage":"en-US","@id":"https:\/\/mcq.org\/en\/a-propos\/medias\/communiques\/sur-paroles-le-son-du-rap-queb-la-culture-hip-hop-dans-toutes-ses-dimensions\/#primaryimage","url":"https:\/\/mcq.org\/wp-content\/uploads\/2023\/11\/presse-sur-paroles-rap-queb.jpg","contentUrl":"https:\/\/mcq.org\/wp-content\/uploads\/2023\/11\/presse-sur-paroles-rap-queb.jpg","width":600,"height":600,"caption":"Montage photo en noir et blanc de plusieurs artisans et artisanes de la sc\u00e8ne hip-hop au Qu\u00e9bec."},{"@type":"BreadcrumbList","@id":"https:\/\/mcq.org\/en\/a-propos\/medias\/communiques\/sur-paroles-le-son-du-rap-queb-la-culture-hip-hop-dans-toutes-ses-dimensions\/#breadcrumb","itemListElement":[{"@type":"ListItem","position":1,"name":"Home","item":"https:\/\/mcq.org\/en\/"},{"@type":"ListItem","position":2,"name":"Communiqu\u00e9s presse","item":"https:\/\/mcq.org\/en\/a-propos\/medias\/communiques\/"},{"@type":"ListItem","position":3,"name":"Sur paroles. Le son du rap queb\u00a0: la culture hip-hop dans toutes ses dimensions"}]},{"@type":"WebSite","@id":"https:\/\/mcq.org\/en\/#website","url":"https:\/\/mcq.org\/en\/","name":"Mus\u00e9e de la civilisation","description":"Le Mus\u00e9e de la civilisation explore les diff\u00e9rentes facettes de la r\u00e9alit\u00e9 humaine avec sa d\u00e9marche unique qui combine enchantement, connaissance et r\u00e9flexion.","publisher":{"@id":"https:\/\/mcq.org\/en\/#organization"},"alternateName":"MCQ","potentialAction":[{"@type":"SearchAction","target":{"@type":"EntryPoint","urlTemplate":"https:\/\/mcq.org\/en\/?s={search_term_string}"},"query-input":{"@type":"PropertyValueSpecification","valueRequired":true,"valueName":"search_term_string"}}],"inLanguage":"en-US"},{"@type":"Organization","@id":"https:\/\/mcq.org\/en\/#organization","name":"Mus\u00e9e de la civilisation","alternateName":"MCQ","url":"https:\/\/mcq.org\/en\/","logo":{"@type":"ImageObject","inLanguage":"en-US","@id":"https:\/\/mcq.org\/en\/#\/schema\/logo\/image\/","url":"https:\/\/mcq.org\/wp-content\/uploads\/2023\/04\/logo-mcq-300x123-1.png","contentUrl":"https:\/\/mcq.org\/wp-content\/uploads\/2023\/04\/logo-mcq-300x123-1.png","width":300,"height":123,"caption":"Mus\u00e9e de la civilisation"},"image":{"@id":"https:\/\/mcq.org\/en\/#\/schema\/logo\/image\/"},"sameAs":["https:\/\/www.facebook.com\/mcqorg","https:\/\/x.com\/mcqorg","https:\/\/www.instagram.com\/mcqorg\/","https:\/\/www.linkedin.com\/company\/mcqorg\/"]}]}},"_links":{"self":[{"href":"https:\/\/mcq.org\/en\/wp-json\/wp\/v2\/presse\/13463","targetHints":{"allow":["GET"]}}],"collection":[{"href":"https:\/\/mcq.org\/en\/wp-json\/wp\/v2\/presse"}],"about":[{"href":"https:\/\/mcq.org\/en\/wp-json\/wp\/v2\/types\/presse"}],"version-history":[{"count":2,"href":"https:\/\/mcq.org\/en\/wp-json\/wp\/v2\/presse\/13463\/revisions"}],"predecessor-version":[{"id":13472,"href":"https:\/\/mcq.org\/en\/wp-json\/wp\/v2\/presse\/13463\/revisions\/13472"}],"wp:featuredmedia":[{"embeddable":true,"href":"https:\/\/mcq.org\/en\/wp-json\/wp\/v2\/media\/13470"}],"wp:attachment":[{"href":"https:\/\/mcq.org\/en\/wp-json\/wp\/v2\/media?parent=13463"}],"wp:term":[{"taxonomy":"comm-tax","embeddable":true,"href":"https:\/\/mcq.org\/en\/wp-json\/wp\/v2\/comm-tax?post=13463"}],"curies":[{"name":"wp","href":"https:\/\/api.w.org\/{rel}","templated":true}]}}