{"id":13417,"date":"2023-11-03T11:38:02","date_gmt":"2023-11-03T15:38:02","guid":{"rendered":"https:\/\/mcq.org\/?post_type=presse&#038;p=13417"},"modified":"2023-11-03T11:41:00","modified_gmt":"2023-11-03T15:41:00","slug":"le-musee-de-la-civilisation-recoit-le-prix-de-lindustrie-touristique-de-lannee","status":"publish","type":"presse","link":"https:\/\/mcq.org\/en\/a-propos\/medias\/communiques\/le-musee-de-la-civilisation-recoit-le-prix-de-lindustrie-touristique-de-lannee\/","title":{"rendered":"Le Mus\u00e9e de la civilisation re\u00e7oit le Prix de l&#8217;industrie touristique de l&#8217;ann\u00e9e"},"content":{"rendered":"<div  class=\"container contenu-centre\">\n  <div class=\"row justify-content-center\">\n    <div class=\"col-lg-10 col-xl-8\">\n      \n        \n\n<p>Hier soir, lors du gala des <a href=\"https:\/\/cciquebec.ca\/activites\/fideides-2023\/\" target=\"_blank\" rel=\"noopener\">Fid\u00e9ides 2023<\/a>, le Mus\u00e9e de la civilisation s\u2019est fi\u00e8rement distingu\u00e9 en recevant le <em>Prix industrie touristique de l\u2019ann\u00e9e<\/em>\u2009! Une reconnaissance qui vient couronner une ann\u00e9e foisonnante de projets accomplis et de d\u00e9fis relev\u00e9s avec brio par l\u2019institution nationale mus\u00e9ale et au cours de laquelle pr\u00e8s de 600\u00a0000 personnes ont franchi ses portes.<\/p>\n<p>L\u2019achalandage de 2022-2023 repose sur l\u2019encha\u00eenement in\u00e9dit de quatre grands succ\u00e8s de fr\u00e9quentation avec les <em>expositions \u00d4 merde\u2009!, Pomp\u00e9i. Cit\u00e9 immortelle, Le temps des pharaons <\/em>et<em> Ren\u00e9 et L\u00e9vesque.<\/em> Elles figurent parmi les expositions les plus fr\u00e9quent\u00e9es et les plus appr\u00e9ci\u00e9es des 10 derni\u00e8res ann\u00e9es.<\/p>\n<h2>Citation\u00a0:<\/h2>\n<p>\u00ab\u2009Ce prix, qui constitue un formidable cadeau \u00e0 l\u2019occasion du 35<sup>e<\/sup> anniversaire du Mus\u00e9e, est aussi appr\u00e9ci\u00e9 qu\u2019il est stimulant puisqu\u2019il nous est attribu\u00e9 par nos pairs du secteur touristique. Cela confirme, hors de tout doute, que la culture contribue \u00e0 l\u2019attraction et \u00e0 la r\u00e9tention des touristes quant \u00e0 leur choix de destination et que le Mus\u00e9e est un levier important dans le paysage \u00e9conomique et touristique de la r\u00e9gion, notamment par le biais d\u2019expositions audacieuses. Je remercie sinc\u00e8rement mon \u00e9quipe qui fait preuve quotidiennement d\u2019une grande cr\u00e9ativit\u00e9 et d\u2019un solide engagement.\u2009\u00bb <em>St\u00e9phan La Roche, pr\u00e9sident-directeur g\u00e9n\u00e9ral, Mus\u00e9e de la civilisation<\/em><\/p>\n<\/p>\n<p>Le Mus\u00e9e de la civilisation n\u2019a pas fini de surprendre ses diff\u00e9rentes client\u00e8les comme en t\u00e9moignent les expositions \u00e0 venir\u00a0:<\/p>\n<ul>\n<li><em>Sur paroles. Le son du rap queb, <\/em>d\u00e8s le 10 novembre<\/li>\n<li><em> Le Qu\u00e9bec dans l\u2019ar\u00e8ne, <\/em>d\u00e8s le 20 mars 2024<\/li>\n<li><em>Le Qu\u00e9bec, autrement dit <\/em>(nouvelle exposition permanente), d\u00e8s le 18 mai 2024<\/li>\n<\/ul>\n<h2>Faits saillants<\/h2>\n<ul>\n<li>Selon une enqu\u00eate, men\u00e9e entre juillet et septembre 2022, la provenance de client\u00e8le se dessinait ainsi\u00a0:<\/li>\n<li>grande r\u00e9gion de Qu\u00e9bec\u00a0: 35\u00a0%<\/li>\n<li>r\u00e9gion m\u00e9tropolitaine de Montr\u00e9al\u00a0: 16\u00a0%<\/li>\n<li>autres r\u00e9gions du Qu\u00e9bec\u00a0: 19\u00a0%<\/li>\n<li>autres provinces du Canada et pays \u00e9trangers\u00a0: 30\u00a0%<\/li>\n<\/ul>\n<ul>\n<li>Le 19 octobre dernier, le Mus\u00e9e de la civilisation c\u00e9l\u00e9brait son 35<sup>e<\/sup> Depuis son ouverture en 1988, il affiche plus de 20\u00a0millions d\u2019entr\u00e9es aux portes.<\/li>\n<\/ul>\n<p style=\"text-align: center;\">\u2013\u00a030\u00a0\u2013<\/p>\n<\/p>\n<p><strong>Relations de presse\u00a0:<\/strong><\/p>\n<p>Anne-Sophie Desmeules\u00a0: 418\u00a0643-2158, poste\u00a0208\u2009; courriel\u00a0: <a href=\"mailto:anne-sophie.desmeules@mcq.org\">anne-sophie.desmeules@mcq.org<\/a><\/p>\n<p>Agn\u00e8s Dufour\u00a0: 418\u00a0643-2158, poste\u00a0433\u2009; courriel\u00a0: <a href=\"mailto:agnes.dufour@mcq.org\">agnes.dufour@mcq.org<\/a><\/p>\n\n\n          <\/div>\n  <\/div>\n<\/div>","protected":false},"excerpt":{"rendered":"","protected":false},"featured_media":5939,"parent":0,"menu_order":0,"template":"","comm-tax":[8],"class_list":["post-13417","presse","type-presse","status-publish","has-post-thumbnail","hentry","comm-tax-communique"],"acf":[],"yoast_head":"<!-- This site is optimized with the Yoast SEO Premium plugin v27.3 (Yoast SEO v27.3) - https:\/\/yoast.com\/product\/yoast-seo-premium-wordpress\/ -->\n<title>Le Mus\u00e9e de la civilisation re\u00e7oit le Prix de l&#039;industrie touristique de l&#039;ann\u00e9e - Communiqu\u00e9 de presse | Mus\u00e9e de la civilisation<\/title>\n<meta name=\"description\" content=\"Le Mus\u00e9e de la civilisation re\u00e7oit le Prix de l&#039;industrie touristique de l&#039;ann\u00e9e- communiqu\u00e9 de presse du Mus\u00e9e de la civilisation \u00e0 Qu\u00e9bec.\" \/>\n<meta name=\"robots\" content=\"index, follow, max-snippet:-1, max-image-preview:large, max-video-preview:-1\" \/>\n<link rel=\"canonical\" href=\"https:\/\/mcq.org\/en\/a-propos\/medias\/communiques\/le-musee-de-la-civilisation-recoit-le-prix-de-lindustrie-touristique-de-lannee\/\" \/>\n<meta property=\"og:locale\" content=\"en_US\" \/>\n<meta property=\"og:type\" content=\"article\" \/>\n<meta property=\"og:title\" content=\"Le Mus\u00e9e de la civilisation re\u00e7oit le Prix de l&#039;industrie touristique de l&#039;ann\u00e9e - Communiqu\u00e9 de presse | Mus\u00e9e de la civilisation\" \/>\n<meta property=\"og:description\" content=\"Le Mus\u00e9e de la civilisation re\u00e7oit le Prix de l&#039;industrie touristique de l&#039;ann\u00e9e- communiqu\u00e9 de presse du Mus\u00e9e de la civilisation \u00e0 Qu\u00e9bec.\" \/>\n<meta property=\"og:url\" content=\"https:\/\/mcq.org\/en\/a-propos\/medias\/communiques\/le-musee-de-la-civilisation-recoit-le-prix-de-lindustrie-touristique-de-lannee\/\" \/>\n<meta property=\"og:site_name\" content=\"Mus\u00e9e de la civilisation\" \/>\n<meta property=\"article:publisher\" content=\"https:\/\/www.facebook.com\/mcqorg\" \/>\n<meta property=\"article:modified_time\" content=\"2023-11-03T15:41:00+00:00\" \/>\n<meta property=\"og:image\" content=\"https:\/\/mcq.org\/wp-content\/uploads\/2023\/05\/communiques-presse-generique-exterieur.jpg?ver=1686085659\" \/>\n\t<meta property=\"og:image:width\" content=\"600\" \/>\n\t<meta property=\"og:image:height\" content=\"600\" \/>\n\t<meta property=\"og:image:type\" content=\"image\/jpeg\" \/>\n<meta name=\"twitter:card\" content=\"summary_large_image\" \/>\n<meta name=\"twitter:site\" content=\"@mcqorg\" \/>\n<meta name=\"twitter:label1\" content=\"Est. reading time\" \/>\n\t<meta name=\"twitter:data1\" content=\"2 minutes\" \/>\n<!-- \/ Yoast SEO Premium plugin. -->","yoast_head_json":{"title":"Le Mus\u00e9e de la civilisation re\u00e7oit le Prix de l'industrie touristique de l'ann\u00e9e - Communiqu\u00e9 de presse | Mus\u00e9e de la civilisation","description":"Le Mus\u00e9e de la civilisation re\u00e7oit le Prix de l'industrie touristique de l'ann\u00e9e- communiqu\u00e9 de presse du Mus\u00e9e de la civilisation \u00e0 Qu\u00e9bec.","robots":{"index":"index","follow":"follow","max-snippet":"max-snippet:-1","max-image-preview":"max-image-preview:large","max-video-preview":"max-video-preview:-1"},"canonical":"https:\/\/mcq.org\/en\/a-propos\/medias\/communiques\/le-musee-de-la-civilisation-recoit-le-prix-de-lindustrie-touristique-de-lannee\/","og_locale":"en_US","og_type":"article","og_title":"Le Mus\u00e9e de la civilisation re\u00e7oit le Prix de l'industrie touristique de l'ann\u00e9e - Communiqu\u00e9 de presse | Mus\u00e9e de la civilisation","og_description":"Le Mus\u00e9e de la civilisation re\u00e7oit le Prix de l'industrie touristique de l'ann\u00e9e- communiqu\u00e9 de presse du Mus\u00e9e de la civilisation \u00e0 Qu\u00e9bec.","og_url":"https:\/\/mcq.org\/en\/a-propos\/medias\/communiques\/le-musee-de-la-civilisation-recoit-le-prix-de-lindustrie-touristique-de-lannee\/","og_site_name":"Mus\u00e9e de la civilisation","article_publisher":"https:\/\/www.facebook.com\/mcqorg","article_modified_time":"2023-11-03T15:41:00+00:00","og_image":[{"width":600,"height":600,"url":"https:\/\/mcq.org\/wp-content\/uploads\/2023\/05\/communiques-presse-generique-exterieur.jpg?ver=1686085659","type":"image\/jpeg"}],"twitter_card":"summary_large_image","twitter_site":"@mcqorg","twitter_misc":{"Est. reading time":"2 minutes"},"schema":{"@context":"https:\/\/schema.org","@graph":[{"@type":"WebPage","@id":"https:\/\/mcq.org\/en\/a-propos\/medias\/communiques\/le-musee-de-la-civilisation-recoit-le-prix-de-lindustrie-touristique-de-lannee\/","url":"https:\/\/mcq.org\/en\/a-propos\/medias\/communiques\/le-musee-de-la-civilisation-recoit-le-prix-de-lindustrie-touristique-de-lannee\/","name":"Le Mus\u00e9e de la civilisation re\u00e7oit le Prix de l'industrie touristique de l'ann\u00e9e - Communiqu\u00e9 de presse | Mus\u00e9e de la civilisation","isPartOf":{"@id":"https:\/\/mcq.org\/en\/#website"},"primaryImageOfPage":{"@id":"https:\/\/mcq.org\/en\/a-propos\/medias\/communiques\/le-musee-de-la-civilisation-recoit-le-prix-de-lindustrie-touristique-de-lannee\/#primaryimage"},"image":{"@id":"https:\/\/mcq.org\/en\/a-propos\/medias\/communiques\/le-musee-de-la-civilisation-recoit-le-prix-de-lindustrie-touristique-de-lannee\/#primaryimage"},"thumbnailUrl":"https:\/\/mcq.org\/wp-content\/uploads\/2023\/05\/communiques-presse-generique-exterieur.jpg?ver=1686085659","datePublished":"2023-11-03T15:38:02+00:00","dateModified":"2023-11-03T15:41:00+00:00","description":"Le Mus\u00e9e de la civilisation re\u00e7oit le Prix de l'industrie touristique de l'ann\u00e9e- communiqu\u00e9 de presse du Mus\u00e9e de la civilisation \u00e0 Qu\u00e9bec.","breadcrumb":{"@id":"https:\/\/mcq.org\/en\/a-propos\/medias\/communiques\/le-musee-de-la-civilisation-recoit-le-prix-de-lindustrie-touristique-de-lannee\/#breadcrumb"},"inLanguage":"en-US","potentialAction":[{"@type":"ReadAction","target":["https:\/\/mcq.org\/en\/a-propos\/medias\/communiques\/le-musee-de-la-civilisation-recoit-le-prix-de-lindustrie-touristique-de-lannee\/"]}]},{"@type":"ImageObject","inLanguage":"en-US","@id":"https:\/\/mcq.org\/en\/a-propos\/medias\/communiques\/le-musee-de-la-civilisation-recoit-le-prix-de-lindustrie-touristique-de-lannee\/#primaryimage","url":"https:\/\/mcq.org\/wp-content\/uploads\/2023\/05\/communiques-presse-generique-exterieur.jpg?ver=1686085659","contentUrl":"https:\/\/mcq.org\/wp-content\/uploads\/2023\/05\/communiques-presse-generique-exterieur.jpg?ver=1686085659","width":600,"height":600,"caption":"Vue ext\u00e9rieure en noir et blanc du Mus\u00e9e avec des oriflammes"},{"@type":"BreadcrumbList","@id":"https:\/\/mcq.org\/en\/a-propos\/medias\/communiques\/le-musee-de-la-civilisation-recoit-le-prix-de-lindustrie-touristique-de-lannee\/#breadcrumb","itemListElement":[{"@type":"ListItem","position":1,"name":"Home","item":"https:\/\/mcq.org\/en\/"},{"@type":"ListItem","position":2,"name":"Communiqu\u00e9s presse","item":"https:\/\/mcq.org\/en\/a-propos\/medias\/communiques\/"},{"@type":"ListItem","position":3,"name":"Le Mus\u00e9e de la civilisation re\u00e7oit le Prix de l&rsquo;industrie touristique de l&rsquo;ann\u00e9e"}]},{"@type":"WebSite","@id":"https:\/\/mcq.org\/en\/#website","url":"https:\/\/mcq.org\/en\/","name":"Mus\u00e9e de la civilisation","description":"Le Mus\u00e9e de la civilisation explore les diff\u00e9rentes facettes de la r\u00e9alit\u00e9 humaine avec sa d\u00e9marche unique qui combine enchantement, connaissance et r\u00e9flexion.","publisher":{"@id":"https:\/\/mcq.org\/en\/#organization"},"alternateName":"MCQ","potentialAction":[{"@type":"SearchAction","target":{"@type":"EntryPoint","urlTemplate":"https:\/\/mcq.org\/en\/?s={search_term_string}"},"query-input":{"@type":"PropertyValueSpecification","valueRequired":true,"valueName":"search_term_string"}}],"inLanguage":"en-US"},{"@type":"Organization","@id":"https:\/\/mcq.org\/en\/#organization","name":"Mus\u00e9e de la civilisation","alternateName":"MCQ","url":"https:\/\/mcq.org\/en\/","logo":{"@type":"ImageObject","inLanguage":"en-US","@id":"https:\/\/mcq.org\/en\/#\/schema\/logo\/image\/","url":"https:\/\/mcq.org\/wp-content\/uploads\/2023\/04\/logo-mcq-300x123-1.png","contentUrl":"https:\/\/mcq.org\/wp-content\/uploads\/2023\/04\/logo-mcq-300x123-1.png","width":300,"height":123,"caption":"Mus\u00e9e de la civilisation"},"image":{"@id":"https:\/\/mcq.org\/en\/#\/schema\/logo\/image\/"},"sameAs":["https:\/\/www.facebook.com\/mcqorg","https:\/\/x.com\/mcqorg","https:\/\/www.instagram.com\/mcqorg\/","https:\/\/www.linkedin.com\/company\/mcqorg\/"]}]}},"_links":{"self":[{"href":"https:\/\/mcq.org\/en\/wp-json\/wp\/v2\/presse\/13417","targetHints":{"allow":["GET"]}}],"collection":[{"href":"https:\/\/mcq.org\/en\/wp-json\/wp\/v2\/presse"}],"about":[{"href":"https:\/\/mcq.org\/en\/wp-json\/wp\/v2\/types\/presse"}],"version-history":[{"count":2,"href":"https:\/\/mcq.org\/en\/wp-json\/wp\/v2\/presse\/13417\/revisions"}],"predecessor-version":[{"id":13420,"href":"https:\/\/mcq.org\/en\/wp-json\/wp\/v2\/presse\/13417\/revisions\/13420"}],"wp:featuredmedia":[{"embeddable":true,"href":"https:\/\/mcq.org\/en\/wp-json\/wp\/v2\/media\/5939"}],"wp:attachment":[{"href":"https:\/\/mcq.org\/en\/wp-json\/wp\/v2\/media?parent=13417"}],"wp:term":[{"taxonomy":"comm-tax","embeddable":true,"href":"https:\/\/mcq.org\/en\/wp-json\/wp\/v2\/comm-tax?post=13417"}],"curies":[{"name":"wp","href":"https:\/\/api.w.org\/{rel}","templated":true}]}}