{"id":11358,"date":"2023-10-17T13:19:36","date_gmt":"2023-10-17T17:19:36","guid":{"rendered":"https:\/\/mcq.org\/?post_type=presse&#038;p=11358"},"modified":"2023-11-15T14:18:00","modified_gmt":"2023-11-15T19:18:00","slug":"vivre-le-monde-au-musee-de-la-civilisation-ensemble-et-depuis-35-ans-et-plus-que-jamais-tourne-vers-lavenir","status":"publish","type":"presse","link":"https:\/\/mcq.org\/en\/a-propos\/medias\/communiques\/vivre-le-monde-au-musee-de-la-civilisation-ensemble-et-depuis-35-ans-et-plus-que-jamais-tourne-vers-lavenir\/","title":{"rendered":"Vivre le monde au Mus\u00e9e de la civilisation\u00a0: ensemble et depuis 35 ans et plus que jamais tourn\u00e9 vers l&#8217;avenir."},"content":{"rendered":"<div  class=\"container contenu-centre\">\n  <div class=\"row justify-content-center\">\n    <div class=\"col-lg-10 col-xl-8\">\n      \n        \n\n<p>Inaugur\u00e9 en 1988, le Mus\u00e9e de la civilisation souffle, cette ann\u00e9e, ses 35\u00a0bougies\u2009! Le Mus\u00e9e de la civilisation, c\u2019est pr\u00e8s de 500 expositions \u00e0 son actif, plus de 225\u2009000\u00a0objets de collections, une centaine de prix et de reconnaissances re\u00e7us, des milliers d\u2019activit\u00e9s de m\u00e9diation culturelle et \u00e9ducative, 20\u2009618\u2009709\u00a0personnes ayant franchi ses portes et 279 employ\u00e9.es de passion et de c\u0153ur\u2009! Sans oublier une \u00e9quipe de 118 b\u00e9n\u00e9voles, qui repr\u00e9sentent 375\u00a0000 heures de b\u00e9n\u00e9volat pour 35 ans de pr\u00e9sence\u2026<\/p>\n<p>Plusieurs fa\u00e7ons de participer aux festivit\u00e9s sont propos\u00e9es, toutes inspir\u00e9es de la th\u00e9matique du d\u00e9veloppement durable, pour un Mus\u00e9e tourn\u00e9 vers l\u2019avenir.<\/p>\n<p>\u00ab\u200935\u00a0ans, c\u2019est la force de l\u2019\u00e2ge. C\u2019est \u00eatre de son temps\u00a0: engag\u00e9, inclusif, innovant, audacieux. Le Mus\u00e9e de la civilisation est plus que jamais en phase avec la soci\u00e9t\u00e9. La programmation actuelle et \u00e0 venir en t\u00e9moigne avec \u00e9loquence\u00a0: <em>Unique en son genre, Pour demain, Voie libre, <\/em>et bient\u00f4t<em> Sur paroles. Le son du rap queb <\/em>et<em> Lutte. Le Qu\u00e9bec dans l\u2019ar\u00e8ne. <\/em>Le Mus\u00e9e participe de fa\u00e7on unique, depuis sa cr\u00e9ation, \u00e0 construire un monde meilleur.\u2009\u00bb<br \/><em>&#8211; <\/em><strong><em>St\u00e9phan La Roche, pr\u00e9sident-directeur g\u00e9n\u00e9ral, Mus\u00e9e de la civilisation<\/em><\/strong><\/p>\n<h2>Vitrine-exposition<em> 35\u00a0ans d\u2019\u00e9motions<\/em><\/h2>\n<p>Pour souligner cet anniversaire tr\u00e8s sp\u00e9cial, le Mus\u00e9e invite la population \u00e0 d\u00e9couvrir &#8211; ou red\u00e9couvrir\u2009- 35 objets issus de 35 expositions marquantes du Mus\u00e9e, dans une vitrine-exposition fascinante et \u00e9clectique qui repr\u00e9sente parfaitement la versatilit\u00e9 et l\u2019approche unique du Mus\u00e9e.<\/p>\n<p><a href=\"https:\/\/collections.mcq.org\/albums\/mcq-fete-35-ans\">https:\/\/collections.mcq.org\/albums\/mcq-fete-35-ans<\/a><\/p>\n<h2><em>Le Mus\u00e9e en personnes<\/em><\/h2>\n<p>Le Mus\u00e9e a trouv\u00e9, dans l\u2019une de ses r\u00e9serves, des milliers d\u2019\u00e9pinglettes m\u00e9talliques multicolores, anciennement utilis\u00e9es pour signifier le droit d\u2019entr\u00e9e au mus\u00e9e. Pour souligner ce 35<sup>e<\/sup>\u00a0anniversaire et dans un \u00e9lan de d\u00e9veloppement durable inspir\u00e9 par l\u2019exposition en cours <em>Pour demain<\/em>, le Mus\u00e9e a r\u00eav\u00e9 d\u2019une installation artistique constitu\u00e9e de ces petites pi\u00e8ces. Il a fait appel \u00e0 Jeanne M\u00e9th\u00e9, ayant \u0153uvr\u00e9 30\u00a0ans au sein de l\u2019\u00e9quipe de mus\u00e9ographie et retrait\u00e9e depuis peu du Mus\u00e9e, pour en assurer la cr\u00e9ation.<\/p>\n<p>\u00ab\u2009J\u2019ai \u00e9t\u00e9 inspir\u00e9e d\u2019un vieux r\u00eave de fabriquer des personnages plus grands que r\u00e9el. <em>Le Mus\u00e9e en personnes<\/em> t\u00e9moigne de l\u2019exp\u00e9rience sociale et humaine que les visiteurs et visiteuses, le Mus\u00e9e<\/p>\n<p>et toutes les personnes qui y travaillent vivent ensemble, et tour \u00e0 tour, depuis toutes ces ann\u00e9es\u00a0: regarder, \u00e9couter, raconter et se raconter.\u2009\u00bb<br \/><em>&#8211;<\/em><strong><em> Jeanne M\u00e9th\u00e9<\/em><\/strong><\/p>\n<h2>Fin de semaine anniversaire les 4 et 5 novembre\u00a0: c\u2019est gratuit\u2009!<\/h2>\n<p>Depuis 35 ans, les familles sont au c\u0153ur de la vie du Mus\u00e9e, soucieux de concevoir depuis toujours une programmation permettant aux membres de toutes les g\u00e9n\u00e9rations de s\u2019y retrouver. Les 4 et 5 novembre prochains, elles sont convi\u00e9es \u00e0 une fin de semaine de c\u00e9l\u00e9brations avec une foule d\u2019activit\u00e9s et un acc\u00e8s enti\u00e8rement gratuit au Mus\u00e9e\u2009! Ateliers, conf\u00e9rence, animation et spectacle de th\u00e9\u00e2tre sont au programme, en plus de toutes les expositions.<\/p>\n<h2>Promotion sp\u00e9ciale sur l\u2019abonnement<\/h2>\n<p>Du 19 au 26 octobre, le Mus\u00e9e offre 35\u00a0% de rabais sur l\u2019achat ou le renouvellement de tous les produits d\u2019abonnement (\u00e0 l\u2019exception des abonnements Engag\u00e9 et Conjoint). Cette offre est applicable \u00e9galement sur l\u2019abonnement cadeau, car offrir le Mus\u00e9e est toujours un pr\u00e9sent inestimable\u2009!<\/p>\n<p>Il est \u00e0 noter que le 21 octobre, \u00e0 13\u00a0h\u00a030, le Ch\u0153ur du Mus\u00e9e offrira un concert intitul\u00e9 <em>D\u2019un seul et m\u00eame souffle<\/em>, en lien avec l\u2019exposition <em>Pour demain, <\/em>dans le Hall du Mus\u00e9e.<\/p>\n<h2>Quelques faits marquants\u00a0:<\/h2>\n<ul>\n<li>19 octobre 1988 : Ouverture du Mus\u00e9e de la civilisation.<\/li>\n<li>27 mars 1990 : Le Mus\u00e9e de la civilisation accueille son millioni\u00e8me visiteur.<\/li>\n<li>1995\u00a0: Int\u00e9gration du Mus\u00e9e de l\u2019Am\u00e9rique fran\u00e7aise au complexe du Mus\u00e9e de la civilisation. Il devient le gardien des archives et des collections du S\u00e9minaire de Qu\u00e9bec.<\/li>\n<li>2005\u00a0: Inauguration du Centre national de conservation et d\u2019\u00e9tudes sur les collections.<\/li>\n<li>2007\u00a0: Le fonds du S\u00e9minaire de Qu\u00e9bec, 1627-1800 est inscrit au registre international M\u00e9moire du monde de l\u2019UNESCO.<\/li>\n<li>15 septembre 2014\u00a0: Incendie au Mus\u00e9e. Les salles sont rouvertes en un temps record.<\/li>\n<li>2017\u00a0: Record de fr\u00e9quentation pour l\u2019exposition <em>Herg\u00e9 \u00e0 Qu\u00e9bec<\/em> avec 420\u2009593\u00a0visiteurs.<\/li>\n<li>2021\u00a0: Le Mus\u00e9e de la civilisation re\u00e7oit le mandat de cr\u00e9er le r\u00e9seau des Espaces bleus.<\/li>\n<li>Les 35\u00a0expositions marquantes retenues pour la vitrine-exposition <em>35 ans d\u2019\u00e9motions<\/em> d\u00e9montrent bien \u00e0 quel point le Mus\u00e9e de la civilisation a toujours \u00e9t\u00e9 \u00e0 l\u2019avant-garde des pratiques mus\u00e9ologiques et dans l\u2019exploration des grands ph\u00e9nom\u00e8nes soci\u00e9taux. Parmi les expositions retenues\u00a0:\n<ul>\n<li>1988\u00a0: <em>M\u00e9moires,<\/em> la premi\u00e8re exposition permanente du Mus\u00e9e (1988-2005) qui a marqu\u00e9 les esprits\u2009;<\/li>\n<li>1989\u00a0: <em>Messages<\/em>, sur l\u2019\u00e9volution des moyens de communication\u2009;<\/li>\n<li>1990\u00a0: <em>\u00c9ph\u00e9m\u00e8re<\/em>, une r\u00e9flexion sur la durabilit\u00e9 des choses et le passage inexorable du temps\u2009;<\/li>\n<li>1992\u00a0: <em>Histoires d\u2019amour et d\u2019\u00e9prouvettes<\/em>, sur la procr\u00e9ation m\u00e9dicalement assist\u00e9e et ses d\u00e9fis\u2009;<\/li>\n<li>1993\u00a0: <em>Travailler\u00a0: nouveau mode d\u2019emploi<\/em>, sur les mutations du monde du travail\u2009;<\/li>\n<li>1998\u00a0: <em>Nous, les Premi\u00e8res Nations, <\/em>premi\u00e8re exposition permanente sur les Premi\u00e8res Nations et les Inuit (1998-2012)\u2009;<\/li>\n<li>2000\u00a0: <em>M\u00e9tissages,<\/em> une exposition pour le passage de l\u2019an\u00a02000, d\u2019apr\u00e8s une id\u00e9e et une conception de Robert Lepage, qui s\u2019inspire de la Renaissance o\u00f9 artistes et scientifiques pouvaient \u00eatre pr\u00e8s les uns des autres dans leurs tentatives de comprendre le monde\u2009;<\/li>\n<li>2005\u00a0: <em>Vox Populi,<\/em> sur la rencontre entre l\u2019id\u00e9al et la r\u00e9alit\u00e9 d\u00e9mocratiques dans l\u2019histoire et l\u2019actualit\u00e9 quotidienne\u2009;<\/li>\n<li>2018\u00a0: <em>Sortir de sa r\u00e9serve\u00a0: 400 objets d\u2019\u00e9motion<\/em> qui propose une immersion dans les collections du Mus\u00e9e par une approche \u00e9clectique\u2009;<\/li>\n<li>2023\u00a0: <em>Unique en son genre<\/em> o\u00f9 il est question des diff\u00e9rentes r\u00e9alit\u00e9s li\u00e9es aux identit\u00e9s de genre et \u00e0 leur transformation dans le temps et selon les cultures, au Qu\u00e9bec comme ailleurs.<\/li>\n<\/ul>\n<\/li>\n<\/ul>\n<p>Photo couverture : Mus\u00e9e de la civilisation, Marie-Jos\u00e9e Marcotte-Ic\u00f4ne<\/p>\n<p style=\"text-align: center;\">\u2014\u00a030\u00a0\u2014<\/p>\n<h2>Relations de presse<\/h2>\n<p><strong>Qu\u00e9bec\u00a0:<br \/><\/strong>Agn\u00e8s Dufour, 418\u00a0643-2158 poste\u00a0433\u2009; courriel\u00a0: <a href=\"mailto:adufour@mcq.org\">adufour@mcq.org<\/a><\/p>\n<p>Anne-Sophie Desmeules, 418\u00a0643-2158 poste 208\u2009; courriel\u00a0: <a href=\"mailto:anne-sophie.desmeules@mcq.org\">anne-sophie.desmeules<u>@mcq.org<\/u><\/a><strong>\u00a0<\/strong><\/p>\n<p><strong>Montr\u00e9al\u00a0:<br \/><\/strong>Rosemonde Gingras, 514\u00a0458-8355\u2009; courriel\u00a0: <a href=\"mailto:rosemonde@rosemondecommunications.com\">rosemonde@rosemondecommunications.com<\/a><\/p>\n\n\n          <\/div>\n  <\/div>\n<\/div>","protected":false},"excerpt":{"rendered":"","protected":false},"featured_media":11356,"parent":0,"menu_order":0,"template":"","comm-tax":[8],"class_list":["post-11358","presse","type-presse","status-publish","has-post-thumbnail","hentry","comm-tax-communique"],"acf":[],"yoast_head":"<!-- This site is optimized with the Yoast SEO Premium plugin v27.3 (Yoast SEO v27.3) - https:\/\/yoast.com\/product\/yoast-seo-premium-wordpress\/ -->\n<title>Vivre le monde au Mus\u00e9e de la civilisation\u00a0: ensemble et depuis 35 ans et plus que jamais tourn\u00e9 vers l&#039;avenir. - Communiqu\u00e9 de presse | Mus\u00e9e de la civilisation<\/title>\n<meta name=\"description\" content=\"Vivre le monde au Mus\u00e9e de la civilisation\u00a0: ensemble et depuis 35 ans et plus que jamais tourn\u00e9 vers l&#039;avenir.- communiqu\u00e9 de presse du Mus\u00e9e de la civilisation \u00e0 Qu\u00e9bec.\" \/>\n<meta name=\"robots\" content=\"index, follow, max-snippet:-1, max-image-preview:large, max-video-preview:-1\" \/>\n<link rel=\"canonical\" href=\"https:\/\/mcq.org\/en\/a-propos\/medias\/communiques\/vivre-le-monde-au-musee-de-la-civilisation-ensemble-et-depuis-35-ans-et-plus-que-jamais-tourne-vers-lavenir\/\" \/>\n<meta property=\"og:locale\" content=\"en_US\" \/>\n<meta property=\"og:type\" content=\"article\" \/>\n<meta property=\"og:title\" content=\"Vivre le monde au Mus\u00e9e de la civilisation\u00a0: ensemble et depuis 35 ans et plus que jamais tourn\u00e9 vers l&#039;avenir. - Communiqu\u00e9 de presse | Mus\u00e9e de la civilisation\" \/>\n<meta property=\"og:description\" content=\"Vivre le monde au Mus\u00e9e de la civilisation\u00a0: ensemble et depuis 35 ans et plus que jamais tourn\u00e9 vers l&#039;avenir.- communiqu\u00e9 de presse du Mus\u00e9e de la civilisation \u00e0 Qu\u00e9bec.\" \/>\n<meta property=\"og:url\" content=\"https:\/\/mcq.org\/en\/a-propos\/medias\/communiques\/vivre-le-monde-au-musee-de-la-civilisation-ensemble-et-depuis-35-ans-et-plus-que-jamais-tourne-vers-lavenir\/\" \/>\n<meta property=\"og:site_name\" content=\"Mus\u00e9e de la civilisation\" \/>\n<meta property=\"article:publisher\" content=\"https:\/\/www.facebook.com\/mcqorg\" \/>\n<meta property=\"article:modified_time\" content=\"2023-11-15T19:18:00+00:00\" \/>\n<meta property=\"og:image\" content=\"https:\/\/mcq.org\/wp-content\/uploads\/2023\/10\/presse-35e-musee.jpg\" \/>\n\t<meta property=\"og:image:width\" content=\"600\" \/>\n\t<meta property=\"og:image:height\" content=\"600\" \/>\n\t<meta property=\"og:image:type\" content=\"image\/jpeg\" \/>\n<meta name=\"twitter:card\" content=\"summary_large_image\" \/>\n<meta name=\"twitter:site\" content=\"@mcqorg\" \/>\n<meta name=\"twitter:label1\" content=\"Est. reading time\" \/>\n\t<meta name=\"twitter:data1\" content=\"5 minutes\" \/>\n<!-- \/ Yoast SEO Premium plugin. -->","yoast_head_json":{"title":"Vivre le monde au Mus\u00e9e de la civilisation\u00a0: ensemble et depuis 35 ans et plus que jamais tourn\u00e9 vers l'avenir. - Communiqu\u00e9 de presse | Mus\u00e9e de la civilisation","description":"Vivre le monde au Mus\u00e9e de la civilisation\u00a0: ensemble et depuis 35 ans et plus que jamais tourn\u00e9 vers l'avenir.- communiqu\u00e9 de presse du Mus\u00e9e de la civilisation \u00e0 Qu\u00e9bec.","robots":{"index":"index","follow":"follow","max-snippet":"max-snippet:-1","max-image-preview":"max-image-preview:large","max-video-preview":"max-video-preview:-1"},"canonical":"https:\/\/mcq.org\/en\/a-propos\/medias\/communiques\/vivre-le-monde-au-musee-de-la-civilisation-ensemble-et-depuis-35-ans-et-plus-que-jamais-tourne-vers-lavenir\/","og_locale":"en_US","og_type":"article","og_title":"Vivre le monde au Mus\u00e9e de la civilisation\u00a0: ensemble et depuis 35 ans et plus que jamais tourn\u00e9 vers l'avenir. - Communiqu\u00e9 de presse | Mus\u00e9e de la civilisation","og_description":"Vivre le monde au Mus\u00e9e de la civilisation\u00a0: ensemble et depuis 35 ans et plus que jamais tourn\u00e9 vers l'avenir.- communiqu\u00e9 de presse du Mus\u00e9e de la civilisation \u00e0 Qu\u00e9bec.","og_url":"https:\/\/mcq.org\/en\/a-propos\/medias\/communiques\/vivre-le-monde-au-musee-de-la-civilisation-ensemble-et-depuis-35-ans-et-plus-que-jamais-tourne-vers-lavenir\/","og_site_name":"Mus\u00e9e de la civilisation","article_publisher":"https:\/\/www.facebook.com\/mcqorg","article_modified_time":"2023-11-15T19:18:00+00:00","og_image":[{"width":600,"height":600,"url":"https:\/\/mcq.org\/wp-content\/uploads\/2023\/10\/presse-35e-musee.jpg","type":"image\/jpeg"}],"twitter_card":"summary_large_image","twitter_site":"@mcqorg","twitter_misc":{"Est. reading time":"5 minutes"},"schema":{"@context":"https:\/\/schema.org","@graph":[{"@type":"WebPage","@id":"https:\/\/mcq.org\/en\/a-propos\/medias\/communiques\/vivre-le-monde-au-musee-de-la-civilisation-ensemble-et-depuis-35-ans-et-plus-que-jamais-tourne-vers-lavenir\/","url":"https:\/\/mcq.org\/en\/a-propos\/medias\/communiques\/vivre-le-monde-au-musee-de-la-civilisation-ensemble-et-depuis-35-ans-et-plus-que-jamais-tourne-vers-lavenir\/","name":"Vivre le monde au Mus\u00e9e de la civilisation\u00a0: ensemble et depuis 35 ans et plus que jamais tourn\u00e9 vers l'avenir. - Communiqu\u00e9 de presse | Mus\u00e9e de la civilisation","isPartOf":{"@id":"https:\/\/mcq.org\/en\/#website"},"primaryImageOfPage":{"@id":"https:\/\/mcq.org\/en\/a-propos\/medias\/communiques\/vivre-le-monde-au-musee-de-la-civilisation-ensemble-et-depuis-35-ans-et-plus-que-jamais-tourne-vers-lavenir\/#primaryimage"},"image":{"@id":"https:\/\/mcq.org\/en\/a-propos\/medias\/communiques\/vivre-le-monde-au-musee-de-la-civilisation-ensemble-et-depuis-35-ans-et-plus-que-jamais-tourne-vers-lavenir\/#primaryimage"},"thumbnailUrl":"https:\/\/mcq.org\/wp-content\/uploads\/2023\/10\/presse-35e-musee.jpg","datePublished":"2023-10-17T17:19:36+00:00","dateModified":"2023-11-15T19:18:00+00:00","description":"Vivre le monde au Mus\u00e9e de la civilisation\u00a0: ensemble et depuis 35 ans et plus que jamais tourn\u00e9 vers l'avenir.- communiqu\u00e9 de presse du Mus\u00e9e de la civilisation \u00e0 Qu\u00e9bec.","breadcrumb":{"@id":"https:\/\/mcq.org\/en\/a-propos\/medias\/communiques\/vivre-le-monde-au-musee-de-la-civilisation-ensemble-et-depuis-35-ans-et-plus-que-jamais-tourne-vers-lavenir\/#breadcrumb"},"inLanguage":"en-US","potentialAction":[{"@type":"ReadAction","target":["https:\/\/mcq.org\/en\/a-propos\/medias\/communiques\/vivre-le-monde-au-musee-de-la-civilisation-ensemble-et-depuis-35-ans-et-plus-que-jamais-tourne-vers-lavenir\/"]}]},{"@type":"ImageObject","inLanguage":"en-US","@id":"https:\/\/mcq.org\/en\/a-propos\/medias\/communiques\/vivre-le-monde-au-musee-de-la-civilisation-ensemble-et-depuis-35-ans-et-plus-que-jamais-tourne-vers-lavenir\/#primaryimage","url":"https:\/\/mcq.org\/wp-content\/uploads\/2023\/10\/presse-35e-musee.jpg","contentUrl":"https:\/\/mcq.org\/wp-content\/uploads\/2023\/10\/presse-35e-musee.jpg","width":600,"height":600,"caption":"Trois personnages g\u00e9ants fabriqu\u00e9s avec des \u00e9pinglettes multicolores sur le quai du Hall du Mus\u00e9e"},{"@type":"BreadcrumbList","@id":"https:\/\/mcq.org\/en\/a-propos\/medias\/communiques\/vivre-le-monde-au-musee-de-la-civilisation-ensemble-et-depuis-35-ans-et-plus-que-jamais-tourne-vers-lavenir\/#breadcrumb","itemListElement":[{"@type":"ListItem","position":1,"name":"Home","item":"https:\/\/mcq.org\/en\/"},{"@type":"ListItem","position":2,"name":"Communiqu\u00e9s presse","item":"https:\/\/mcq.org\/en\/a-propos\/medias\/communiques\/"},{"@type":"ListItem","position":3,"name":"Vivre le monde au Mus\u00e9e de la civilisation\u00a0: ensemble et depuis 35 ans et plus que jamais tourn\u00e9 vers l&rsquo;avenir."}]},{"@type":"WebSite","@id":"https:\/\/mcq.org\/en\/#website","url":"https:\/\/mcq.org\/en\/","name":"Mus\u00e9e de la civilisation","description":"Le Mus\u00e9e de la civilisation explore les diff\u00e9rentes facettes de la r\u00e9alit\u00e9 humaine avec sa d\u00e9marche unique qui combine enchantement, connaissance et r\u00e9flexion.","publisher":{"@id":"https:\/\/mcq.org\/en\/#organization"},"alternateName":"MCQ","potentialAction":[{"@type":"SearchAction","target":{"@type":"EntryPoint","urlTemplate":"https:\/\/mcq.org\/en\/?s={search_term_string}"},"query-input":{"@type":"PropertyValueSpecification","valueRequired":true,"valueName":"search_term_string"}}],"inLanguage":"en-US"},{"@type":"Organization","@id":"https:\/\/mcq.org\/en\/#organization","name":"Mus\u00e9e de la civilisation","alternateName":"MCQ","url":"https:\/\/mcq.org\/en\/","logo":{"@type":"ImageObject","inLanguage":"en-US","@id":"https:\/\/mcq.org\/en\/#\/schema\/logo\/image\/","url":"https:\/\/mcq.org\/wp-content\/uploads\/2023\/04\/logo-mcq-300x123-1.png","contentUrl":"https:\/\/mcq.org\/wp-content\/uploads\/2023\/04\/logo-mcq-300x123-1.png","width":300,"height":123,"caption":"Mus\u00e9e de la civilisation"},"image":{"@id":"https:\/\/mcq.org\/en\/#\/schema\/logo\/image\/"},"sameAs":["https:\/\/www.facebook.com\/mcqorg","https:\/\/x.com\/mcqorg","https:\/\/www.instagram.com\/mcqorg\/","https:\/\/www.linkedin.com\/company\/mcqorg\/"]}]}},"_links":{"self":[{"href":"https:\/\/mcq.org\/en\/wp-json\/wp\/v2\/presse\/11358","targetHints":{"allow":["GET"]}}],"collection":[{"href":"https:\/\/mcq.org\/en\/wp-json\/wp\/v2\/presse"}],"about":[{"href":"https:\/\/mcq.org\/en\/wp-json\/wp\/v2\/types\/presse"}],"version-history":[{"count":6,"href":"https:\/\/mcq.org\/en\/wp-json\/wp\/v2\/presse\/11358\/revisions"}],"predecessor-version":[{"id":11393,"href":"https:\/\/mcq.org\/en\/wp-json\/wp\/v2\/presse\/11358\/revisions\/11393"}],"wp:featuredmedia":[{"embeddable":true,"href":"https:\/\/mcq.org\/en\/wp-json\/wp\/v2\/media\/11356"}],"wp:attachment":[{"href":"https:\/\/mcq.org\/en\/wp-json\/wp\/v2\/media?parent=11358"}],"wp:term":[{"taxonomy":"comm-tax","embeddable":true,"href":"https:\/\/mcq.org\/en\/wp-json\/wp\/v2\/comm-tax?post=11358"}],"curies":[{"name":"wp","href":"https:\/\/api.w.org\/{rel}","templated":true}]}}