{"id":10797,"date":"2023-09-13T13:51:48","date_gmt":"2023-09-13T17:51:48","guid":{"rendered":"https:\/\/mcq.org\/?post_type=presse&#038;p=10797"},"modified":"2023-09-14T11:18:23","modified_gmt":"2023-09-14T15:18:23","slug":"le-musee-de-la-civilisation-ajoute-la-parole-citoyenne-a-son-offre-pluridisciplinaire","status":"publish","type":"presse","link":"https:\/\/mcq.org\/en\/a-propos\/medias\/communiques\/le-musee-de-la-civilisation-ajoute-la-parole-citoyenne-a-son-offre-pluridisciplinaire\/","title":{"rendered":"Le Mus\u00e9e de la civilisation ajoute la parole citoyenne \u00e0 son offre pluridisciplinaire"},"content":{"rendered":"<div  class=\"container contenu-centre\">\n  <div class=\"row justify-content-center\">\n    <div class=\"col-lg-10 col-xl-8\">\n      \n        \n<div  class=\"container contenu-centre\">\n  <div class=\"row justify-content-center\">\n    <div class=\"col-lg-10 col-xl-8\">\n      \n        \n          <\/div>\n  <\/div>\n<\/div>\n\n\n<p>\u00c0 l\u2019aube de son 35<sup>e<\/sup>\u00a0anniversaire, le Mus\u00e9e de la civilisation se d\u00e9marque, une fois de plus, en ajoutant la parole citoyenne \u00e0 son offre d\u2019expositions et de m\u00e9diation culturelle et \u00e9ducative par le biais de <a href=\"https:\/\/mcq.org\/decouvrir\/expositions\/voie-libre\/\"><em>Voie libre<\/em><\/a>, son nouvel espace collectif. <em>Voie libre<\/em> n\u2019est pas une exposition. C\u2019est un lieu d\u2019innovation sociale o\u00f9 les id\u00e9es circulent sans limites avec, comme carburant, des th\u00e8mes d\u2019expositions, des enjeux sociaux et d\u2019actualit\u00e9 ou encore des sujets passionnants. Ces id\u00e9es se croisent et s\u2019entrechoquent parfois, mais toutes convergent vers la m\u00eame destination\u00a0: le d\u00e9veloppement de la pens\u00e9e critique. <em>Voie libre <\/em>est un espace collectif en constante \u00e9volution qu\u2019il faut fr\u00e9quenter souvent\u2009!<\/p>\n<p>Tel un itin\u00e9raire urbain, <em>Voie libre<\/em> a \u00e9t\u00e9 con\u00e7u en six zones, chacune poss\u00e9dant son ambiance et ses caract\u00e9ristiques propres. Comme bougie d\u2019allumage \u00e0 cette prise de parole, qui se d\u00e9ploie sous diff\u00e9rentes formes, des objets li\u00e9s aux expositions, des pi\u00e8ces de collection ainsi que de percutantes cr\u00e9ations r\u00e9alis\u00e9es par des artistes de la r\u00e9gion. Bas\u00e9 sur l\u2019\u00e9thique du vivre-ensemble, en franchissant la porte de <em>Voie libre<\/em>, on peut\u00a0:<\/p>\n<ul>\n<li>se sensibiliser \u00e0<em> la Traverse \u00e0 l\u2019autre<\/em><\/li>\n<li>s\u2019\u00e9couter dans <em>le Parc aux questions<\/em><\/li>\n<li>s\u2019engager \u00e0 l\u2019<em>Intersection des id\u00e9es <\/em><\/li>\n<li>s\u2019exposer dans le <em>Champ des possibles <\/em><\/li>\n<li>s\u2019outiller dans le <em>Chantier de la pens\u00e9e<\/em><\/li>\n<li>souhaiter dans la <em>Vo\u00fbte aux intentions<\/em><\/li>\n<\/ul>\n<h2>Citation<\/h2>\n<p>\u00ab\u2009Depuis 35\u00a0ans, le Mus\u00e9e de la civilisation est en symbiose avec les grands courants sociaux. Au fil des ans, il a affin\u00e9 et adapt\u00e9 ses fa\u00e7ons de faire afin de proposer, \u00e0 ses diverses client\u00e8les, les meilleurs outils pour mieux comprendre le monde qui les entoure et y \u00e9voluer. \u00c0 l\u2019\u00e8re du num\u00e9rique et de l\u2019omnipr\u00e9sence des r\u00e9seaux sociaux, <em>Voie libre<\/em> se veut un lieu rassembleur o\u00f9 le dialogue et les \u00e9changes sont suscit\u00e9s sans barri\u00e8res ni limites, mais toujours dans la bienveillance. Nous sommes convaincus que c\u2019est ainsi que l\u2019on peut se forger une pens\u00e9e critique, cr\u00e9ative et surtout, ouverte \u00e0 l\u2019autre\u2009\u00bb. <em>St\u00e9phan La Roche, pr\u00e9sident-directeur g\u00e9n\u00e9ral, Mus\u00e9e de la civilisation<\/em><em>\u00a0<\/em><\/p>\n<h2>Faits saillants<\/h2>\n<ul>\n<li><em>Voie libre<\/em> offrira une panoplie d\u2019activit\u00e9s pour assurer le d\u00e9veloppement du pouvoir d\u2019agir des individus et de la collectivit\u00e9 tels que des ateliers publics et scolaires, des soir\u00e9es festives, des joutes oratoires et artistiques, des forums et des rencontres.<\/li>\n<li>Trois consultations sont pr\u00e9vues pour permettre l\u2019\u00e9mergence d\u2019un programme de <em>R\u00e9sidences Citoyennes<\/em> mis en \u0153uvre au b\u00e9n\u00e9fice de la communaut\u00e9. Ces s\u00e9ances seront men\u00e9es aupr\u00e8s de diff\u00e9rents groupes et intervenants par Joanna Chevalier et Harry Julmice, deux facilitateurs engag\u00e9s et \u00e0 l\u2019origine du collectif <a href=\"https:\/\/neverwasaverage.com\/\" target=\"_blank\" rel=\"noopener\"><em>Never Was Average.<\/em><\/a>\n<ul>\n<li>L\u2019intersectionnalit\u00e9 au Mus\u00e9e. Une conversation explorant les multiples dimensions de l\u2019identit\u00e9 qu\u00e9b\u00e9coise sous l\u2019angle de la repr\u00e9sentation positive. \u2013 5 octobre<\/li>\n<li>L\u2019accessibilit\u00e9 \u00e0 la culture et au pouvoir. Une conversation sur l\u2019automatisation des communaut\u00e9s sous-repr\u00e9sent\u00e9es lors des \u00e9changes culturels. \u2013 12 octobre<\/li>\n<li>Les intentions inclusives. Une conversation explorant les valeurs et les pratiques de bienveillance qui favorisent le vivre-ensemble citoyen. \u2013 19 octobre<\/li>\n<\/ul>\n<\/li>\n<\/ul>\n<ul>\n<li><strong>Trois \u0153uvres d\u2019art prennent place dans <em>Voie libre <\/em>:<\/strong>\n<ul>\n<li><em>N\u2019entre pas dans mon \u00e2me avec tes chaussures<\/em>, con\u00e7ue gr\u00e2ce \u00e0 une m\u00e9diation culturelle r\u00e9alis\u00e9e avec les organismes <a href=\"https:\/\/infopech.org\/\" target=\"_blank\" rel=\"noopener\">Pech-sherpa<\/a> et l\u2019<a href=\"https:\/\/www.engrenagestroch.org\/\" target=\"_blank\" rel=\"noopener\">Engrenage St-Roch<\/a>\u2009;<\/li>\n<li><em>Trompe-oreille,<\/em> r\u00e9alis\u00e9e par le sc\u00e9nographe et maquettiste Vano Hotton\u2009;<\/li>\n<li><em>L\u2019Agora<\/em>, cr\u00e9\u00e9e par Wartin Pantois.<\/li>\n<\/ul>\n<\/li>\n<li>Un premier \u00e9v\u00e9nement, le 14 septembre, de 18 h 30 \u00e0 21 h, le forum philosophique<em> Rendre l\u2019\u00e9galit\u00e9 possible<\/em>, r\u00e9alis\u00e9 dans le cadre du 50<sup>e<\/sup> anniversaire du <a href=\"https:\/\/csf.gouv.qc.ca\/\" target=\"_blank\" rel=\"noopener\">Conseil du statut de la femme<\/a> en collaboration avec le magazine <a href=\"https:\/\/gazettedesfemmes.ca\/\" target=\"_blank\" rel=\"noopener\"><em>Gazette des femmes<\/em><\/a>. Gratuit. Inscriptions au 418 643-2158 option3 et sur le site Web.<\/li>\n<li><strong>Les partenaires, ayant collabor\u00e9 \u00e0 la mise sur pied de ce nouvel espace collectif et sa future programmation, sont\u00a0:<\/strong>\n<ul>\n<li>le <a href=\"https:\/\/www.mcc.gouv.qc.ca\/\" target=\"_blank\" rel=\"noopener\">minist\u00e8re de la Culture et des Communications<\/a>\u2009;<\/li>\n<li>le <a href=\"http:\/\/www.scn.gouv.qc.ca\/\" target=\"_blank\" rel=\"noopener\">Secr\u00e9tariat \u00e0 la Capitale-Nationale<\/a> gr\u00e2ce \u00e0 son soutien \u00e0 l\u2019incubateur d\u2019innovation mus\u00e9ale\u2009;<\/li>\n<li>la <a href=\"https:\/\/ici.radio-canada.ca\/\" target=\"_blank\" rel=\"noopener\">Soci\u00e9t\u00e9 Radio-Canada<\/a>.<\/li>\n<\/ul>\n<\/li>\n<\/ul>\n<p>De nouvelles collaborations telles que celle avec l\u2019I<a href=\"https:\/\/inrs.ca\/\" target=\"_blank\" rel=\"noopener\">nstitut national de recherche scientifique (INRS)<\/a> s\u2019ajouteront au cours des prochains mois.<\/p>\n<p style=\"text-align: center;\">&#8211;\u00a030\u00a0&#8211;<\/p>\n<h2>Relations de presse<\/h2>\n<p><strong>Qu\u00e9bec\u00a0:<\/strong><\/p>\n<p>Anne-Sophie Desmeules\u00a0: 418\u00a0643-2158, poste\u00a0208\u2009; courriel\u00a0: <a href=\"mailto:anne-sophie.desmeules@mcq.org\">anne-sophie.desmeules@mcq.org<\/a><br \/>Agn\u00e8s Dufour\u00a0: 418\u00a0643-2158 poste\u00a0433\u2009; courriel\u00a0: <a href=\"mailto:agnes.dufour@mcq.org\">agnes.dufour@mcq.org<\/a><\/p>\n<p><strong>Montr\u00e9al\u00a0:<\/strong><\/p>\n<p>Rosemonde Gingras\u00a0: 514\u00a0458-8355\u2009; courriel\u00a0: <a href=\"mailto:rosemonde@rosemondecommunications.com\">rosemonde@rosemondecommunications.com<\/a><\/p>\n\n\n          <\/div>\n  <\/div>\n<\/div>\n\n\n<p><\/p>\n","protected":false},"excerpt":{"rendered":"","protected":false},"featured_media":10800,"parent":0,"menu_order":0,"template":"","comm-tax":[8],"class_list":["post-10797","presse","type-presse","status-publish","has-post-thumbnail","hentry","comm-tax-communique"],"acf":[],"yoast_head":"<!-- This site is optimized with the Yoast SEO Premium plugin v27.3 (Yoast SEO v27.3) - https:\/\/yoast.com\/product\/yoast-seo-premium-wordpress\/ -->\n<title>Le Mus\u00e9e de la civilisation ajoute la parole citoyenne \u00e0 son offre pluridisciplinaire - Communiqu\u00e9 de presse | Mus\u00e9e de la civilisation<\/title>\n<meta name=\"description\" content=\"Le Mus\u00e9e de la civilisation ajoute la parole citoyenne \u00e0 son offre pluridisciplinaire- communiqu\u00e9 de presse du Mus\u00e9e de la civilisation \u00e0 Qu\u00e9bec.\" \/>\n<meta name=\"robots\" content=\"index, follow, max-snippet:-1, max-image-preview:large, max-video-preview:-1\" \/>\n<link rel=\"canonical\" href=\"https:\/\/mcq.org\/en\/a-propos\/medias\/communiques\/le-musee-de-la-civilisation-ajoute-la-parole-citoyenne-a-son-offre-pluridisciplinaire\/\" \/>\n<meta property=\"og:locale\" content=\"en_US\" \/>\n<meta property=\"og:type\" content=\"article\" \/>\n<meta property=\"og:title\" content=\"Le Mus\u00e9e de la civilisation ajoute la parole citoyenne \u00e0 son offre pluridisciplinaire - Communiqu\u00e9 de presse | Mus\u00e9e de la civilisation\" \/>\n<meta property=\"og:description\" content=\"Le Mus\u00e9e de la civilisation ajoute la parole citoyenne \u00e0 son offre pluridisciplinaire- communiqu\u00e9 de presse du Mus\u00e9e de la civilisation \u00e0 Qu\u00e9bec.\" \/>\n<meta property=\"og:url\" content=\"https:\/\/mcq.org\/en\/a-propos\/medias\/communiques\/le-musee-de-la-civilisation-ajoute-la-parole-citoyenne-a-son-offre-pluridisciplinaire\/\" \/>\n<meta property=\"og:site_name\" content=\"Mus\u00e9e de la civilisation\" \/>\n<meta property=\"article:publisher\" content=\"https:\/\/www.facebook.com\/mcqorg\" \/>\n<meta property=\"article:modified_time\" content=\"2023-09-14T15:18:23+00:00\" \/>\n<meta property=\"og:image\" content=\"https:\/\/mcq.org\/wp-content\/uploads\/2023\/09\/presse-voie-libre.jpg\" \/>\n\t<meta property=\"og:image:width\" content=\"600\" \/>\n\t<meta property=\"og:image:height\" content=\"600\" \/>\n\t<meta property=\"og:image:type\" content=\"image\/jpeg\" \/>\n<meta name=\"twitter:card\" content=\"summary_large_image\" \/>\n<meta name=\"twitter:site\" content=\"@mcqorg\" \/>\n<meta name=\"twitter:label1\" content=\"Est. reading time\" \/>\n\t<meta name=\"twitter:data1\" content=\"4 minutes\" \/>\n<!-- \/ Yoast SEO Premium plugin. -->","yoast_head_json":{"title":"Le Mus\u00e9e de la civilisation ajoute la parole citoyenne \u00e0 son offre pluridisciplinaire - Communiqu\u00e9 de presse | Mus\u00e9e de la civilisation","description":"Le Mus\u00e9e de la civilisation ajoute la parole citoyenne \u00e0 son offre pluridisciplinaire- communiqu\u00e9 de presse du Mus\u00e9e de la civilisation \u00e0 Qu\u00e9bec.","robots":{"index":"index","follow":"follow","max-snippet":"max-snippet:-1","max-image-preview":"max-image-preview:large","max-video-preview":"max-video-preview:-1"},"canonical":"https:\/\/mcq.org\/en\/a-propos\/medias\/communiques\/le-musee-de-la-civilisation-ajoute-la-parole-citoyenne-a-son-offre-pluridisciplinaire\/","og_locale":"en_US","og_type":"article","og_title":"Le Mus\u00e9e de la civilisation ajoute la parole citoyenne \u00e0 son offre pluridisciplinaire - Communiqu\u00e9 de presse | Mus\u00e9e de la civilisation","og_description":"Le Mus\u00e9e de la civilisation ajoute la parole citoyenne \u00e0 son offre pluridisciplinaire- communiqu\u00e9 de presse du Mus\u00e9e de la civilisation \u00e0 Qu\u00e9bec.","og_url":"https:\/\/mcq.org\/en\/a-propos\/medias\/communiques\/le-musee-de-la-civilisation-ajoute-la-parole-citoyenne-a-son-offre-pluridisciplinaire\/","og_site_name":"Mus\u00e9e de la civilisation","article_publisher":"https:\/\/www.facebook.com\/mcqorg","article_modified_time":"2023-09-14T15:18:23+00:00","og_image":[{"width":600,"height":600,"url":"https:\/\/mcq.org\/wp-content\/uploads\/2023\/09\/presse-voie-libre.jpg","type":"image\/jpeg"}],"twitter_card":"summary_large_image","twitter_site":"@mcqorg","twitter_misc":{"Est. reading time":"4 minutes"},"schema":{"@context":"https:\/\/schema.org","@graph":[{"@type":"WebPage","@id":"https:\/\/mcq.org\/en\/a-propos\/medias\/communiques\/le-musee-de-la-civilisation-ajoute-la-parole-citoyenne-a-son-offre-pluridisciplinaire\/","url":"https:\/\/mcq.org\/en\/a-propos\/medias\/communiques\/le-musee-de-la-civilisation-ajoute-la-parole-citoyenne-a-son-offre-pluridisciplinaire\/","name":"Le Mus\u00e9e de la civilisation ajoute la parole citoyenne \u00e0 son offre pluridisciplinaire - Communiqu\u00e9 de presse | Mus\u00e9e de la civilisation","isPartOf":{"@id":"https:\/\/mcq.org\/en\/#website"},"primaryImageOfPage":{"@id":"https:\/\/mcq.org\/en\/a-propos\/medias\/communiques\/le-musee-de-la-civilisation-ajoute-la-parole-citoyenne-a-son-offre-pluridisciplinaire\/#primaryimage"},"image":{"@id":"https:\/\/mcq.org\/en\/a-propos\/medias\/communiques\/le-musee-de-la-civilisation-ajoute-la-parole-citoyenne-a-son-offre-pluridisciplinaire\/#primaryimage"},"thumbnailUrl":"https:\/\/mcq.org\/wp-content\/uploads\/2023\/09\/presse-voie-libre.jpg","datePublished":"2023-09-13T17:51:48+00:00","dateModified":"2023-09-14T15:18:23+00:00","description":"Le Mus\u00e9e de la civilisation ajoute la parole citoyenne \u00e0 son offre pluridisciplinaire- communiqu\u00e9 de presse du Mus\u00e9e de la civilisation \u00e0 Qu\u00e9bec.","breadcrumb":{"@id":"https:\/\/mcq.org\/en\/a-propos\/medias\/communiques\/le-musee-de-la-civilisation-ajoute-la-parole-citoyenne-a-son-offre-pluridisciplinaire\/#breadcrumb"},"inLanguage":"en-US","potentialAction":[{"@type":"ReadAction","target":["https:\/\/mcq.org\/en\/a-propos\/medias\/communiques\/le-musee-de-la-civilisation-ajoute-la-parole-citoyenne-a-son-offre-pluridisciplinaire\/"]}]},{"@type":"ImageObject","inLanguage":"en-US","@id":"https:\/\/mcq.org\/en\/a-propos\/medias\/communiques\/le-musee-de-la-civilisation-ajoute-la-parole-citoyenne-a-son-offre-pluridisciplinaire\/#primaryimage","url":"https:\/\/mcq.org\/wp-content\/uploads\/2023\/09\/presse-voie-libre.jpg","contentUrl":"https:\/\/mcq.org\/wp-content\/uploads\/2023\/09\/presse-voie-libre.jpg","width":600,"height":600,"caption":"Deux jeunes femmes \u00e9crivent sur un tableau noir."},{"@type":"BreadcrumbList","@id":"https:\/\/mcq.org\/en\/a-propos\/medias\/communiques\/le-musee-de-la-civilisation-ajoute-la-parole-citoyenne-a-son-offre-pluridisciplinaire\/#breadcrumb","itemListElement":[{"@type":"ListItem","position":1,"name":"Home","item":"https:\/\/mcq.org\/en\/"},{"@type":"ListItem","position":2,"name":"Communiqu\u00e9s presse","item":"https:\/\/mcq.org\/en\/a-propos\/medias\/communiques\/"},{"@type":"ListItem","position":3,"name":"Le Mus\u00e9e de la civilisation ajoute la parole citoyenne \u00e0 son offre pluridisciplinaire"}]},{"@type":"WebSite","@id":"https:\/\/mcq.org\/en\/#website","url":"https:\/\/mcq.org\/en\/","name":"Mus\u00e9e de la civilisation","description":"Le Mus\u00e9e de la civilisation explore les diff\u00e9rentes facettes de la r\u00e9alit\u00e9 humaine avec sa d\u00e9marche unique qui combine enchantement, connaissance et r\u00e9flexion.","publisher":{"@id":"https:\/\/mcq.org\/en\/#organization"},"alternateName":"MCQ","potentialAction":[{"@type":"SearchAction","target":{"@type":"EntryPoint","urlTemplate":"https:\/\/mcq.org\/en\/?s={search_term_string}"},"query-input":{"@type":"PropertyValueSpecification","valueRequired":true,"valueName":"search_term_string"}}],"inLanguage":"en-US"},{"@type":"Organization","@id":"https:\/\/mcq.org\/en\/#organization","name":"Mus\u00e9e de la civilisation","alternateName":"MCQ","url":"https:\/\/mcq.org\/en\/","logo":{"@type":"ImageObject","inLanguage":"en-US","@id":"https:\/\/mcq.org\/en\/#\/schema\/logo\/image\/","url":"https:\/\/mcq.org\/wp-content\/uploads\/2023\/04\/logo-mcq-300x123-1.png","contentUrl":"https:\/\/mcq.org\/wp-content\/uploads\/2023\/04\/logo-mcq-300x123-1.png","width":300,"height":123,"caption":"Mus\u00e9e de la civilisation"},"image":{"@id":"https:\/\/mcq.org\/en\/#\/schema\/logo\/image\/"},"sameAs":["https:\/\/www.facebook.com\/mcqorg","https:\/\/x.com\/mcqorg","https:\/\/www.instagram.com\/mcqorg\/","https:\/\/www.linkedin.com\/company\/mcqorg\/"]}]}},"_links":{"self":[{"href":"https:\/\/mcq.org\/en\/wp-json\/wp\/v2\/presse\/10797","targetHints":{"allow":["GET"]}}],"collection":[{"href":"https:\/\/mcq.org\/en\/wp-json\/wp\/v2\/presse"}],"about":[{"href":"https:\/\/mcq.org\/en\/wp-json\/wp\/v2\/types\/presse"}],"version-history":[{"count":4,"href":"https:\/\/mcq.org\/en\/wp-json\/wp\/v2\/presse\/10797\/revisions"}],"predecessor-version":[{"id":10808,"href":"https:\/\/mcq.org\/en\/wp-json\/wp\/v2\/presse\/10797\/revisions\/10808"}],"wp:featuredmedia":[{"embeddable":true,"href":"https:\/\/mcq.org\/en\/wp-json\/wp\/v2\/media\/10800"}],"wp:attachment":[{"href":"https:\/\/mcq.org\/en\/wp-json\/wp\/v2\/media?parent=10797"}],"wp:term":[{"taxonomy":"comm-tax","embeddable":true,"href":"https:\/\/mcq.org\/en\/wp-json\/wp\/v2\/comm-tax?post=10797"}],"curies":[{"name":"wp","href":"https:\/\/api.w.org\/{rel}","templated":true}]}}