{"id":10721,"date":"2023-09-07T13:37:58","date_gmt":"2023-09-07T17:37:58","guid":{"rendered":"https:\/\/mcq.org\/?post_type=presse&#038;p=10721"},"modified":"2023-09-07T13:37:58","modified_gmt":"2023-09-07T17:37:58","slug":"cet-automne-quebec-est-hip-hop-avec-webster-lorchestre-symphonique-de-quebec-et-le-musee-de-la-civilisation","status":"publish","type":"presse","link":"https:\/\/mcq.org\/en\/a-propos\/medias\/communiques\/cet-automne-quebec-est-hip-hop-avec-webster-lorchestre-symphonique-de-quebec-et-le-musee-de-la-civilisation\/","title":{"rendered":"Cet automne, Qu\u00e9bec est hip-hop avec Webster, l\u2019Orchestre symphonique de Qu\u00e9bec et le Mus\u00e9e de la civilisation"},"content":{"rendered":"<div  class=\"container contenu-centre\">\n  <div class=\"row justify-content-center\">\n    <div class=\"col-lg-10 col-xl-8\">\n      \n        \n\n<p>La culture hip-hop c\u00e9l\u00e8bre ses 50 ans\u2009! Pour souligner et reconna\u00eetre le parcours et l\u2019impact de ce mouvement au Qu\u00e9bec, l\u2019<a href=\"https:\/\/www.osq.org\/\" target=\"_blank\" rel=\"noopener\">Orchestre symphonique de Qu\u00e9bec<\/a> et le Mus\u00e9e de la civilisation pr\u00e9sentent leurs projets respectifs initi\u00e9s et d\u00e9velopp\u00e9s avec l\u2019artiste hip-hop et conf\u00e9rencier Webster. Ce dernier a d\u2019ailleurs pris le temps d\u2019en offrir un avant-go\u00fbt avec une prestation de rue improvis\u00e9e sur la rue St-Jean.<\/p>\n<h2>Hip-hop \u00e0 l\u2019Orchestre<\/h2>\n<p>Les 6 et 7 octobre prochains, l\u2019<a href=\"https:\/\/www.osq.org\/concerts\/hip-hop-quebecois\/\" target=\"_blank\" rel=\"noopener\">Orchestre c\u00e9l\u00e8brera le hip-hop qu\u00e9b\u00e9cois<\/a> en retra\u00e7ant les 40 ans de ce mouvement culturel d\u00e9sormais incontournable, en revisitant ses grands classiques. Les diff\u00e9rentes sections d\u2019instruments de l\u2019Orchestre mettront en valeur les textes riches et percutants de ces po\u00e9tesses et po\u00e8tes ayant d\u00e9fini le genre au Qu\u00e9bec. Sous la direction du chef Dmitri Zrajevski, et en compagnie de Mari\u00e8me \u00e0 l\u2019animation ainsi que de nombreux artistes invit\u00e9s, ce spectacle enlevant permettra aux amateurs d\u2019entendre, en version symphonique, ces chansons qui les ont vus grandir. Pour les n\u00e9ophytes, ce sera une belle occasion d\u2019entrer en contact avec cette culture qui a pris racine dans les ghettos new-yorkais au cours des ann\u00e9es 1970.<\/p>\n<p>\u00a0<\/p>\n<h2>Hip-hop au mus\u00e9e<\/h2>\n<p>D\u00e8s le 10 novembre, le Mus\u00e9e de la civilisation ouvrira les portes de l\u2019exposition <a href=\"https:\/\/mcq.org\/decouvrir\/expositions\/sur-paroles\/\"><em>Sur paroles. Le son du rap queb<\/em><\/a>. On y d\u00e9couvrira comment le hip-hop a fait son apparition au Qu\u00e9bec \u00e0 la fin des ann\u00e9es 1970. Longtemps consid\u00e9r\u00e9 comme une culture marginale, ce genre musical occupe maintenant une place importante dans la soci\u00e9t\u00e9 qu\u00e9b\u00e9coise. On verra comment, d\u2019hier \u00e0 aujourd\u2019hui, cette culture engag\u00e9e est symbole de diversit\u00e9 culturelle et sociale, faisant r\u00e9sonner des pr\u00e9occupations et provoquant des changements culturels importants, et comment son \u00e9volution t\u00e9moigne du chemin travers\u00e9 pour reconna\u00eetre et faire entendre toutes les voix qu\u00e9b\u00e9coises, mais aussi de celui qu\u2019il reste \u00e0 parcourir.<\/p>\n<p>\u00a0<\/p>\n<p><strong>Liens connexes\u00a0:<\/strong><\/p>\n<p><a href=\"https:\/\/www.osq.org\/concerts\/hip-hop-quebecois\/\">https:\/\/www.osq.org\/concerts\/hip-hop-quebecois\/<\/a><\/p>\n<p><a href=\"http:\/\/www.websterls.com\">http:\/\/www.websterls.com<\/a><\/p>\n<p style=\"text-align: center;\">&#8211;\u00a030 &#8211;<\/p>\n<p>\u00a0<\/p>\n<p><strong>Relations de presse\u00a0MCQ\u00a0<\/strong><\/p>\n<p><strong>Qu\u00e9bec\u00a0:<\/strong> <br \/>Anne-Sophie Desmeules\u00a0: 418\u00a0643-2158, poste 208\u2009; courriel\u00a0: <a href=\"mailto:anne-sophie.desmeules@mcq.org\">anne-sophie.desmeules@mcq.org<\/a><\/p>\n<p><strong>Montr\u00e9al\u00a0:<\/strong> <br \/>Rosemonde Gingras\u00a0: 514\u00a0458-8355\u2009; courriel\u00a0: <a href=\"mailto:rosemonde@rosemondecommunications.com\">rosemonde@rosemondecommunications.com<\/a><\/p>\n<p><strong>\u00a0<\/strong><\/p>\n<p><strong>Relations de presse OSQ\u00a0<\/strong><\/p>\n<p>Carl Langelier\u00a0: 418\u00a0808-6281\u2009; courriel\u00a0: <a href=\"mailto:clangelier@osq.org\">clangelier@osq.org<\/a><\/p>\n\n\n          <\/div>\n  <\/div>\n<\/div>","protected":false},"excerpt":{"rendered":"","protected":false},"featured_media":10722,"parent":0,"menu_order":0,"template":"","comm-tax":[8],"class_list":["post-10721","presse","type-presse","status-publish","has-post-thumbnail","hentry","comm-tax-communique"],"acf":[],"yoast_head":"<!-- This site is optimized with the Yoast SEO Premium plugin v27.3 (Yoast SEO v27.3) - https:\/\/yoast.com\/product\/yoast-seo-premium-wordpress\/ -->\n<title>Cet automne, Qu\u00e9bec est hip-hop avec Webster, l\u2019Orchestre symphonique de Qu\u00e9bec et le Mus\u00e9e de la civilisation - Communiqu\u00e9 de presse | Mus\u00e9e de la civilisation<\/title>\n<meta name=\"description\" content=\"Cet automne, Qu\u00e9bec est hip-hop avec Webster, l\u2019Orchestre symphonique de Qu\u00e9bec et le Mus\u00e9e de la civilisation- communiqu\u00e9 de presse du Mus\u00e9e de la civilisation \u00e0 Qu\u00e9bec.\" \/>\n<meta name=\"robots\" content=\"index, follow, max-snippet:-1, max-image-preview:large, max-video-preview:-1\" \/>\n<link rel=\"canonical\" href=\"https:\/\/mcq.org\/en\/a-propos\/medias\/communiques\/cet-automne-quebec-est-hip-hop-avec-webster-lorchestre-symphonique-de-quebec-et-le-musee-de-la-civilisation\/\" \/>\n<meta property=\"og:locale\" content=\"en_US\" \/>\n<meta property=\"og:type\" content=\"article\" \/>\n<meta property=\"og:title\" content=\"Cet automne, Qu\u00e9bec est hip-hop avec Webster, l\u2019Orchestre symphonique de Qu\u00e9bec et le Mus\u00e9e de la civilisation - Communiqu\u00e9 de presse | Mus\u00e9e de la civilisation\" \/>\n<meta property=\"og:description\" content=\"Cet automne, Qu\u00e9bec est hip-hop avec Webster, l\u2019Orchestre symphonique de Qu\u00e9bec et le Mus\u00e9e de la civilisation- communiqu\u00e9 de presse du Mus\u00e9e de la civilisation \u00e0 Qu\u00e9bec.\" \/>\n<meta property=\"og:url\" content=\"https:\/\/mcq.org\/en\/a-propos\/medias\/communiques\/cet-automne-quebec-est-hip-hop-avec-webster-lorchestre-symphonique-de-quebec-et-le-musee-de-la-civilisation\/\" \/>\n<meta property=\"og:site_name\" content=\"Mus\u00e9e de la civilisation\" \/>\n<meta property=\"article:publisher\" content=\"https:\/\/www.facebook.com\/mcqorg\" \/>\n<meta property=\"og:image\" content=\"https:\/\/mcq.org\/wp-content\/uploads\/2023\/09\/hip-hop-presse-prelancement.jpg\" \/>\n\t<meta property=\"og:image:width\" content=\"600\" \/>\n\t<meta property=\"og:image:height\" content=\"600\" \/>\n\t<meta property=\"og:image:type\" content=\"image\/jpeg\" \/>\n<meta name=\"twitter:card\" content=\"summary_large_image\" \/>\n<meta name=\"twitter:site\" content=\"@mcqorg\" \/>\n<meta name=\"twitter:label1\" content=\"Est. reading time\" \/>\n\t<meta name=\"twitter:data1\" content=\"2 minutes\" \/>\n<!-- \/ Yoast SEO Premium plugin. -->","yoast_head_json":{"title":"Cet automne, Qu\u00e9bec est hip-hop avec Webster, l\u2019Orchestre symphonique de Qu\u00e9bec et le Mus\u00e9e de la civilisation - Communiqu\u00e9 de presse | Mus\u00e9e de la civilisation","description":"Cet automne, Qu\u00e9bec est hip-hop avec Webster, l\u2019Orchestre symphonique de Qu\u00e9bec et le Mus\u00e9e de la civilisation- communiqu\u00e9 de presse du Mus\u00e9e de la civilisation \u00e0 Qu\u00e9bec.","robots":{"index":"index","follow":"follow","max-snippet":"max-snippet:-1","max-image-preview":"max-image-preview:large","max-video-preview":"max-video-preview:-1"},"canonical":"https:\/\/mcq.org\/en\/a-propos\/medias\/communiques\/cet-automne-quebec-est-hip-hop-avec-webster-lorchestre-symphonique-de-quebec-et-le-musee-de-la-civilisation\/","og_locale":"en_US","og_type":"article","og_title":"Cet automne, Qu\u00e9bec est hip-hop avec Webster, l\u2019Orchestre symphonique de Qu\u00e9bec et le Mus\u00e9e de la civilisation - Communiqu\u00e9 de presse | Mus\u00e9e de la civilisation","og_description":"Cet automne, Qu\u00e9bec est hip-hop avec Webster, l\u2019Orchestre symphonique de Qu\u00e9bec et le Mus\u00e9e de la civilisation- communiqu\u00e9 de presse du Mus\u00e9e de la civilisation \u00e0 Qu\u00e9bec.","og_url":"https:\/\/mcq.org\/en\/a-propos\/medias\/communiques\/cet-automne-quebec-est-hip-hop-avec-webster-lorchestre-symphonique-de-quebec-et-le-musee-de-la-civilisation\/","og_site_name":"Mus\u00e9e de la civilisation","article_publisher":"https:\/\/www.facebook.com\/mcqorg","og_image":[{"width":600,"height":600,"url":"https:\/\/mcq.org\/wp-content\/uploads\/2023\/09\/hip-hop-presse-prelancement.jpg","type":"image\/jpeg"}],"twitter_card":"summary_large_image","twitter_site":"@mcqorg","twitter_misc":{"Est. reading time":"2 minutes"},"schema":{"@context":"https:\/\/schema.org","@graph":[{"@type":"WebPage","@id":"https:\/\/mcq.org\/en\/a-propos\/medias\/communiques\/cet-automne-quebec-est-hip-hop-avec-webster-lorchestre-symphonique-de-quebec-et-le-musee-de-la-civilisation\/","url":"https:\/\/mcq.org\/en\/a-propos\/medias\/communiques\/cet-automne-quebec-est-hip-hop-avec-webster-lorchestre-symphonique-de-quebec-et-le-musee-de-la-civilisation\/","name":"Cet automne, Qu\u00e9bec est hip-hop avec Webster, l\u2019Orchestre symphonique de Qu\u00e9bec et le Mus\u00e9e de la civilisation - Communiqu\u00e9 de presse | Mus\u00e9e de la civilisation","isPartOf":{"@id":"https:\/\/mcq.org\/en\/#website"},"primaryImageOfPage":{"@id":"https:\/\/mcq.org\/en\/a-propos\/medias\/communiques\/cet-automne-quebec-est-hip-hop-avec-webster-lorchestre-symphonique-de-quebec-et-le-musee-de-la-civilisation\/#primaryimage"},"image":{"@id":"https:\/\/mcq.org\/en\/a-propos\/medias\/communiques\/cet-automne-quebec-est-hip-hop-avec-webster-lorchestre-symphonique-de-quebec-et-le-musee-de-la-civilisation\/#primaryimage"},"thumbnailUrl":"https:\/\/mcq.org\/wp-content\/uploads\/2023\/09\/hip-hop-presse-prelancement.jpg","datePublished":"2023-09-07T17:37:58+00:00","description":"Cet automne, Qu\u00e9bec est hip-hop avec Webster, l\u2019Orchestre symphonique de Qu\u00e9bec et le Mus\u00e9e de la civilisation- communiqu\u00e9 de presse du Mus\u00e9e de la civilisation \u00e0 Qu\u00e9bec.","breadcrumb":{"@id":"https:\/\/mcq.org\/en\/a-propos\/medias\/communiques\/cet-automne-quebec-est-hip-hop-avec-webster-lorchestre-symphonique-de-quebec-et-le-musee-de-la-civilisation\/#breadcrumb"},"inLanguage":"en-US","potentialAction":[{"@type":"ReadAction","target":["https:\/\/mcq.org\/en\/a-propos\/medias\/communiques\/cet-automne-quebec-est-hip-hop-avec-webster-lorchestre-symphonique-de-quebec-et-le-musee-de-la-civilisation\/"]}]},{"@type":"ImageObject","inLanguage":"en-US","@id":"https:\/\/mcq.org\/en\/a-propos\/medias\/communiques\/cet-automne-quebec-est-hip-hop-avec-webster-lorchestre-symphonique-de-quebec-et-le-musee-de-la-civilisation\/#primaryimage","url":"https:\/\/mcq.org\/wp-content\/uploads\/2023\/09\/hip-hop-presse-prelancement.jpg","contentUrl":"https:\/\/mcq.org\/wp-content\/uploads\/2023\/09\/hip-hop-presse-prelancement.jpg","width":600,"height":600,"caption":"Radio cassette de couleur dor\u00e9 sur un fond jaune"},{"@type":"BreadcrumbList","@id":"https:\/\/mcq.org\/en\/a-propos\/medias\/communiques\/cet-automne-quebec-est-hip-hop-avec-webster-lorchestre-symphonique-de-quebec-et-le-musee-de-la-civilisation\/#breadcrumb","itemListElement":[{"@type":"ListItem","position":1,"name":"Home","item":"https:\/\/mcq.org\/en\/"},{"@type":"ListItem","position":2,"name":"Communiqu\u00e9s presse","item":"https:\/\/mcq.org\/en\/a-propos\/medias\/communiques\/"},{"@type":"ListItem","position":3,"name":"Cet automne, Qu\u00e9bec est hip-hop avec Webster, l\u2019Orchestre symphonique de Qu\u00e9bec et le Mus\u00e9e de la civilisation"}]},{"@type":"WebSite","@id":"https:\/\/mcq.org\/en\/#website","url":"https:\/\/mcq.org\/en\/","name":"Mus\u00e9e de la civilisation","description":"Le Mus\u00e9e de la civilisation explore les diff\u00e9rentes facettes de la r\u00e9alit\u00e9 humaine avec sa d\u00e9marche unique qui combine enchantement, connaissance et r\u00e9flexion.","publisher":{"@id":"https:\/\/mcq.org\/en\/#organization"},"alternateName":"MCQ","potentialAction":[{"@type":"SearchAction","target":{"@type":"EntryPoint","urlTemplate":"https:\/\/mcq.org\/en\/?s={search_term_string}"},"query-input":{"@type":"PropertyValueSpecification","valueRequired":true,"valueName":"search_term_string"}}],"inLanguage":"en-US"},{"@type":"Organization","@id":"https:\/\/mcq.org\/en\/#organization","name":"Mus\u00e9e de la civilisation","alternateName":"MCQ","url":"https:\/\/mcq.org\/en\/","logo":{"@type":"ImageObject","inLanguage":"en-US","@id":"https:\/\/mcq.org\/en\/#\/schema\/logo\/image\/","url":"https:\/\/mcq.org\/wp-content\/uploads\/2023\/04\/logo-mcq-300x123-1.png","contentUrl":"https:\/\/mcq.org\/wp-content\/uploads\/2023\/04\/logo-mcq-300x123-1.png","width":300,"height":123,"caption":"Mus\u00e9e de la civilisation"},"image":{"@id":"https:\/\/mcq.org\/en\/#\/schema\/logo\/image\/"},"sameAs":["https:\/\/www.facebook.com\/mcqorg","https:\/\/x.com\/mcqorg","https:\/\/www.instagram.com\/mcqorg\/","https:\/\/www.linkedin.com\/company\/mcqorg\/"]}]}},"_links":{"self":[{"href":"https:\/\/mcq.org\/en\/wp-json\/wp\/v2\/presse\/10721","targetHints":{"allow":["GET"]}}],"collection":[{"href":"https:\/\/mcq.org\/en\/wp-json\/wp\/v2\/presse"}],"about":[{"href":"https:\/\/mcq.org\/en\/wp-json\/wp\/v2\/types\/presse"}],"version-history":[{"count":5,"href":"https:\/\/mcq.org\/en\/wp-json\/wp\/v2\/presse\/10721\/revisions"}],"predecessor-version":[{"id":10729,"href":"https:\/\/mcq.org\/en\/wp-json\/wp\/v2\/presse\/10721\/revisions\/10729"}],"wp:featuredmedia":[{"embeddable":true,"href":"https:\/\/mcq.org\/en\/wp-json\/wp\/v2\/media\/10722"}],"wp:attachment":[{"href":"https:\/\/mcq.org\/en\/wp-json\/wp\/v2\/media?parent=10721"}],"wp:term":[{"taxonomy":"comm-tax","embeddable":true,"href":"https:\/\/mcq.org\/en\/wp-json\/wp\/v2\/comm-tax?post=10721"}],"curies":[{"name":"wp","href":"https:\/\/api.w.org\/{rel}","templated":true}]}}